{"id":216966,"date":"2026-01-21T12:21:09","date_gmt":"2026-01-21T12:21:09","guid":{"rendered":"https:\/\/www.europesays.com\/pl\/216966\/"},"modified":"2026-01-21T12:21:09","modified_gmt":"2026-01-21T12:21:09","slug":"wybory-na-wegrzech-piec-partii-odpadlo-co-wskazuja-sondaze","status":"publish","type":"post","link":"https:\/\/www.europesays.com\/pl\/216966\/","title":{"rendered":"Wybory na W\u0119grzech. Pi\u0119\u0107 partii odpad\u0142o. Co wskazuj\u0105 sonda\u017ce?"},"content":{"rendered":"<ul class=\"UnorderedList_container__nmfSl\">\n<li class=\"UnorderedList_listElement__Py7xi\" data-id=\"ai-summary-link\">Du\u017co czytania, a ma\u0142o czasu? Sprawd\u017a\u00a0skr\u00f3t\u00a0artyku\u0142u<\/li>\n<\/ul>\n<p class=\"Paragraph_desktopParagraph__U31Gm\">Kampanijna machina <a href=\"https:\/\/wiadomosci.onet.pl\/swiat\/viktor-orban-walczy-o-przetrwanie-prezydent-wegier-oglosil-termin-wyborow\/xdlr2w0\" id=\"85fe8d8f-56f0-4f5e-b8d4-ae461dac2d30\" rel=\"nofollow noopener\" target=\"_blank\">nabra\u0142a tempa<\/a>. Politycy zje\u017cd\u017caj\u0105 ca\u0142e W\u0119gry. <a href=\"https:\/\/wiadomosci.onet.pl\/swiat\/viktor-orban-ostrzega-wegrow-jesli-nie-bedzie-fideszu-bedzie-wojna\/g457tg9\" id=\"3b9568a8-22e8-4541-abc3-1cc4ab47b14c\" rel=\"nofollow noopener\" target=\"_blank\">Du\u017ca aktywno\u015b\u0107 Fideszu<\/a> i festiwal obietnic, <a href=\"https:\/\/www.onet.pl\/informacje\/onetwiadomosci\/viktor-orban-kontra-peter-magyar-zaciekla-walka-o-przyszlosc-wegier\/qslbc7n,79cfc278\" id=\"842b49fe-4ea7-4608-80fd-8761f12ace1c\" rel=\"nofollow noopener\" target=\"_blank\">straszenia UE i wojn\u0105 w Ukrainie<\/a>, zaczynaj\u0105 by\u0107 widoczne w wynikach sonda\u017cy. Przyk\u0142adem takiej ostrej i bezpardonowej narracji s\u0105 wpisy Orbana na portalu X. W tym z 11 stycznia oskar\u017ca Bruksel\u0119 o ch\u0119\u0107 odebrania W\u0119grom pieni\u0119dzy i oddania ich Ukrainie.<\/p>\n<ul class=\"OchatFollowUps_wrapper__1ry7X\">\n<li class=\"OchatFollowUps_item__Dhyly OchatFollowUps_itemDesktop__R6aBv\">Kiedy odb\u0119d\u0105 si\u0119 wybory na W\u0119grzech?<\/li>\n<li class=\"OchatFollowUps_item__Dhyly OchatFollowUps_itemDesktop__R6aBv\">Jakie partie mog\u0105 zdoby\u0107 miejsca w parlamencie?<\/li>\n<li class=\"OchatFollowUps_item__Dhyly OchatFollowUps_itemDesktop__R6aBv\">Kto jest liderem partii TISZA?<\/li>\n<li class=\"OchatFollowUps_item__Dhyly OchatFollowUps_itemDesktop__R6aBv\">Jakie s\u0105 szanse opozycji na wygranie wybor\u00f3w?<\/li>\n<\/ul>\n<p class=\"Paragraph_desktopParagraph__U31Gm\">O\u015brodki badawcze zwi\u0105zane z parti\u0105 Orbana wskazuj\u0105 na jej rosn\u0105c\u0105 przewag\u0119 nad najwi\u0119ksz\u0105 konkurentk\u0105 parti\u0105 \u2014 centrow\u0105 i proeuropejsk\u0105 TISZ\u0104. Natomiast te bli\u017csze opozycji odnotowuj\u0105 stabilizacj\u0119 notowa\u0144 dw\u00f3ch najwi\u0119kszych ugrupowa\u0144. \u0141\u0105cznie \u015brednie sonda\u017cowe Fideszu i TISZY zbli\u017caj\u0105 si\u0119 do siebie. Pozosta\u0142e ugrupowania s\u0105 pod lub w okolicach progu wyborczego \u2014 5 proc.<\/p>\n<p>Boisko Fideszu <\/p>\n<p class=\"Paragraph_desktopParagraph__U31Gm\">Trzeba tutaj zaznaczy\u0107, \u017ce Orban od wielu lat ustawia\u0142 ordynacj\u0119 wyborcz\u0105 pod siebie. Wi\u0119kszo\u015b\u0107 pos\u0142\u00f3w wybiera si\u0119 w jednoturowych okr\u0119gach jednomandatowych, co premiuje najwi\u0119ksze partie. Od 2024 r. zmieniono granice niekt\u00f3rych z nich, co ma wed\u0142ug opozycji jeszcze bardziej faworyzowa\u0107 Fidesz. W dodatku zlikwidowano dwa okr\u0119gi w jedynym pewnym bastionie opozycji \u2014 Budapeszcie, a utworzono na obszarach wok\u00f3\u0142 miasta. Nietrudno zgadn\u0105\u0107, kto ma tam przewag\u0119.<\/p>\n<p class=\"Paragraph_desktopParagraph__U31Gm\">G\u0142osowa\u0107 w wyborach mog\u0105 W\u0119grzy mieszkaj\u0105cy za granic\u0105. W poprzednich wyborach Fidesz zgarn\u0105\u0142 94 proc. ich g\u0142os\u00f3w. Orban du\u017co zainwestowa\u0142 w poparcie mniejszo\u015bci w\u0119gierskiej na S\u0142owacji, w Rumunii czy w Serbii. Dzi\u0119ki aparatowi w\u0142adzy ma o niebo wi\u0119ksze mo\u017cliwo\u015bci ni\u017c opozycja. Chocia\u017c lider TISZY Peter Magyar stara si\u0119 w kampanii zmieni\u0107 ten stan rzeczy.<\/p>\n<p class=\"Paragraph_desktopParagraph__U31Gm\">W rezultacie opozycja musi wygra\u0107 z Fideszem o co najmniej 3-5 pkt proc przewagi, by mie\u0107 szans\u0119 na wi\u0119kszo\u015b\u0107 rz\u0105dz\u0105c\u0105. Jednak do prawdziwych zmian trzeba 2\/3 mandat\u00f3w, gdy\u017c Fidesz mocno okopa\u0142 si\u0119 w aparacie pa\u0144stwowym i wprowadzi\u0142 zaporowe progi w g\u0142osowaniach w parlamencie.<\/p>\n<p class=\"Paragraph_desktopParagraph__U31Gm\">Na razie \u015brednia sonda\u017cowa na po\u0142ow\u0119 stycznia daje TISZY ok. 45 proc. g\u0142os\u00f3w, a Fideszowi ok. 42 proc. Wida\u0107 te\u017c zbli\u017canie si\u0119 poparcia obu ugrupowa\u0144.<\/p>\n<p><img decoding=\"async\" class=\"Image_image__0tuHp Image_autoHeight__f2n87 \" height=\"402\" width=\"833\" src=\"https:\/\/www.europesays.com\/pl\/wp-content\/uploads\/2026\/01\/HPXk9kpTURBXy8zZThhNjI2MGU0MmE0N2IyOWYzNDMyYWJhZWVkMzE4MS5wbmeSlQLNA6wAwsOVAgDNAkvCw94AA6EwAaExAaEzw.jpeg\" alt=\"\u015arednia sonda\u017cowa na W\u0119grzech na 17 stycznia 2025 r\" loading=\"lazy\" \/>Quinnnnnby \/ Wikipedia<\/p>\n<p>\u015arednia sonda\u017cowa na W\u0119grzech na 17 stycznia 2025 r<\/p>\n<p class=\"Paragraph_desktopParagraph__U31Gm\">Nietrudno zauwa\u017cy\u0107, jak nik\u0142e poparcie maj\u0105 pozosta\u0142e partie opozycyjne. Z wybor\u00f3w wycofa\u0142o si\u0119 ju\u017c pi\u0119\u0107 z 11 komitet\u00f3w, kt\u00f3re startowa\u0142y w ostatnich og\u00f3lnokrajowych wyborach \u2014 do Parlamentu Europejskiego w 2024 r. \u0141\u0105cznie zdoby\u0142y one wtedy ponad 6 proc. g\u0142os\u00f3w. G\u0142os\u00f3w, kt\u00f3re mog\u0105 by\u0107 kluczowe dla wygrania 12 kwietnia.<\/p>\n<p class=\"Paragraph_desktopParagraph__U31Gm\">TISZA zdoby\u0142a w tamtych wyborach prawie 30 proc. g\u0142os\u00f3w, najwi\u0119cej ze wszystkich partii opozycyjnych, a by\u0142y to jej pierwsze wybory. Sama partia powsta\u0142a w 2021 r., jako ruch oddolny, na uboczu g\u0142\u00f3wnej opozycji. Gdy do jej szereg\u00f3w do\u0142\u0105czy\u0142 Peter Magyar nabra\u0142a ona niespotykanej od dawna na W\u0119grzech dynamiki. Zacz\u0119\u0142y si\u0119 demonstracje, spotkania w ca\u0142ym kraju, du\u017ca ofensywa w mediach spo\u0142eczno\u015bciowych. Tego wszystkiego stara sk\u0142\u00f3cona opozycja nie umia\u0142a.<\/p>\n<p><img decoding=\"async\" class=\"Image_image__0tuHp Image_autoHeight__f2n87 \" height=\"587\" width=\"880\" src=\"https:\/\/www.europesays.com\/pl\/wp-content\/uploads\/2026\/01\/PS8k9kpTURBXy9kNDBiYTJlYjVmYjhjYmQxNzA3OTMzMDdiZGNlYmMzMC5qcGeSlQLNA6wAwsOVAgDNAkvCw94AA6EwAaExAaEzw.jpeg\" alt=\"Demonstracja TISZY z grudnia 2025 roku\" loading=\"lazy\" \/>MTI \/ PAP<\/p>\n<p>Demonstracja TISZY z grudnia 2025 roku<\/p>\n<p>Topniej\u0105ca konkurencja <\/p>\n<p class=\"Paragraph_desktopParagraph__U31Gm\">W\u015br\u00f3d rezygnuj\u0105cych ugrupowa\u0144 opr\u00f3cz trzech mini partii: MEMO, MMN by\u0142ego lidera zjednoczonej <a href=\"https:\/\/wiadomosci.onet.pl\/swiat\/peter-marki-zay-oto-kim-jest-lider-opozycji-i-kandydat-na-premiera-wegier\/hzv1p1h\" id=\"55557d7e-6cc3-4486-b43c-f4d08ba55f6f\" rel=\"nofollow noopener\" target=\"_blank\">opozycji z wybor\u00f3w 2022 r. Petra Marki-Zaya<\/a> oraz 2RK by\u0142ego lidera Jobbika, znajduj\u0105 si\u0119 te\u017c dwa filary starej opozycji.<\/p>\n<p class=\"Paragraph_desktopParagraph__U31Gm\">Zieloni z LMP, partii, kt\u00f3ra mimo roz\u0142am\u00f3w i silnej konkurencji na lewicowej opozycji przez lata zachowywa\u0142a samodzielno\u015b\u0107 i swoje grono oddanych wyborc\u00f3w, og\u0142osili w zesz\u0142ym tygodniu, \u017ce wycofuj\u0105 si\u0119 z wybor\u00f3w. Nie chc\u0105 przeszkadza\u0107 wi\u0119kszym partiom \u2014 w domy\u015ble TISZY \u2014 w pokonaniu g\u0142\u00f3wnego konkurenta. Tak\u0105 sam\u0105 decyzj\u0119, jeszcze w zesz\u0142ym roku, podj\u0119li libera\u0142owie z Momentum.<\/p>\n<p class=\"Paragraph_desktopParagraph__U31Gm\">Bardzo pewne jest, \u017ce wyborcy tych partii zdecyduj\u0105 si\u0119 poprze\u0107 TISZ\u0118. Wa\u017cny jest te\u017c rozk\u0142ad poparcia wyborczego. LMP i Momentum maj\u0105 nadal bardzo wysokie poparcie w Budapeszcie. Ich rezygnacja powinna zapewni\u0107 TISZY spok\u00f3j na tym odcinku kampanijnego frontu.<\/p>\n<p class=\"Paragraph_desktopParagraph__U31Gm\">W grze nadal s\u0105 inne partie. Na lewicy mamy postkomunistyczn\u0105 MSZP, kt\u00f3rej to Fidesz odebra\u0142 w\u0142adz\u0119 w 2010 roku oraz centrolewicow\u0105 DK. Demokratyczna Koalicja przez wiele lat by\u0142a g\u0142\u00f3wn\u0105 si\u0142\u0105 opozycyjn\u0105 w kraju. Teraz jednak coraz mniej prawdopodobne jest, \u017ce przekroczy pr\u00f3g wyborczy. Z kolei MSZP, kt\u00f3ra w pierwszej dekadzie XXI w. zgarnia\u0142a po 40 proc. g\u0142os\u00f3w, notuje w sonda\u017cach wyniki w okolicach 0 proc. Jeszcze w eurowyborach w 2024 r. obie partie w koalicji z roz\u0142amowcami z LMP uzyskali prawie 9 proc. g\u0142os\u00f3w. Patrz\u0105c na ich szanse wyborcze, mo\u017cliwe, \u017ce oni te\u017c zrezygnuj\u0105 ze startu.<\/p>\n<p><img decoding=\"async\" class=\"Image_image__0tuHp Image_autoHeight__f2n87 \" height=\"587\" width=\"880\" src=\"https:\/\/www.europesays.com\/pl\/wp-content\/uploads\/2026\/01\/_Dtk9kpTURBXy85MmUyOTc0N2EyMjJiYTMxNDdkNGJhMTRhMzhjMjNiNS5qcGeSlQLNA6wAwsOVAgDNAkvCw94AA6EwAaExAaEzw.jpeg\" alt=\"Plakat eurowyborczy koalicji MSZP-DK-Dialogu z 2024 roku\" loading=\"lazy\" \/>arpasi.bence \/ Shutterstock<\/p>\n<p>Plakat eurowyborczy koalicji MSZP-DK-Dialogu z 2024 roku<\/p>\n<p class=\"Paragraph_desktopParagraph__U31Gm\">Na taki krok zapewne nie zdecyduj\u0105 si\u0119 dwie inne partie, kt\u00f3re uzyskuj\u0105 wyniki w okolicach progu wyborczego. Prawicowy Ruch Naszej Ojczyzny (MHM) plasuje si\u0119 na prawo od Fideszu. Za\u0142o\u017cyli go radykalni dzia\u0142acze bardzo silnej niegdy\u015b partii Jobbik, kt\u00f3ra teraz znajduje si\u0119 na marginesie polityki. MHM najpewniej przekroczy pr\u00f3g i b\u0119dzie jedyn\u0105 obok Fideszu i TISZY parti\u0105 w parlamencie.<\/p>\n<p class=\"Paragraph_desktopParagraph__U31Gm\">W okolicach 3 proc. plasuje si\u0119 kuriozalna W\u0119gierska Partia Psa o Dw\u00f3ch Ogonach. Sama nazwa wskazuje, z jak\u0105 parti\u0105 mamy do czynienia. W 2010 roku propagowa\u0142a has\u0142o &#8222;Mniejszych W\u0119gier&#8221; oraz postulowa\u0142a wprowadzenie dw\u00f3ch zachod\u00f3w s\u0142o\u0144ca. Ta partia absurdu ma jednak pewne poparcie w bastionach opozycji i jej g\u0142osy mog\u0105 by\u0107 w niekt\u00f3rych okr\u0119gach wyborczych do\u015b\u0107 wa\u017cne.<\/p>\n<p class=\"Paragraph_desktopParagraph__U31Gm\">12 kwietnia by\u0107 mo\u017ce dojdzie do zmiany warty nad Balatonem. Ale na razie wida\u0107, \u017ce Orban zrobi wszystko, by zachowa\u0107 w\u0142adz\u0119. A poprzednie wybory, zw\u0142aszcza w 2022 r. pokaza\u0142y, \u017ce umie po mistrzowsku poprowadzi\u0107 kampani\u0119. Na pewno czeka nas za\u017carty pojedynek, kt\u00f3rego rezultat wp\u0142ynie na ca\u0142\u0105 Europ\u0119, w tym Polsk\u0119.<\/p>\n","protected":false},"excerpt":{"rendered":"Du\u017co czytania, a ma\u0142o czasu? Sprawd\u017a\u00a0skr\u00f3t\u00a0artyku\u0142u Kampanijna machina nabra\u0142a tempa. Politycy zje\u017cd\u017caj\u0105 ca\u0142e W\u0119gry. Du\u017ca aktywno\u015b\u0107 Fideszu i&hellip;\n","protected":false},"author":2,"featured_media":216967,"comment_status":"","ping_status":"","sticky":false,"template":"","format":"standard","meta":{"footnotes":""},"categories":[14],"tags":[32,33,66,27,34,35,28,31,53,25,52,68,51,55,40,41,47,1129,80,29,30,50,1233,1234,26,82,83,84,3654],"class_list":{"0":"post-216966","1":"post","2":"type-post","3":"status-publish","4":"format-standard","5":"has-post-thumbnail","7":"category-swiat","8":"tag-breaking-news","9":"tag-breakingnews","10":"tag-give_me_perspective","11":"tag-headlines","12":"tag-latest-news","13":"tag-latestnews","14":"tag-naglowki","15":"tag-najwazniejsze-artykuly","16":"tag-new_header","17":"tag-news","18":"tag-onet3","19":"tag-onet3d","20":"tag-onet3d_2i","21":"tag-phx","22":"tag-polish","23":"tag-polski","24":"tag-screening_general","25":"tag-sondaze_sondaz","26":"tag-swiat","27":"tag-top-stories","28":"tag-topstories","29":"tag-v2021","30":"tag-viktor_orban_wegierski_polityk","31":"tag-wegry_wegier_wegierka_wegrzy","32":"tag-wiadomosci","33":"tag-world","34":"tag-world-news","35":"tag-worldnews","36":"tag-wybory"},"share_on_mastodon":{"url":"https:\/\/pubeurope.com\/@pl\/115933065207611608","error":""},"_links":{"self":[{"href":"https:\/\/www.europesays.com\/pl\/wp-json\/wp\/v2\/posts\/216966","targetHints":{"allow":["GET"]}}],"collection":[{"href":"https:\/\/www.europesays.com\/pl\/wp-json\/wp\/v2\/posts"}],"about":[{"href":"https:\/\/www.europesays.com\/pl\/wp-json\/wp\/v2\/types\/post"}],"author":[{"embeddable":true,"href":"https:\/\/www.europesays.com\/pl\/wp-json\/wp\/v2\/users\/2"}],"replies":[{"embeddable":true,"href":"https:\/\/www.europesays.com\/pl\/wp-json\/wp\/v2\/comments?post=216966"}],"version-history":[{"count":0,"href":"https:\/\/www.europesays.com\/pl\/wp-json\/wp\/v2\/posts\/216966\/revisions"}],"wp:featuredmedia":[{"embeddable":true,"href":"https:\/\/www.europesays.com\/pl\/wp-json\/wp\/v2\/media\/216967"}],"wp:attachment":[{"href":"https:\/\/www.europesays.com\/pl\/wp-json\/wp\/v2\/media?parent=216966"}],"wp:term":[{"taxonomy":"category","embeddable":true,"href":"https:\/\/www.europesays.com\/pl\/wp-json\/wp\/v2\/categories?post=216966"},{"taxonomy":"post_tag","embeddable":true,"href":"https:\/\/www.europesays.com\/pl\/wp-json\/wp\/v2\/tags?post=216966"}],"curies":[{"name":"wp","href":"https:\/\/api.w.org\/{rel}","templated":true}]}}