{"id":218125,"date":"2026-01-22T02:04:15","date_gmt":"2026-01-22T02:04:15","guid":{"rendered":"https:\/\/www.europesays.com\/pl\/218125\/"},"modified":"2026-01-22T02:04:15","modified_gmt":"2026-01-22T02:04:15","slug":"hubert-hurkacz-ethan-quinn-relacja-na-zywo-polak-w-grze-o-3-runde-australian-open-live-przeglad-sportowy-onet","status":"publish","type":"post","link":"https:\/\/www.europesays.com\/pl\/218125\/","title":{"rendered":"Hubert Hurkacz &#8211; Ethan Quinn: relacja na \u017cywo. Polak w grze o 3. rund\u0119 Australian Open! LIVE &#8211; Przegl\u0105d Sportowy Onet"},"content":{"rendered":"<ol>\n<li><a href=\"https:\/\/news.google.com\/rss\/articles\/CBMi3AFBVV95cUxOYzBQSFZjSGlOVU1URFJDcUw0aENHX19uYmc4dHlwaFlrdDBoNDFFMU1zUTczbGpua2p0bjlHYnlBZXREaThyWlVQRzlHeHBOSUNNTXR2ZUx6eW9tTXZPUUY0dGwtUkZ4ZFZ3SU5YMDlldUNIU0V5a1l3NU9UVERLZ2h0U2xDbm5ubllCX1huU25SNnJSOGFIVFBTR1g4WkZkTkZVU2MyRXB1OG90dEdOY3F1bk80XzJqZVFVcWh2aVNscHF4SHlpTjdLMFQtMHA1US14M042SkVXSW1t?oc=5\" target=\"_blank\" rel=\"nofollow noopener\">Hubert Hurkacz &#8211; Ethan Quinn: relacja na \u017cywo. Polak w grze o 3. rund\u0119 Australian Open! LIVE<\/a>&nbsp;&nbsp;Przegl\u0105d Sportowy Onet<\/li>\n<li><a href=\"https:\/\/news.google.com\/rss\/articles\/CBMi9gFBVV95cUxQUnhRYmJfYnE5S3ZNdEE3RjRfSDQ3VkFtVDRVMnNyNmcwMVE4SVRQb2ViWnp5LUQ0Z3ByYUVJVTV1RzJyQk9nT2hOUWppWktQNG1WdTYyOWw2SDUxNlBLbVJCTmh1TTBEMlBXQWtsb0pmQmNVcU1MVkRkX1g3MXhRWmZnZUxRQUxkdVljUzhCTW5XS2FPUXQ5SzlTLTVjYzZKV1ljVW1IYzZsVjIyT1dOVHpBRzE5aGNQZmRKVG5oTXh4cUFHVzJwRFBhODFQam9sOFFSZmlsTE1rcW1vWXBzb2JNUTRESG8talQyUlMtWUlMZ2dpMHc?oc=5\" target=\"_blank\" rel=\"nofollow noopener\">Hubert Hurkacz &#8211; Ethan Quinn: wynik na \u017cywo i relacja live &#8211; 2. runda Australian Open 2026<\/a>&nbsp;&nbsp;Eurosport Polska<\/li>\n<li><a href=\"https:\/\/news.google.com\/rss\/articles\/CBMivAFBVV95cUxNYlZDNXZIcm1HZXhGbnk0OU9ycU9MeURBYnBqX2g3T2drZXJZcllrZkw3cFE2S0dvUVI5NF8zOVlkMnU3bHB1Zjc0SjdLVFJPWDI0NUlMV3pXYzVqanNlQVJOQkh2MnBMcWFUTjJQaTFhZnoweGV1VmVkRVpoWXVJaHdkdm8xVVNyeDhBRjhaanlaaHZ0d2JiZ3Yyay0xVC1ibzJVUnA3VHFMR2VtdV9HalQ5elF6VDlYZ080NQ?oc=5\" target=\"_blank\" rel=\"nofollow noopener\">Australian Open: Hubert Hurkacz &#8211; Ethan Quinn. Relacja live i wynik na \u017cywo<\/a>&nbsp;&nbsp;www.polsatsport.pl<\/li>\n<li><a href=\"https:\/\/news.google.com\/rss\/articles\/CBMiwgFBVV95cUxOSUI2aF83YTQ1TlEyclllcnRiRXMtVjhQSlF0QUVmNS13d3l2UGxGb2JFZTVUT3BlTzd5SExzQnVRY00zRlJ0VkVOZ0ZmWFNGcHM3S2xJOVJQTXhfVVVabVV0azV4RGIxM2VpNFRGeld0WWhrWDh3TnRncUJxanRzRkFWNFF4QXRkRXRuNWpDZm9wbDZhRlJ4WGpLRjAyM3U0bDhBYnNUbHQtWlFNVlBaWkVvbUl0ODJRTnZURnRqaHN0QQ?oc=5\" target=\"_blank\" rel=\"nofollow noopener\">Nag\u0142a decyzja rywala Hurkacza. Quinn si\u0119 wycofuje. Razem z Polakiem<\/a>&nbsp;&nbsp;Sport w INTERIA.PL<\/li>\n<li><a href=\"https:\/\/news.google.com\/rss\/articles\/CBMirgFBVV95cUxPNUFCMldvZUJjLVlzNnVCQkFwdnRuSkI0cWM1RzR0U19VNE9MQUNwU1Qxck11ZUMwYmVkdGlNb2xNbkc3ZnhCLWk4Z0JxNmNLaHFqdW1ldmFSVmhWM2pNYlZ0eTNvcWh4RVZzNy1ueHJ6aHR2UTdvcnUzd1J2QlREcEdTTnVBSUFLdy0xZzFaZUVLUXZFR05Nd2hwbFFURlhjTV92UGE0cWZ2MnlGRnc?oc=5\" target=\"_blank\" rel=\"nofollow noopener\">Zaskakuj\u0105ca decyzja. Znamy godziny mecz\u00f3w \u015awi\u0105tek i Hurkacza w 2. rundzie AO Tenis<\/a>&nbsp;&nbsp;Sport.pl<\/li>\n<\/ol>\n","protected":false},"excerpt":{"rendered":"Hubert Hurkacz &#8211; Ethan Quinn: relacja na \u017cywo. Polak w grze o 3. rund\u0119 Australian Open! LIVE&nbsp;&nbsp;Przegl\u0105d Sportowy&hellip;\n","protected":false},"author":2,"featured_media":218126,"comment_status":"","ping_status":"","sticky":false,"template":"","format":"standard","meta":{"footnotes":""},"categories":[24],"tags":[12889,5999,188,186,42,38,40,39,41,136,128,47,127,135,126,130],"class_list":{"0":"post-218125","1":"post","2":"type-post","3":"status-publish","4":"format-standard","5":"has-post-thumbnail","7":"category-sport","8":"tag-australian_open","9":"tag-hubert_hurkacz","10":"tag-liveblog","11":"tag-na_zywo","12":"tag-pl","13":"tag-poland","14":"tag-polish","15":"tag-polska","16":"tag-polski","17":"tag-ps_detal_new","18":"tag-psv2","19":"tag-screening_general","20":"tag-sport","21":"tag-sport_sport","22":"tag-sports","23":"tag-wiadomosci_sportowe"},"share_on_mastodon":{"url":"https:\/\/pubeurope.com\/@pl\/115936301068721250","error":""},"_links":{"self":[{"href":"https:\/\/www.europesays.com\/pl\/wp-json\/wp\/v2\/posts\/218125","targetHints":{"allow":["GET"]}}],"collection":[{"href":"https:\/\/www.europesays.com\/pl\/wp-json\/wp\/v2\/posts"}],"about":[{"href":"https:\/\/www.europesays.com\/pl\/wp-json\/wp\/v2\/types\/post"}],"author":[{"embeddable":true,"href":"https:\/\/www.europesays.com\/pl\/wp-json\/wp\/v2\/users\/2"}],"replies":[{"embeddable":true,"href":"https:\/\/www.europesays.com\/pl\/wp-json\/wp\/v2\/comments?post=218125"}],"version-history":[{"count":0,"href":"https:\/\/www.europesays.com\/pl\/wp-json\/wp\/v2\/posts\/218125\/revisions"}],"wp:featuredmedia":[{"embeddable":true,"href":"https:\/\/www.europesays.com\/pl\/wp-json\/wp\/v2\/media\/218126"}],"wp:attachment":[{"href":"https:\/\/www.europesays.com\/pl\/wp-json\/wp\/v2\/media?parent=218125"}],"wp:term":[{"taxonomy":"category","embeddable":true,"href":"https:\/\/www.europesays.com\/pl\/wp-json\/wp\/v2\/categories?post=218125"},{"taxonomy":"post_tag","embeddable":true,"href":"https:\/\/www.europesays.com\/pl\/wp-json\/wp\/v2\/tags?post=218125"}],"curies":[{"name":"wp","href":"https:\/\/api.w.org\/{rel}","templated":true}]}}