{"id":218133,"date":"2026-01-22T02:53:03","date_gmt":"2026-01-22T02:53:03","guid":{"rendered":"https:\/\/www.europesays.com\/pl\/218133\/"},"modified":"2026-01-22T02:53:03","modified_gmt":"2026-01-22T02:53:03","slug":"sensacja-101-rakieta-swiata-wyrzucila-gwiazde-z-australian-open-potezne-skutki-przeglad-sportowy-onet","status":"publish","type":"post","link":"https:\/\/www.europesays.com\/pl\/218133\/","title":{"rendered":"Sensacja, 101. rakieta \u015bwiata wyrzuci\u0142a gwiazd\u0119 z Australian Open! Pot\u0119\u017cne skutki &#8211; Przegl\u0105d Sportowy Onet"},"content":{"rendered":"<ol>\n<li><a href=\"https:\/\/news.google.com\/rss\/articles\/CBMi2wFBVV95cUxQazNVZTNBanlkbHhQLXNETmk2ZnU4RlhaNEdwRlhUaHRkRHpHY0p1a1pqcm5taTVZU0FfTGxfVWlfZTJjRlR3bV8xTUJMRE1KZjk0V3NlR0g5Vm5DSFBJdGFxSVM5VFRlSGxHU1gwRHFwTVkxN042aUFWZzBJdFNPM2pHdksxWk1qUkY0QlhBd3NwQUZuSnFBTmRkeldpd2VlREt2VGN0bTVyRWJrTzFxb3dxcXhWQm5HY2tEMXB6S2QyWGZJdDBEeFQ5QXd5QWZ5QVlKaV92anNsUWc?oc=5\" target=\"_blank\" rel=\"nofollow noopener\">Sensacja, 101. rakieta \u015bwiata wyrzuci\u0142a gwiazd\u0119 z Australian Open! Pot\u0119\u017cne skutki<\/a>&nbsp;&nbsp;Przegl\u0105d Sportowy Onet<\/li>\n<li><a href=\"https:\/\/news.google.com\/rss\/articles\/CBMiwgFBVV95cUxNUnlCYmtoS0dMVTgwYU90LU5FZlN0akdIOVRMSTdzVjBtT2RIdXlTcGVHOWdtMHVfWXVvQXd3bnoxLXdiWEVDTVJzcVRqMGJkT3NBZjFwVHhWblU0UWg0YnpFYmFrbkZRUzg2UTRpYlBqeExyZVhGQ1ZXXzYtaVJUMUxDY1AxVE45Z1VTX3l2eEpPWC1TSk9RaEVUSmduMkJUaUdlT0EyQ2FBLVB4Q0xGZDh2cjEyM0RnZngxY056Y3V2Zw?oc=5\" target=\"_blank\" rel=\"nofollow noopener\">Smutek u Sabalenki, to Rosjanka gra dalej. Gwiazda WTA za burt\u0105 Australian Open<\/a>&nbsp;&nbsp;Sport w INTERIA.PL<\/li>\n<li><a href=\"https:\/\/news.google.com\/rss\/articles\/CBMiqgFBVV95cUxPRjBzdXdpeDlEeG0ycGRreTJ6WVVDLTZjZWhLc0k5Wk9MVk5VY0VQS0RjaGpZX1FlaFZKeUFrZThuTGtBR3UwZVJNRmJRQzMtSTZlY0xJcFRNYTNwdjhzVDNGb1c5Ykc0WG9zSGRkSE9SS1o5MzhCdGhUSDgyRWhhbnoyanpad0hFU19mODB2ZkZ1Sy13STJlX216LXZVcHZWdFYyZ1A0clhvdw?oc=5\" target=\"_blank\" rel=\"nofollow noopener\">Oksana Selekhmeteva &#8211; Paula Badosa Gibert<\/a>&nbsp;&nbsp;Sport w INTERIA.PL<\/li>\n<li><a href=\"https:\/\/news.google.com\/rss\/articles\/CBMi6wFBVV95cUxNbGd3ajEzNmctLW5OYWVoc2FvSzZ3NU5DV2ZOUWQzOEFGbzZQZDVkN3pRdXpJMU4xNTFVX1h4RVd1cXR6Mzd3VjQ1RVA2Q1NqN1BDaHM5TF9LMU5NQ2ppVG5qcWNjbVJvQl80X0pBNngwRW1VUzI3b2pINzNyRzc1V0RSTEU5dTFOZmdLNVRYWWFkLTN0YXRkaTlvUnR4WTZ1ZU1IeTJjVWo5cjVYUlRuM1JpeUNRYUE1N2QzRU5IYk9WQU5LbGpxaE11T3NpMDY3Ry0zQnR4cDNneTBWa1pQTk5qanNMdm1Hbndv?oc=5\" target=\"_blank\" rel=\"nofollow noopener\">Skr\u00f3t meczu Oksana Sielechmietjewa \u2013 Paula Badosa \u2013 2. runda Australian Open 2026 &#8211; Tennis video<\/a>&nbsp;&nbsp;Eurosport Polska<\/li>\n<\/ol>\n","protected":false},"excerpt":{"rendered":"Sensacja, 101. rakieta \u015bwiata wyrzuci\u0142a gwiazd\u0119 z Australian Open! Pot\u0119\u017cne skutki&nbsp;&nbsp;Przegl\u0105d Sportowy Onet Smutek u Sabalenki, to Rosjanka&hellip;\n","protected":false},"author":2,"featured_media":218134,"comment_status":"","ping_status":"","sticky":false,"template":"","format":"standard","meta":{"footnotes":"","_share_on_mastodon":"0"},"categories":[24],"tags":[12889,67,5220,549,42,38,40,39,41,136,128,47,127,135,126,156],"class_list":["post-218133","post","type-post","status-publish","format-standard","has-post-thumbnail","category-sport","tag-australian_open","tag-intextvideo_splayer","tag-paula_badosa","tag-pber","tag-pl","tag-poland","tag-polish","tag-polska","tag-polski","tag-ps_detal_new","tag-psv2","tag-screening_general","tag-sport","tag-sport_sport","tag-sports","tag-tenis"],"share_on_mastodon":{"url":"https:\/\/pubeurope.com\/@pl\/115936493823604845","error":""},"_links":{"self":[{"href":"https:\/\/www.europesays.com\/pl\/wp-json\/wp\/v2\/posts\/218133","targetHints":{"allow":["GET"]}}],"collection":[{"href":"https:\/\/www.europesays.com\/pl\/wp-json\/wp\/v2\/posts"}],"about":[{"href":"https:\/\/www.europesays.com\/pl\/wp-json\/wp\/v2\/types\/post"}],"author":[{"embeddable":true,"href":"https:\/\/www.europesays.com\/pl\/wp-json\/wp\/v2\/users\/2"}],"replies":[{"embeddable":true,"href":"https:\/\/www.europesays.com\/pl\/wp-json\/wp\/v2\/comments?post=218133"}],"version-history":[{"count":0,"href":"https:\/\/www.europesays.com\/pl\/wp-json\/wp\/v2\/posts\/218133\/revisions"}],"wp:featuredmedia":[{"embeddable":true,"href":"https:\/\/www.europesays.com\/pl\/wp-json\/wp\/v2\/media\/218134"}],"wp:attachment":[{"href":"https:\/\/www.europesays.com\/pl\/wp-json\/wp\/v2\/media?parent=218133"}],"wp:term":[{"taxonomy":"category","embeddable":true,"href":"https:\/\/www.europesays.com\/pl\/wp-json\/wp\/v2\/categories?post=218133"},{"taxonomy":"post_tag","embeddable":true,"href":"https:\/\/www.europesays.com\/pl\/wp-json\/wp\/v2\/tags?post=218133"}],"curies":[{"name":"wp","href":"https:\/\/api.w.org\/{rel}","templated":true}]}}