{"id":218603,"date":"2026-01-22T09:58:07","date_gmt":"2026-01-22T09:58:07","guid":{"rendered":"https:\/\/www.europesays.com\/pl\/218603\/"},"modified":"2026-01-22T09:58:07","modified_gmt":"2026-01-22T09:58:07","slug":"jakub-kiwior-wprost-o-zastepcy-jana-bednarka-w-fc-porto-przeglad-sportowy-onet","status":"publish","type":"post","link":"https:\/\/www.europesays.com\/pl\/218603\/","title":{"rendered":"Jakub Kiwior wprost o zast\u0119pcy Jana Bednarka w FC Porto &#8211; Przegl\u0105d Sportowy Onet"},"content":{"rendered":"<ol>\n<li><a href=\"https:\/\/news.google.com\/rss\/articles\/CBMizgFBVV95cUxNMTUzUUd1UEgyT3ZZVWhZUVJIYWk3ZzFzMVQtdG1lbzlqVlg5NFBoeVFZMk13Q3hwZGZPYUFUYUtlZlhLNUlMNDRBcjBUZ1NEdnd0ZXB2V1JxOVJSSEdqaklDVmpmS1dsMi1jSzFZOXY4U2tDNTlpMTJINlRZcWNlWDJCb1d2STNpVXZZS2dndXBPY3hmck4tNzRVVFNRanFMRzNwTjJOemxLeS1fQVNyb1VtR1pkMFlab2s1Y2RrOWVJVy04ZmpvZXNTbHM5UQ?oc=5\" target=\"_blank\" rel=\"nofollow noopener\">Jakub Kiwior wprost o zast\u0119pcy Jana Bednarka w FC Porto<\/a>&nbsp;&nbsp;Przegl\u0105d Sportowy Onet<\/li>\n<li><a href=\"https:\/\/news.google.com\/rss\/articles\/CBMiuwFBVV95cUxPcXF2MGJQM2EyQ2dlaXpGWWhMUWJDZDl2bHFDdUZGZFV1OWVxMTFWMktVd0RST2hVd0pLdE1mMnBpYUZaaVdsOFdicTZsX2RrUjJHTjQ3QVYxVlFuMjdjRXVrWk13WXM1YW0waF8yQlpTYllXdWdxWGlJeDc0UTBFZVB4d0I2bldkWkdDeGd6TEpCaHNCbVN1Q0lKVjkxb3N3SGNDOG9kVmpOd2tnRUttYWpiT3ByT01aMXBV?oc=5\" target=\"_blank\" rel=\"nofollow noopener\">Oto co zrobi\u0142 Oskar Pietuszewski. Portugalczycy reaguj\u0105: zero wstydu<\/a>&nbsp;&nbsp;Przegl\u0105d Sportowy Onet<\/li>\n<li><a href=\"https:\/\/news.google.com\/rss\/articles\/CBMi0gFBVV95cUxNaGNPeUMtVjk4RVMwamtlalFiT1BIanoyZVNHTThySXVFNVduWG9sR3ZVMDF4Yk1TNUVYQ1ZneHp0ZmZuWUNOaGdoWmlSY0NyTHYtT3dUeFpNSHVvMklSUlJzTXg5anRPMmplWGI4S1g5ZkJZcUtBN01TMTZHMGF5NElVOHFSblFOakl4bEszZ2JYMWNtZW03WnJZQUVQZEowSDRTdXBnWVR5SUVkcEhQZFlkVF9rbkY5alVWczlwSXI3a0ZYRDdSOUJkalNiaE9qdmc?oc=5\" target=\"_blank\" rel=\"nofollow noopener\">Kiwior nie waha\u0142 si\u0119 po pytaniu o Pietuszewskiego. Wyra\u017ane ostrze\u017cenie dla Portugalczyk\u00f3w<\/a>&nbsp;&nbsp;Sport w INTERIA.PL<\/li>\n<li><a href=\"https:\/\/news.google.com\/rss\/articles\/CBMixAFBVV95cUxQVVd0aFk1QUVnNDhiTUFLdTVRSHkyZDhib3VlOEhGUHM4TWhTNjNQMDYtSUNNMnUyVVJsS1M3LUpsQXZrWGR0MHN3VklvOXRTVklBV201MVJfZ2c2NF91TnY2N0RzNWl5MHN5ZnJnR0pKaXNHLWVMaVl5cUtsbE42X0pWdXNWV0Nnb19WVGJXSHoxazctcTNzUnpQZUtIeDNDU2taQWZ1a01GTVgtaVlRWENCWmM1YWctV1YxWlBHQ2w1V0JS?oc=5\" target=\"_blank\" rel=\"nofollow noopener\">Transfer, kontuzja, kontrakt\u2026 Co s\u0142ycha\u0107 u reprezentant\u00f3w Polski U-21?<\/a>&nbsp;&nbsp;\u0141\u0105czy nas pi\u0142ka<\/li>\n<li><a href=\"https:\/\/news.google.com\/rss\/articles\/CBMirAFBVV95cUxPcmZWcDZlZjdGTEY3NDVkMXFLXzJWRDJVQXhVMlZWa3dTQWQ2ZUU5MWptUjR1RjhJWmY5aEkxNXN5YmRpU0diNkU5UjlseTItT01seXlrNk80TWp1cE1QNDFmMklpN09FZlZjelBOMVdKaTE4RVZkVGEwdkF0X09JMFUyc2RXYzVLODh2VTE3SWlyMFJ2MlRta2pES2x3amh1SzI2ZXJSNWR4bnQ4?oc=5\" target=\"_blank\" rel=\"nofollow noopener\">26 minut, kt\u00f3re wstrz\u0105sn\u0119\u0142o Porto. Niewiarygodne show Polaka<\/a>&nbsp;&nbsp;sport.pl<\/li>\n<\/ol>\n","protected":false},"excerpt":{"rendered":"Jakub Kiwior wprost o zast\u0119pcy Jana Bednarka w FC Porto&nbsp;&nbsp;Przegl\u0105d Sportowy Onet Oto co zrobi\u0142 Oskar Pietuszewski. Portugalczycy&hellip;\n","protected":false},"author":2,"featured_media":218604,"comment_status":"","ping_status":"","sticky":false,"template":"","format":"standard","meta":{"footnotes":""},"categories":[24],"tags":[5887,67,5886,5888,5230,40985,42,38,40,39,41,136,128,47,127,135,126],"class_list":{"0":"post-218603","1":"post","2":"type-post","3":"status-publish","4":"format-standard","5":"has-post-thumbnail","7":"category-sport","8":"tag-fc_porto","9":"tag-intextvideo_splayer","10":"tag-jakub_kiwior","11":"tag-jan_bednarek","12":"tag-liga_europy","13":"tag-liga_europy_uefa","14":"tag-pl","15":"tag-poland","16":"tag-polish","17":"tag-polska","18":"tag-polski","19":"tag-ps_detal_new","20":"tag-psv2","21":"tag-screening_general","22":"tag-sport","23":"tag-sport_sport","24":"tag-sports"},"share_on_mastodon":{"url":"https:\/\/pubeurope.com\/@pl\/115938165005776767","error":""},"_links":{"self":[{"href":"https:\/\/www.europesays.com\/pl\/wp-json\/wp\/v2\/posts\/218603","targetHints":{"allow":["GET"]}}],"collection":[{"href":"https:\/\/www.europesays.com\/pl\/wp-json\/wp\/v2\/posts"}],"about":[{"href":"https:\/\/www.europesays.com\/pl\/wp-json\/wp\/v2\/types\/post"}],"author":[{"embeddable":true,"href":"https:\/\/www.europesays.com\/pl\/wp-json\/wp\/v2\/users\/2"}],"replies":[{"embeddable":true,"href":"https:\/\/www.europesays.com\/pl\/wp-json\/wp\/v2\/comments?post=218603"}],"version-history":[{"count":0,"href":"https:\/\/www.europesays.com\/pl\/wp-json\/wp\/v2\/posts\/218603\/revisions"}],"wp:featuredmedia":[{"embeddable":true,"href":"https:\/\/www.europesays.com\/pl\/wp-json\/wp\/v2\/media\/218604"}],"wp:attachment":[{"href":"https:\/\/www.europesays.com\/pl\/wp-json\/wp\/v2\/media?parent=218603"}],"wp:term":[{"taxonomy":"category","embeddable":true,"href":"https:\/\/www.europesays.com\/pl\/wp-json\/wp\/v2\/categories?post=218603"},{"taxonomy":"post_tag","embeddable":true,"href":"https:\/\/www.europesays.com\/pl\/wp-json\/wp\/v2\/tags?post=218603"}],"curies":[{"name":"wp","href":"https:\/\/api.w.org\/{rel}","templated":true}]}}