{"id":218961,"date":"2026-01-22T13:20:08","date_gmt":"2026-01-22T13:20:08","guid":{"rendered":"https:\/\/www.europesays.com\/pl\/218961\/"},"modified":"2026-01-22T13:20:08","modified_gmt":"2026-01-22T13:20:08","slug":"10-minut-i-marek-papszun-mogl-byc-wsciekly-blyskawiczna-reakcja-przeglad-sportowy-onet","status":"publish","type":"post","link":"https:\/\/www.europesays.com\/pl\/218961\/","title":{"rendered":"10 minut i Marek Papszun m\u00f3g\u0142 by\u0107 w\u015bciek\u0142y! B\u0142yskawiczna reakcja &#8211; Przegl\u0105d Sportowy Onet"},"content":{"rendered":"<ol>\n<li><a href=\"https:\/\/news.google.com\/rss\/articles\/CBMixwFBVV95cUxNNF9vOGdlbE9JV0pkODI5VjNnVVZXZHVmTnI0UjlHekEwQ1IyQTdrbGVKa0lNeGdtc25mbzhfM1ZUZTRDYVJSbXg5NG5LV0N4Tjh3UWxJel9YUElqU1k5UWJJSTZncWk1M2ZUUF9xbHRnSGZzcFBKckRLbHdaYnR4YzROYU1IS1l5MWNnejRuSzNhUUktNkRHRjNpYmhzNmZfREtfanZGdG1Mem95TnZPSXFvelMyLXFtc2pkOWRWNExKelk1SzRv?oc=5\" target=\"_blank\" rel=\"nofollow noopener\">10 minut i Marek Papszun m\u00f3g\u0142 by\u0107 w\u015bciek\u0142y! B\u0142yskawiczna reakcja<\/a>&nbsp;&nbsp;Przegl\u0105d Sportowy Onet<\/li>\n<li><a href=\"https:\/\/news.google.com\/rss\/articles\/CBMisgFBVV95cUxOR3Buc1BDcEcxdTNMdjVVbmI2a2ZnaWprWjhHWFNqcWZzMkJ4d0p6LU16T1R3NzJkNGdhVEhiME9uYlEzMEtjMkdEMWZmcVNaZmZJdEJUUmVaOEI4aWxSdmNEYjlSYnBnS1VRSlZGdHg0UXpUdmg4bDVrRVVjaGxzdE10OG5TT0VTcmQ1dnc3SjBHbzJqMWJvUXl2Z0lGVWdweDFaVUR3X1YycmY1Snl0bGR3?oc=5\" target=\"_blank\" rel=\"nofollow noopener\">Sk\u0142ad Legii Warszawa na mecz ze Spart\u0105 Praga<\/a>&nbsp;&nbsp;Legia Warszawa<\/li>\n<li><a href=\"https:\/\/news.google.com\/rss\/articles\/CBMiqwFBVV95cUxNZjkzQVhLQVowSjdoOWVyZmkzWktBdWtucHkxZVdVaGZsa19nWDZjOGZoTWJkRE5DeTBSYkE3ak5XSFRxcGJVS2VPVXYyUzFQeU1KcWczNG1NU0JpQzVhR3loUzJHMF9ZU2FMWEFtVnRTMW1EOEE3eFBsOUZ2ektnUjA0NTc5WVdGT1BWd0w5SWRKR3BWdlF1dE1UN3ZPQzhuVmFIOTJ5RmdVck0?oc=5\" target=\"_blank\" rel=\"nofollow noopener\">Grad goli w meczu Legii ze Spart\u0105! Po 18 minutach pad\u0142y ju\u017c cztery<\/a>&nbsp;&nbsp;Sport.pl<\/li>\n<li><a href=\"https:\/\/news.google.com\/rss\/articles\/CBMie0FVX3lxTFBwTTRqYW1KQzFRSFNnTjVRdF9jWEJnZXh1MDMtSk13VVhuU0NJb3otNW9DWkdocDZMV1c1aWRQanA3Zm9rTkd6bVcwY2JpWUxQbjJEeEtxSEtVWlktNmk5aXdoR2NMNE1WVUtZeDBDTVlOREtOakxZN1pRMA?oc=5\" target=\"_blank\" rel=\"nofollow noopener\">Sk\u0142ad Legii na drugi mecz ze Spart\u0105 Praga<\/a>&nbsp;&nbsp;Legia.Net<\/li>\n<li><a href=\"https:\/\/news.google.com\/rss\/articles\/CBMieEFVX3lxTE4tTFBfY3NUbEpqcnp0NkQ4dWRfR1lvQ3Nnd0daZkx1TVd6MF9MRjhta05CYmdGNW1lQ0R2dlZLTG1yTEJrTVRBYi1TYWxYV1VPZ0JTekh6RTRTSkZWUWI3YWtCaUFYU19QQUR3ekV0SERYYTlfdnJkVQ?oc=5\" target=\"_blank\" rel=\"nofollow noopener\">L!VE: Legia &#8211; Sparta Praga (sk\u0142ady)<\/a>&nbsp;&nbsp;Legionisci.com &#8211; Legia Warszawa<\/li>\n<\/ol>\n","protected":false},"excerpt":{"rendered":"10 minut i Marek Papszun m\u00f3g\u0142 by\u0107 w\u015bciek\u0142y! B\u0142yskawiczna reakcja&nbsp;&nbsp;Przegl\u0105d Sportowy Onet Sk\u0142ad Legii Warszawa na mecz ze&hellip;\n","protected":false},"author":2,"featured_media":218962,"comment_status":"","ping_status":"","sticky":false,"template":"","format":"standard","meta":{"footnotes":""},"categories":[5],"tags":[32,33,274,36,37,27,67,34,35,2563,28,31,25,929,42,38,40,39,41,136,128,47,16489,135,29,30,26,130],"class_list":{"0":"post-218961","1":"post","2":"type-post","3":"status-publish","4":"format-standard","5":"has-post-thumbnail","7":"category-naglowki","8":"tag-breaking-news","9":"tag-breakingnews","10":"tag-ekstraklasa","11":"tag-featured-news","12":"tag-featurednews","13":"tag-headlines","14":"tag-intextvideo_splayer","15":"tag-latest-news","16":"tag-latestnews","17":"tag-legia_warszawa","18":"tag-naglowki","19":"tag-najwazniejsze-artykuly","20":"tag-news","21":"tag-pawb","22":"tag-pl","23":"tag-poland","24":"tag-polish","25":"tag-polska","26":"tag-polski","27":"tag-ps_detal_new","28":"tag-psv2","29":"tag-screening_general","30":"tag-sparta_praga","31":"tag-sport_sport","32":"tag-top-stories","33":"tag-topstories","34":"tag-wiadomosci","35":"tag-wiadomosci_sportowe"},"share_on_mastodon":{"url":"https:\/\/pubeurope.com\/@pl\/115938959442832356","error":""},"_links":{"self":[{"href":"https:\/\/www.europesays.com\/pl\/wp-json\/wp\/v2\/posts\/218961","targetHints":{"allow":["GET"]}}],"collection":[{"href":"https:\/\/www.europesays.com\/pl\/wp-json\/wp\/v2\/posts"}],"about":[{"href":"https:\/\/www.europesays.com\/pl\/wp-json\/wp\/v2\/types\/post"}],"author":[{"embeddable":true,"href":"https:\/\/www.europesays.com\/pl\/wp-json\/wp\/v2\/users\/2"}],"replies":[{"embeddable":true,"href":"https:\/\/www.europesays.com\/pl\/wp-json\/wp\/v2\/comments?post=218961"}],"version-history":[{"count":0,"href":"https:\/\/www.europesays.com\/pl\/wp-json\/wp\/v2\/posts\/218961\/revisions"}],"wp:featuredmedia":[{"embeddable":true,"href":"https:\/\/www.europesays.com\/pl\/wp-json\/wp\/v2\/media\/218962"}],"wp:attachment":[{"href":"https:\/\/www.europesays.com\/pl\/wp-json\/wp\/v2\/media?parent=218961"}],"wp:term":[{"taxonomy":"category","embeddable":true,"href":"https:\/\/www.europesays.com\/pl\/wp-json\/wp\/v2\/categories?post=218961"},{"taxonomy":"post_tag","embeddable":true,"href":"https:\/\/www.europesays.com\/pl\/wp-json\/wp\/v2\/tags?post=218961"}],"curies":[{"name":"wp","href":"https:\/\/api.w.org\/{rel}","templated":true}]}}