{"id":219204,"date":"2026-01-22T15:32:12","date_gmt":"2026-01-22T15:32:12","guid":{"rendered":"https:\/\/www.europesays.com\/pl\/219204\/"},"modified":"2026-01-22T15:32:12","modified_gmt":"2026-01-22T15:32:12","slug":"kwasniewski-mocno-o-radzie-pokoju-donalda-trumpa-ta-presja-jest-podejrzana","status":"publish","type":"post","link":"https:\/\/www.europesays.com\/pl\/219204\/","title":{"rendered":"Kwa\u015bniewski mocno o Radzie Pokoju Donalda Trumpa. &#8222;Ta presja jest podejrzana&#8221;"},"content":{"rendered":"<p>Co wobec zaproszenia dla Karola Nawrockiego powinien zrobi\u0107 prezydent Polski oraz rz\u0105d?<\/p>\n<p class=\"Paragraph_desktopParagraph__U31Gm\">\u2014 To jest trudne pytanie dla mnie, dlatego, \u017ce trzeba mie\u0107 wi\u0119cej informacji. Ja rozumiem, \u017ce ludzie prezydenta zbieraj\u0105 te informacje, na czym to polega, natomiast sama idea jest ze strony Donalda Trumpa do\u015b\u0107 prowokacyjna \u2014 ocenia w rozmowie z Onetem Aleksander Kwa\u015bniewski.<\/p>\n<p class=\"Paragraph_desktopParagraph__U31Gm\">\u2014 Stawia bowiem sojusznik\u00f3w, szczeg\u00f3lnie europejskich, wobec dylematu \u2014 czy chc\u0105 mie\u0107 dobre relacje z Ameryk\u0105, czy s\u0105 gotowi wchodzi\u0107 do bardzo niejasnej koncepcji Rady, kt\u00f3ra nie wiadomo, czy jest rad\u0105 pokoju, czy rad\u0105 kumpli. Bo je\u017celi tam s\u0105 Putin i \u0141ukaszenko, no to taka inicjatywa ze spokojem wiele wsp\u00f3lnego nie ma \u2014 analizuje by\u0142y prezydent RP.<\/p>\n<p class=\"Paragraph_desktopParagraph__U31Gm\">\u2014 No i trzeba znale\u017a\u0107 jakie\u015b rozwi\u0105zanie, kt\u00f3re nie b\u0119dzie nas antagonizowa\u0107 z administracj\u0105 Donalda Trumpa i z Trumpem, bo niew\u0105tpliwie potrzebujemy Ameryki jako wa\u017cnego gwaranta naszego bezpiecze\u0144stwa. A z drugiej strony, istotne jest to, by nie narazi\u0107 si\u0119 na \u015bmieszno\u015b\u0107 za udzia\u0142 w radzie, kt\u00f3ra jest prywatnym zespo\u0142em koleg\u00f3w i przyjaci\u00f3\u0142 prezydenta Donalda Trumpa i ma by\u0107 jego rad\u0105, a nie prezydenta USA \u2014 dodaje.<\/p>\n<p>Aleksander Kwa\u015bniewski: to robi wra\u017cenie swoistej prowokacji <img decoding=\"async\" class=\"Image_image__0tuHp Image_autoHeight__f2n87 \" height=\"587\" width=\"880\" src=\"https:\/\/www.europesays.com\/pl\/wp-content\/uploads\/2026\/01\/HxCk9kuTURBXy84ZmZlZTg2ZC05ZTQzLTRjNWQtODFjMy1kYTIzZjI0OTA5YTcuanBlZ5OVAwAAzQtAzQeAlQLNA6wAwsOVAgDNA.jpeg\" alt=\"Aleksander Kwa\u015bniewski podczas \u015awiatowego Forum Ekonomicznego w Davos\" loading=\"lazy\" \/>PAP\/Piotr Nowak<\/p>\n<p>Aleksander Kwa\u015bniewski podczas \u015awiatowego Forum Ekonomicznego w Davos<\/p>\n<p class=\"Paragraph_desktopParagraph__U31Gm\">Aleksander Kwa\u015bniewski odnosi si\u0119 te\u017c do faktu, \u017ce inauguracja Rady Pokoju odbywa si\u0119 ju\u017c w czwartek (22 stycznia) i prezydent USA najch\u0119tniej chcia\u0142by zna\u0107 odpowied\u017a zaproszonych lider\u00f3w.<\/p>\n<p class=\"Paragraph_desktopParagraph__U31Gm\">\u2014 Tym bardziej uwa\u017cam, \u017ce to jest inicjatywa, kt\u00f3rej trzeba si\u0119 bardzo przygl\u0105da\u0107, bo robi wra\u017cenie takiej swoistej prowokacji. A ta presja czasu jest te\u017c tutaj mocno podejrzana. Je\u017celi z tym s\u0105 zwi\u0105zane r\u00f3wnie\u017c pewne zobowi\u0105zania finansowe, no to tym bardziej w demokratycznym kraju prezydent nie mo\u017ce sam podejmowa\u0107 decyzji \u2014 wskazuje Aleksander Kwa\u015bniewski.<\/p>\n<p class=\"Paragraph_desktopParagraph__U31Gm\">\u2014 Nawet gdyby to by\u0142o 10 mld dol., to prezydent tego z w\u0142asnej kieszeni nie wyci\u0105gnie. Musi mie\u0107 na to decyzj\u0119 rz\u0105du, musi by\u0107 pewna jaka\u015b zgoda, gdy\u017c s\u0105 to \u015brodki bud\u017cetowe parlamentu. Tego si\u0119 do czwartku zrobi\u0107 si\u0119 nie da \u2014 kwituje.<\/p>\n<p class=\"Paragraph_desktopParagraph__U31Gm\">CZYTAJ WI\u0118CEJ: <a href=\"https:\/\/wiadomosci.onet.pl\/swiat\/prosze-pana-to-jest-obled-kwasniewski-ostrzega-przed-zblizajacymi-sie-wydarzeniami\/v8qrpsy\" id=\"ce17ea58-0305-49da-a624-be03ddac0149\" rel=\"nofollow noopener\" target=\"_blank\">&#8222;Prosz\u0119 pana, to jest ob\u0142\u0119d&#8221;. Aleksander Kwa\u015bniewski ostrzega przed zbli\u017caj\u0105cymi si\u0119 wydarzeniami<\/a><\/p>\n<p>Karol Nawrocki o zaproszeniu do Rady Pokoju <img decoding=\"async\" class=\"Image_image__0tuHp Image_autoHeight__f2n87 \" height=\"587\" width=\"880\" src=\"https:\/\/www.europesays.com\/pl\/wp-content\/uploads\/2026\/01\/4UUk9kpTURBXy8xMTBkOTY3MGExZTczMWNhNzQ1Yzk1NzMyMjk3Mjc0Yy5qcGeSlQLNA6wAwsOVAgDNAkvCw94AA6EwAaExAaEzw.jpeg\" alt=\"Karol Nawrocki\" loading=\"lazy\" \/>S\u0142awomir Kami\u0144ski \/ Agencja Wyborcza.pl <\/p>\n<p>Karol Nawrocki<\/p>\n<p class=\"Paragraph_desktopParagraph__U31Gm\">Karol Nawrocki rozmawia\u0142 w \u015brod\u0119 z Donaldem Trumpem. W\u015br\u00f3d temat\u00f3w spotkania prezydent\u00f3w Polski i USA by\u0142 udzia\u0142 naszego kraju w Radzie Pokoju.<\/p>\n<p class=\"Paragraph_desktopParagraph__U31Gm\">\u2014 Ka\u017cda mi\u0119dzynarodowa umowa, do kt\u00f3rej Polska przyst\u0119puje i kt\u00f3r\u0105 prezydent parafuje, musi przej\u015b\u0107 oczywi\u015bcie przez polski parlament, musi by\u0107 podj\u0119ta uchwa\u0142a Rady Ministr\u00f3w. Ja sobie zdaj\u0119 spraw\u0119 z tych zobowi\u0105za\u0144 konstytucyjnych i prezydent Trump doskonale to rozumie \u2014 <a href=\"https:\/\/wiadomosci.onet.pl\/swiat\/karol-nawrocki-po-spotkaniu-z-trumpem-ujawnil-szczegoly\/wj8vsr5\" id=\"9ecfb106-a735-4204-bd95-3795d939d0a1\" rel=\"nofollow noopener\" target=\"_blank\">powiedzia\u0142 p\u00f3\u017aniej prezydent Nawrocki w rozmowie z Telewizj\u0105 Republika<\/a>.<\/p>\n<p>Polska z zaproszeniem do Rady Pokoju. Polacy zabrali g\u0142os <\/p>\n<p class=\"Paragraph_desktopParagraph__U31Gm\"><a href=\"https:\/\/wiadomosci.onet.pl\/kraj\/czy-karol-nawrocki-powinien-przyjac-zaproszenie-do-rady-pokoju-sondaz\/s374mdb\" id=\"956bb6cd-39b9-4573-afa4-1b3fc3b2062e\" rel=\"nofollow noopener\" target=\"_blank\">SW Research na zlecenie Onetu<\/a> zapyta\u0142 o zdanie w tej sprawie Polki i Polak\u00f3w.<\/p>\n<p class=\"Paragraph_desktopParagraph__U31Gm\">&#8222;Czy Pani\/Pana zdaniem Karol Nawrocki powinien przyj\u0105\u0107 zaproszenie Donalda Trumpa do Rady Pokoju?&#8221; \u2014 brzmia\u0142o pytanie, na kt\u00f3re odpowiedzieli ankietowani SW Research.<\/p>\n<p class=\"Paragraph_desktopParagraph__U31Gm\">Wariant &#8222;tak&#8221; wybra\u0142o 37,2 proc. badanych, a &#8222;nie&#8221; 34,5 proc. Do tego 28,3 proc. uczestnik\u00f3w sonda\u017cu wybra\u0142o odpowied\u017a &#8222;trudno powiedzie\u0107\/nie mam zdania&#8221;.<\/p>\n<p>Rada Pokoju w Strefie Gazy <\/p>\n<p class=\"Paragraph_desktopParagraph__U31Gm\">Zaakceptowane przez Izrael oraz Hamas porozumienie pokojowe w <a href=\"https:\/\/wiadomosci.onet.pl\/tylko-w-onecie\/izrael-wyrzuca-z-gazy-lekarzy-bez-granic-zarzuca-im-skrajna-narracje\/kx4npq2\" id=\"78c4a6e6-bf5b-4f07-8cab-6bc979483f7e\" rel=\"nofollow noopener\" target=\"_blank\">Strefie Gazy<\/a> zak\u0142ada powo\u0142anie mi\u0119dzynarodowego gremium, kt\u00f3re b\u0119dzie tymczasowo zarz\u0105dza\u0107 zniszczonym na skutek wojny terytorium. G\u0142\u00f3wnym organem, kt\u00f3ry ma zajmowa\u0107 si\u0119 &#8222;budowaniem potencja\u0142u rz\u0105dzenia, relacjami regionalnymi, odbudow\u0105, przyci\u0105ganiem inwestycji i mobilizacj\u0105 kapita\u0142u&#8221; b\u0119dzie Rada Pokoju, na kt\u00f3rej czele stanie prezydent USA Donald Trump.<\/p>\n<p class=\"Paragraph_desktopParagraph__U31Gm\">CZYTAJ WI\u0118CEJ: <a href=\"https:\/\/wiadomosci.onet.pl\/swiat\/donald-trump-powolal-rade-pokoju-wszyscy-chca-byc-tego-czescia\/k670wps\" id=\"504bce39-2c3c-41a0-b534-a4d5d4efe368\" rel=\"nofollow noopener\" target=\"_blank\">Donald Trump inauguruje Rad\u0119 Pokoju. &#8222;Nikt nie my\u015bla\u0142, \u017ce to b\u0119dzie mo\u017cliwe&#8221;<\/a><\/p>\n","protected":false},"excerpt":{"rendered":"Co wobec zaproszenia dla Karola Nawrockiego powinien zrobi\u0107 prezydent Polski oraz rz\u0105d? \u2014 To jest trudne pytanie dla&hellip;\n","protected":false},"author":2,"featured_media":219205,"comment_status":"","ping_status":"","sticky":false,"template":"","format":"standard","meta":{"footnotes":""},"categories":[12],"tags":[14998,56,32,33,58,36,37,66,27,67,240,34,35,28,31,53,25,52,68,51,55,42,38,40,39,2847,41,47,59,88,29,30,50,26],"class_list":{"0":"post-219204","1":"post","2":"type-post","3":"status-publish","4":"format-standard","5":"has-post-thumbnail","7":"category-polska","8":"tag-aleksander_kwasniewski_b_prezydent","9":"tag-article_premium","10":"tag-breaking-news","11":"tag-breakingnews","12":"tag-donald_trump_prezydent_usa","13":"tag-featured-news","14":"tag-featurednews","15":"tag-give_me_perspective","16":"tag-headlines","17":"tag-intextvideo_splayer","18":"tag-karol_nawrocki_prezydent","19":"tag-latest-news","20":"tag-latestnews","21":"tag-naglowki","22":"tag-najwazniejsze-artykuly","23":"tag-new_header","24":"tag-news","25":"tag-onet3","26":"tag-onet3d","27":"tag-onet3d_2i","28":"tag-phx","29":"tag-pl","30":"tag-poland","31":"tag-polish","32":"tag-polska","33":"tag-polska_polak_polka_polacy_polki","34":"tag-polski","35":"tag-screening_general","36":"tag-stany_zjednoczone_usa","37":"tag-strefa_gazy","38":"tag-top-stories","39":"tag-topstories","40":"tag-v2021","41":"tag-wiadomosci"},"share_on_mastodon":{"url":"","error":"Validation failed: Text character limit of 500 exceeded"},"_links":{"self":[{"href":"https:\/\/www.europesays.com\/pl\/wp-json\/wp\/v2\/posts\/219204","targetHints":{"allow":["GET"]}}],"collection":[{"href":"https:\/\/www.europesays.com\/pl\/wp-json\/wp\/v2\/posts"}],"about":[{"href":"https:\/\/www.europesays.com\/pl\/wp-json\/wp\/v2\/types\/post"}],"author":[{"embeddable":true,"href":"https:\/\/www.europesays.com\/pl\/wp-json\/wp\/v2\/users\/2"}],"replies":[{"embeddable":true,"href":"https:\/\/www.europesays.com\/pl\/wp-json\/wp\/v2\/comments?post=219204"}],"version-history":[{"count":0,"href":"https:\/\/www.europesays.com\/pl\/wp-json\/wp\/v2\/posts\/219204\/revisions"}],"wp:featuredmedia":[{"embeddable":true,"href":"https:\/\/www.europesays.com\/pl\/wp-json\/wp\/v2\/media\/219205"}],"wp:attachment":[{"href":"https:\/\/www.europesays.com\/pl\/wp-json\/wp\/v2\/media?parent=219204"}],"wp:term":[{"taxonomy":"category","embeddable":true,"href":"https:\/\/www.europesays.com\/pl\/wp-json\/wp\/v2\/categories?post=219204"},{"taxonomy":"post_tag","embeddable":true,"href":"https:\/\/www.europesays.com\/pl\/wp-json\/wp\/v2\/tags?post=219204"}],"curies":[{"name":"wp","href":"https:\/\/api.w.org\/{rel}","templated":true}]}}