{"id":219268,"date":"2026-01-22T16:10:13","date_gmt":"2026-01-22T16:10:13","guid":{"rendered":"https:\/\/www.europesays.com\/pl\/219268\/"},"modified":"2026-01-22T16:10:13","modified_gmt":"2026-01-22T16:10:13","slug":"joanna-szczepkowska-nie-odpuszcza-karolowi-nawrockiemu-zla-twarz-z-martwym-intelektem-onet","status":"publish","type":"post","link":"https:\/\/www.europesays.com\/pl\/219268\/","title":{"rendered":"Joanna Szczepkowska nie odpuszcza Karolowi Nawrockiemu. &quot;Z\u0142a twarz z martwym intelektem&quot; &#8211; Onet"},"content":{"rendered":"<ol>\n<li><a href=\"https:\/\/news.google.com\/rss\/articles\/CBMi2AFBVV95cUxNMlQ5NURCUzBVMFUtcDhUMkM3REZodlJtMTJYeGZHZWxlZGFLV0lvb0tZQ0NVcEptZ1Nfc1hwcVpPR0syVkQzSEJkdEM4bDBlbDBtMjNHUmtVdU82MlRhMlZxX2h1VmJBUW5RUjlnRk1hLWJhTDRSQTE3aWNrOUdieE9GcGp5d0lDc1FOSTBIWVVtRTdfcGRTSVBKU0JSODhsNlVRLVpFR3lrWlV0OHZPbW1TMGpUYmVzdjJFSmY4YUxyd0hxVjZZQU4zZENnZ1RyU3RFdVQ3OWU?oc=5\" target=\"_blank\" rel=\"nofollow noopener\">Joanna Szczepkowska nie odpuszcza Karolowi Nawrockiemu. &#8222;Z\u0142a twarz z martwym intelektem&#8221;<\/a>&nbsp;&nbsp;Onet<\/li>\n<li><a href=\"https:\/\/news.google.com\/rss\/articles\/CBMixwFBVV95cUxOVjQ0dnhQSVg4UmFGUTZCaDNSaGtSb1U1RGdlczRON292SlNBS0Y0TTlhOUtzNTY5Z08wRXQ4VTBQTUFRWG90MV9WZ0FFOWlUanBWQ1J6X1lUMnpjLWx4Znc5VjVaU0ItbTRNVmh1Vm90cE9SZDV2aVVnUEViV1JvNjJIY3hCN0hNOWdmNVdJQVNjNzl0bFp2NGdRMlNHc1NUVWp6dm00UDROWnpoblZNRXQ3T0s5WTV0eFBZYklXZW5iNi1xNV80?oc=5\" target=\"_blank\" rel=\"nofollow noopener\">Joanna Szczepkowska wbija szpil\u0119 Nawrockiemu. &#8222;Nie b\u0119dzie Batyr&#8230;&#8221;<\/a>&nbsp;&nbsp;Wiadomo\u015bci z kraju i ze \u015bwiata &#8211; Dziennik.pl<\/li>\n<li><a href=\"https:\/\/news.google.com\/rss\/articles\/CBMiqwFBVV95cUxQZEh2aVdLejJ5OWJwb01wcGdobTV2SzZzazdCSDdDNlhoZFU5ZGp3S1BCMnVqWlJkTjRzclM4WmtESWZ0djJUQ21kWDUwSDh0Tk9tMVR2UDA0SVA5blFhT0FoODhrSU5ISkoxbjhhWWxwSlJpcjE5dnRURURvMzlTYlJDd1dhLXFidmw3ZGs5bmZwZy1hUGhtWEc2NUZhUks4VHNpa1FXZkJoM2_SAaYBQVVfeXFMTUpLSGpkaW9wT3B6Ui1iQjV4c21FYmxMOTRrX01rYm05Y0p0SjRoZ0ctUTVhZzNTWGtPaXZVSlBBOU14TW85VzVwM2FwM3VXMFo4SWR4eVlsSXRMWU00cV8yWDh0VzEyVXlzLWlmVFN6Z292enRsTUN4ZTFLd3FkcEFqOE5VUXRUaWRIMG5vdWlCUk1lQjRQZF8zRXJCc0VRYzJTWTBsdw?oc=5\" target=\"_blank\" rel=\"nofollow noopener\">Szczepkowska o Davos. Mocne s\u0142owa na Nawrockiego i hejter\u00f3w<\/a>&nbsp;&nbsp;Rozrywka Wprost<\/li>\n<li><a href=\"https:\/\/news.google.com\/rss\/articles\/CBMitAFBVV95cUxOYW81d2dWTEVjUndWTW5UWV9EVHF4c19MS2RzV1Q5YjdGNHI4Tnp2aVQ1UEMyQ2NaTEV5Mnd5NHhUakU0TUZOOWZQaF9lUWJBRHJ3WllRaTVScHNWbVVyUzdjazRFck5vX3BGRzZxRmR0WVpyeDk3Mjl3OGlsUENNS2J3VVhQM0Z0OC1jT19Cb0hkRHhKUjh3NmZqc0xwN1JhY3FPVWo3TTZOOWsyRk01UFpjWnc?oc=5\" target=\"_blank\" rel=\"nofollow noopener\">Joanna Szczepkowska nie boi si\u0119 Pa\u0142acu Prezydenckiego. Tak ponownie nazwa\u0142a Karola Nawrockiego<\/a>&nbsp;&nbsp;Plejada<\/li>\n<li><a href=\"https:\/\/news.google.com\/rss\/articles\/CBMi5wFBVV95cUxQTGIybngzMjQwSkcxOFhNLTBFWHhRVmZCQ0RZeGhCRk91TGR0WndHVktLN1dMS21JUVV2RDVsNktaS0V2MFFsSm0xX3poa0Zwanh0TzdxUHFtcHdMQ0s1czFPazVGYkR2RkhGWFdkWVM1U0JNMzN1bzdZUVNrZWhBX3FJSFR1ZkpPdDJvR1I0NW55ejhJeDBIbDJIS1BMaHozTGtKUXUtdGpCSnc1U0ViQ1RzMnVveVhpdUk1QzFhYnJrcjNUOGFMNzRxRHViX2t6MlQ3UWlUZFZmVm1Ub1RFaXRzTzRhSWc?oc=5\" target=\"_blank\" rel=\"nofollow noopener\">Joanna Szczepkowska nie odpuszcza Nawrockiemu. &#8222;Z\u0142a twarz z&#8230;&#8221;<\/a>&nbsp;&nbsp;Wiadomo\u015bci z kraju i ze \u015bwiata &#8211; Dziennik.pl<\/li>\n<\/ol>\n","protected":false},"excerpt":{"rendered":"Joanna Szczepkowska nie odpuszcza Karolowi Nawrockiemu. &#8222;Z\u0142a twarz z martwym intelektem&#8221;&nbsp;&nbsp;Onet Joanna Szczepkowska wbija szpil\u0119 Nawrockiemu. &#8222;Nie b\u0119dzie&hellip;\n","protected":false},"author":2,"featured_media":219269,"comment_status":"","ping_status":"","sticky":false,"template":"","format":"standard","meta":{"footnotes":""},"categories":[22],"tags":[122,67,7454,240,53,52,68,51,55,42,38,40,39,41,123,47,196,65,50],"class_list":{"0":"post-219268","1":"post","2":"type-post","3":"status-publish","4":"format-standard","5":"has-post-thumbnail","7":"category-rozrywka","8":"tag-entertainment","9":"tag-intextvideo_splayer","10":"tag-joanna_szczepkowska_aktorka","11":"tag-karol_nawrocki_prezydent","12":"tag-new_header","13":"tag-onet3","14":"tag-onet3d","15":"tag-onet3d_2i","16":"tag-phx","17":"tag-pl","18":"tag-poland","19":"tag-polish","20":"tag-polska","21":"tag-polski","22":"tag-rozrywka","23":"tag-screening_general","24":"tag-styl_zycia","25":"tag-update_me","26":"tag-v2021"},"share_on_mastodon":{"url":"https:\/\/pubeurope.com\/@pl\/115939627630019069","error":""},"_links":{"self":[{"href":"https:\/\/www.europesays.com\/pl\/wp-json\/wp\/v2\/posts\/219268","targetHints":{"allow":["GET"]}}],"collection":[{"href":"https:\/\/www.europesays.com\/pl\/wp-json\/wp\/v2\/posts"}],"about":[{"href":"https:\/\/www.europesays.com\/pl\/wp-json\/wp\/v2\/types\/post"}],"author":[{"embeddable":true,"href":"https:\/\/www.europesays.com\/pl\/wp-json\/wp\/v2\/users\/2"}],"replies":[{"embeddable":true,"href":"https:\/\/www.europesays.com\/pl\/wp-json\/wp\/v2\/comments?post=219268"}],"version-history":[{"count":0,"href":"https:\/\/www.europesays.com\/pl\/wp-json\/wp\/v2\/posts\/219268\/revisions"}],"wp:featuredmedia":[{"embeddable":true,"href":"https:\/\/www.europesays.com\/pl\/wp-json\/wp\/v2\/media\/219269"}],"wp:attachment":[{"href":"https:\/\/www.europesays.com\/pl\/wp-json\/wp\/v2\/media?parent=219268"}],"wp:term":[{"taxonomy":"category","embeddable":true,"href":"https:\/\/www.europesays.com\/pl\/wp-json\/wp\/v2\/categories?post=219268"},{"taxonomy":"post_tag","embeddable":true,"href":"https:\/\/www.europesays.com\/pl\/wp-json\/wp\/v2\/tags?post=219268"}],"curies":[{"name":"wp","href":"https:\/\/api.w.org\/{rel}","templated":true}]}}