{"id":219349,"date":"2026-01-22T16:58:06","date_gmt":"2026-01-22T16:58:06","guid":{"rendered":"https:\/\/www.europesays.com\/pl\/219349\/"},"modified":"2026-01-22T16:58:06","modified_gmt":"2026-01-22T16:58:06","slug":"oto-sklad-polskich-skoczkow-na-igrzyska-zapadla-ostateczna-decyzja-przeglad-sportowy-onet","status":"publish","type":"post","link":"https:\/\/www.europesays.com\/pl\/219349\/","title":{"rendered":"Oto sk\u0142ad polskich skoczk\u00f3w na igrzyska! Zapad\u0142a ostateczna decyzja &#8211; Przegl\u0105d Sportowy Onet"},"content":{"rendered":"<ol>\n<li><a href=\"https:\/\/news.google.com\/rss\/articles\/CBMi1gFBVV95cUxPN3dwMmJBMkZQNnRSUTk4RE9SR3g3NnRMXzZHeXpKOEc5cDNhenlLMGJrdDFTYkJ4aDhScU1KV2lOQmFJQ0VYV1UxTUVHdVBlYi10NFE5T1JuX2g3X0FVbE1Rajg1MkNwaVhycGM4Q19WOGFkelNmWGd5VGZXU0pwbEEzSmNYaDR5VFVGM2ZLUXpfOUZQZUxsN1QzSE9iaUdMY3ljbEtQcE4wT1JydnZWRTY4bk1aVEJNWnVtSTdhVUpHSkpwVk92aXNRSDQ5LXNzWkRrQmRB?oc=5\" target=\"_blank\" rel=\"nofollow noopener\">Oto sk\u0142ad polskich skoczk\u00f3w na igrzyska! Zapad\u0142a ostateczna decyzja<\/a>&nbsp;&nbsp;Przegl\u0105d Sportowy Onet<\/li>\n<li><a href=\"https:\/\/news.google.com\/rss\/articles\/CBMiygFBVV95cUxNdVVnWTlqX3JwbkFsem1XbGE0T3R4X1NPN1lpbzByLVNkaEFrVkxJZUJJdWh1SDJtMENSVXl1dWpuUW9VMDhDOXlILVpUak9sdUJBekRWUklzTVJOWTdrSVBzVWd1djJHTXJwZU5iMS1vYVdDZThsbE91djFoeG1YOFR3MTBJZmtDdXF2bzJveWtlVmtjeF95SjFGczExLU5HSUJYM3RBUDVOYVBZTmtHX2Jid0UwcmhYSjR1ako5M2tRWUJfSk1ydElR?oc=5\" target=\"_blank\" rel=\"nofollow noopener\">Wszystko jasne! Oto sk\u0142ad skoczk\u00f3w na igrzyska olimpijskie. Jest niespodzianka!<\/a>&nbsp;&nbsp;SportoweFakty<\/li>\n<li><a href=\"https:\/\/news.google.com\/rss\/articles\/CBMivgFBVV95cUxPU0plYldobTdpSnMzd3dTbGhGTWFFYUs0OVc2TVp3NXZfTDJib3NoVThhbTRYMDVSUm41bmE4bWh0RUhDRHBzVS1MME5WTVd0OWs0TURsQ1dIVW1xeDM3VmlYbWszcEFfTjZXdENyOGZkRXlvbmlBalpDTjh3STdGam4wVE91b1M5WVVDcHBVWEpTTVB6S1o0Z3VnaDEzb2NzYUViMi0wbm4wVmRFYlA5cDVibllWcHlGM3kyRFZR?oc=5\" target=\"_blank\" rel=\"nofollow noopener\">Maciusiak og\u0142asza. Koniec spekulacji ws. Stocha. Jest komunikat PZN<\/a>&nbsp;&nbsp;Sport w INTERIA.PL<\/li>\n<li><a href=\"https:\/\/news.google.com\/rss\/articles\/CBMixAFBVV95cUxPcWVYVFVBWVFtQ1VrZG9VbXVfTDF4ZWdvYU1NTUNYNk9qNlVmN0FhSWNickhxZDN4dGpncEZtX3EyaUxlMExWdW1MTkNaZ3h3SVVqR2gySTBPY21WcXJDQWNTTTk4dXdoR3RtS1c5R0o5SnNzbE9wZXdnNVd1UXBhQW12bTJuaHFxanNvTWFhR3hhMlRibUJKOGZ0MDkzLTNqWE14cm1WS2Q0blBaeXhsVlVMMC1NUEZoUC1nenZvQnlnSGJ2?oc=5\" target=\"_blank\" rel=\"nofollow noopener\">A jednak! Maciusiak podj\u0105\u0142 decyzj\u0119. Oto sk\u0142ad polskich skoczk\u00f3w na igrzyska<\/a>&nbsp;&nbsp;Sport.pl<\/li>\n<li><a href=\"https:\/\/news.google.com\/rss\/articles\/CBMiswFBVV95cUxPN0w2cGJ4RGdvUkFSNTJjZDRyUlFmZ3Ewcm1yR0FzQ3dCNXUta2xkUFQwNXNRZjVVTXJfZ1QzWUdWeGxyampUVGh6WWQ1ZWgzY1Nsb2RuNU8zUGd5RTBNMnl5b19sY28xMGppaVFNcW9YRldZT1ZrZnUyYmpNNWh3UzVLUmJReGstOHRrUUhKSmoxaTRWV3hJSjladERIUUJTT1I1SV9yZG9jZEtKZXo2N0syTQ?oc=5\" target=\"_blank\" rel=\"nofollow noopener\">Kadra Polski skoczk\u00f3w na igrzyska olimpijskie! Oto wielka pi\u0105tka<\/a>&nbsp;&nbsp;Meczyki.pl<\/li>\n<\/ol>\n","protected":false},"excerpt":{"rendered":"Oto sk\u0142ad polskich skoczk\u00f3w na igrzyska! Zapad\u0142a ostateczna decyzja&nbsp;&nbsp;Przegl\u0105d Sportowy Onet Wszystko jasne! Oto sk\u0142ad skoczk\u00f3w na igrzyska&hellip;\n","protected":false},"author":2,"featured_media":219350,"comment_status":"","ping_status":"","sticky":false,"template":"","format":"standard","meta":{"footnotes":""},"categories":[24],"tags":[2399,67,11744,42,38,40,39,41,136,128,47,1874,127,135,126],"class_list":{"0":"post-219349","1":"post","2":"type-post","3":"status-publish","4":"format-standard","5":"has-post-thumbnail","7":"category-sport","8":"tag-igrzyska_olimpijskie","9":"tag-intextvideo_splayer","10":"tag-ogor","11":"tag-pl","12":"tag-poland","13":"tag-polish","14":"tag-polska","15":"tag-polski","16":"tag-ps_detal_new","17":"tag-psv2","18":"tag-screening_general","19":"tag-skoki_narciarskie","20":"tag-sport","21":"tag-sport_sport","22":"tag-sports"},"share_on_mastodon":{"url":"https:\/\/pubeurope.com\/@pl\/115939816581884766","error":""},"_links":{"self":[{"href":"https:\/\/www.europesays.com\/pl\/wp-json\/wp\/v2\/posts\/219349","targetHints":{"allow":["GET"]}}],"collection":[{"href":"https:\/\/www.europesays.com\/pl\/wp-json\/wp\/v2\/posts"}],"about":[{"href":"https:\/\/www.europesays.com\/pl\/wp-json\/wp\/v2\/types\/post"}],"author":[{"embeddable":true,"href":"https:\/\/www.europesays.com\/pl\/wp-json\/wp\/v2\/users\/2"}],"replies":[{"embeddable":true,"href":"https:\/\/www.europesays.com\/pl\/wp-json\/wp\/v2\/comments?post=219349"}],"version-history":[{"count":0,"href":"https:\/\/www.europesays.com\/pl\/wp-json\/wp\/v2\/posts\/219349\/revisions"}],"wp:featuredmedia":[{"embeddable":true,"href":"https:\/\/www.europesays.com\/pl\/wp-json\/wp\/v2\/media\/219350"}],"wp:attachment":[{"href":"https:\/\/www.europesays.com\/pl\/wp-json\/wp\/v2\/media?parent=219349"}],"wp:term":[{"taxonomy":"category","embeddable":true,"href":"https:\/\/www.europesays.com\/pl\/wp-json\/wp\/v2\/categories?post=219349"},{"taxonomy":"post_tag","embeddable":true,"href":"https:\/\/www.europesays.com\/pl\/wp-json\/wp\/v2\/tags?post=219349"}],"curies":[{"name":"wp","href":"https:\/\/api.w.org\/{rel}","templated":true}]}}