{"id":219433,"date":"2026-01-22T17:41:09","date_gmt":"2026-01-22T17:41:09","guid":{"rendered":"https:\/\/www.europesays.com\/pl\/219433\/"},"modified":"2026-01-22T17:41:09","modified_gmt":"2026-01-22T17:41:09","slug":"malgorzata-opczowska-narzeka-na-opoznienia-w-pkp-po-prostu-skandal","status":"publish","type":"post","link":"https:\/\/www.europesays.com\/pl\/219433\/","title":{"rendered":"Ma\u0142gorzata Opczowska narzeka na op\u00f3\u017anienia w PKP. &#8222;Po prostu skandal&#8221;"},"content":{"rendered":"\n<p>&#13;<br \/>\nBy\u0142\u0105 gwiazd\u0119 TVP Ma\u0142gorzat\u0119 Opczowsk\u0105 obserwuje na\u00a0Instagramie niemal 100 tysi\u0119cy os\u00f3b. Niedawno podzieli\u0142a si\u0119 ze\u00a0swoimi fanami trudno\u015bciami podr\u00f3\u017cowanie z\u00a0PKP. \u2013\u00a0Szczerze odradzam podr\u00f3\u017cowanie PKP klasy premium, Pendolino. S\u0142uchajcie, poci\u0105g z\u00a0Warszawy op\u00f3\u017aniony 50 minut. 50 minut. A\u00a0mo\u017ce op\u00f3\u017anienie ulec zmianie, czyli oczywi\u015bcie mo\u017ce si\u0119 zwi\u0119kszy\u0107, bo\u00a050 to\u00a0ju\u017c jest teraz \u2013\u00a0narzeka\u0142a Opczowska, kt\u00f3r\u0105 tak jak tysi\u0105ce innych podr\u00f3\u017cuj\u0105cych dotkn\u0119\u0142y utrudnienia zwi\u0105zane z\u00a0zimowymi warunkami pogodowymi. &#13;\n<\/p>\n<p>&#13;<br \/>\nTo jednak nie\u00a0koniec problem\u00f3w prezenterki. \u2013\u00a0Dodatkowo poci\u0105g przyjecha\u0142 z\u00a0Gdyni, wi\u0119c powinien by\u0107 milutki chocia\u017c i\u00a0cieplutki i\u00a0posprz\u0105tany. Dobra, czysto jest, ale\u00a0jest w\u0142a\u015bnie tak ciep\u0142o jak wida\u0107, czyli po\u00a0prostu trzeba siedzie\u0107 w\u00a0kurtce, w\u00a0czapce, w\u00a0kapturze, w\u00a0r\u0119kawicach. Po\u00a0prostu to\u00a0jest skandal. Dramat. Odradzam \u2013\u00a0podsumowa\u0142a z\u00a0oburzeniem. &#13;\n<\/p>\n<p>Wyrzucona z\u00a0TVP <\/p>\n<p>&#13;<br \/>\nPrzypomnijmy, \u017ce\u00a0Ma\u0142gorzata Opczowska przez kilka lat by\u0142a jedn\u0105 z\u00a0twarzy Telewizji Polskiej. U\u00a0boku \u0141ukasza Nowickiego od\u00a02020 roku prowadzi\u0142a &#8222;Pytanie na\u00a0\u015bniadanie&#8221;. Opr\u00f3cz tego prowadzi\u0142a te\u017c serwisy informacyjne i\u00a0publicystyk\u0119 w\u00a0TVP Info. W\u00a0wyniku si\u0142owego przej\u0119cia medi\u00f3w publicznych pod\u00a0koniec 2023 roku, wielu dziennikarzy straci\u0142o dotychczasowe stanowiska. Tak sta\u0142o si\u0119 r\u00f3wnie\u017c w\u00a0przypadku Opczowskiej, kt\u00f3ra o\u00a0zwolnieniu dowiedzia\u0142a si\u0119 przez telefon. &#13;\n<\/p>\n<p>&#13;<br \/>\nKilka miesi\u0119cy p\u00f3\u017aniej Ma\u0142gorzata Opczowska do\u0142\u0105czy\u0142a do\u00a0prawicowej telewizji wpolsce24. Tam wraz z\u00a0m\u0119\u017cem Jackiem \u0141\u0119skim prowadzi\u0142a codzienny program &#8222;Poranek&#8221;. Jednak po\u00a0nieco ponad miesi\u0105cu, &#8222;Poranek&#8221; zosta\u0142 definitywnie zdj\u0119ty z\u00a0anteny. &#8222;By\u0142o mi\u0142o, ale\u00a0si\u0119 sko\u0144czy\u0142o. Niestety lifestylowy Poranek znika z\u00a0anteny wPolsce24. Mi\u0142o mi by\u0142o Was budzi\u0107 i\u00a0zaprasza\u0107 interesuj\u0105cych go\u015bci, porusza\u0107 dla\u00a0Was ciekawe, ludzkie, wa\u017cne i\u00a0zabawne tematy. Kolegom ze\u00a0stacji \u017cycz\u0119 powodzenia i\u00a0rozwoju&#8221; \u2013\u00a0napisa\u0142a Opczowska na\u00a0Instagramie. &#13;\n<\/p>\n<p>&#13;<br \/>\nCzytaj te\u017c:<br \/><a href=\"https:\/\/dorzeczy.pl\/kraj\/835367\/ziobro-tak-wyglada-niezalezny-sad-po-tuskowemu.html\" rel=\"follow nofollow noopener\" data-schema=\"DORZECZY\" data-image=\"https:\/\/img.dorzeczy.pl\/_thumb\/4b\/3a\/2xx242e35e888b3f4b5dd751d67d.jpeg\" target=\"_blank\">&#8222;Celebrytka zatrudniona w\u00a0TVN&#8221;. Ziobro ostro o\u00a0s\u0119dzi wyznaczonej do\u00a0sprawy ks. Olszewskiego<\/a>Czytaj te\u017c:<br \/><a href=\"https:\/\/rozrywka.dorzeczy.pl\/835157\/owsiak-skonczy-z-fajerwerkami-na-wosp-mocne-slowa-rabczewskiej.html\" rel=\"follow nofollow noopener\" data-schema=\"DORZECZY\" data-image=\"https:\/\/img.dorzeczy.pl\/_thumb\/70\/db\/8d5ccbd35bb473664024a1ea31f7.jpeg\" target=\"_blank\">Mocne s\u0142owa Dody do\u00a0Owsiaka. &#8222;Nie mo\u017cesz odbiera\u0107 \u017cycia&#8221;<\/a>&#13;<\/p>\n","protected":false},"excerpt":{"rendered":"&#13; By\u0142\u0105 gwiazd\u0119 TVP Ma\u0142gorzat\u0119 Opczowsk\u0105 obserwuje na\u00a0Instagramie niemal 100 tysi\u0119cy os\u00f3b. Niedawno podzieli\u0142a si\u0119 ze\u00a0swoimi fanami trudno\u015bciami&hellip;\n","protected":false},"author":2,"featured_media":219434,"comment_status":"","ping_status":"","sticky":false,"template":"","format":"standard","meta":{"footnotes":""},"categories":[22],"tags":[98,122,509,291,41024,1305,1200,42,1811,38,40,39,41,123,290],"class_list":{"0":"post-219433","1":"post","2":"type-post","3":"status-publish","4":"format-standard","5":"has-post-thumbnail","7":"category-rozrywka","8":"tag-dorzeczy","9":"tag-entertainment","10":"tag-gwiazdy","11":"tag-historia","12":"tag-opczowska","13":"tag-pendolino","14":"tag-pkp","15":"tag-pl","16":"tag-pociag","17":"tag-poland","18":"tag-polish","19":"tag-polska","20":"tag-polski","21":"tag-rozrywka","22":"tag-rozrywka-do-rzeczy"},"share_on_mastodon":{"url":"https:\/\/pubeurope.com\/@pl\/115939985672088258","error":""},"_links":{"self":[{"href":"https:\/\/www.europesays.com\/pl\/wp-json\/wp\/v2\/posts\/219433","targetHints":{"allow":["GET"]}}],"collection":[{"href":"https:\/\/www.europesays.com\/pl\/wp-json\/wp\/v2\/posts"}],"about":[{"href":"https:\/\/www.europesays.com\/pl\/wp-json\/wp\/v2\/types\/post"}],"author":[{"embeddable":true,"href":"https:\/\/www.europesays.com\/pl\/wp-json\/wp\/v2\/users\/2"}],"replies":[{"embeddable":true,"href":"https:\/\/www.europesays.com\/pl\/wp-json\/wp\/v2\/comments?post=219433"}],"version-history":[{"count":0,"href":"https:\/\/www.europesays.com\/pl\/wp-json\/wp\/v2\/posts\/219433\/revisions"}],"wp:featuredmedia":[{"embeddable":true,"href":"https:\/\/www.europesays.com\/pl\/wp-json\/wp\/v2\/media\/219434"}],"wp:attachment":[{"href":"https:\/\/www.europesays.com\/pl\/wp-json\/wp\/v2\/media?parent=219433"}],"wp:term":[{"taxonomy":"category","embeddable":true,"href":"https:\/\/www.europesays.com\/pl\/wp-json\/wp\/v2\/categories?post=219433"},{"taxonomy":"post_tag","embeddable":true,"href":"https:\/\/www.europesays.com\/pl\/wp-json\/wp\/v2\/tags?post=219433"}],"curies":[{"name":"wp","href":"https:\/\/api.w.org\/{rel}","templated":true}]}}