{"id":219578,"date":"2026-01-22T19:02:09","date_gmt":"2026-01-22T19:02:09","guid":{"rendered":"https:\/\/www.europesays.com\/pl\/219578\/"},"modified":"2026-01-22T19:02:09","modified_gmt":"2026-01-22T19:02:09","slug":"w-piatek-na-mrozie-sie-juz-nie-skonczy-oto-gdzie-spadnie-snieg-i-marznacy-deszcz","status":"publish","type":"post","link":"https:\/\/www.europesays.com\/pl\/219578\/","title":{"rendered":"W pi\u0105tek na mrozie si\u0119 ju\u017c nie sko\u0144czy. Oto gdzie spadnie \u015bnieg i marzn\u0105cy deszcz"},"content":{"rendered":"<p class=\"Paragraph_desktopParagraph__U31Gm\">Od rana niemal wsz\u0119dzie na niebie zalega\u0107 ma gruba warstwa chmur, a <a href=\"https:\/\/wiadomosci.onet.pl\/slonce\" id=\"eff1c284-246e-4ced-b769-ecbfb5330b6b\" rel=\"nofollow noopener\" target=\"_blank\">s\u0142o\u0144ce<\/a> poka\u017ce si\u0119 g\u0142\u00f3wnie na zachodzie. Do tego spodziewamy si\u0119 mrozu, a na wschodzie r\u00f3wnie\u017c s\u0142abego \u015bniegu.<\/p>\n<p>Polska na progu du\u017cej zmiany aury. Po s\u0142onecznej pogodzie w pi\u0105tek nie zostanie ju\u017c \u015blad <\/p>\n<p class=\"Paragraph_desktopParagraph__U31Gm\">Kolejne godziny najlepsz\u0105 aur\u0119 przynios\u0105 na zachodzie. Mamy tam du\u017c\u0105 szans\u0119 na rozpogodzenia, a pada\u0107 nie powinno. Nad reszt\u0105 kraju <a href=\"https:\/\/wiadomosci.onet.pl\/pogoda\" id=\"bb1d2f7c-beb4-4faf-9bdf-1968414d2f19\" rel=\"nofollow noopener\" target=\"_blank\">pogoda<\/a> zdecydowanie si\u0119 pogorszy. Przewidujemy du\u017ce i ca\u0142kowite zachmurzenie oraz niewielkie opady \u015bniegu. W rejonach podg\u00f3rskich pojawi si\u0119 tak\u017ce deszcz ze \u015bniegiem oraz deszcz, w tym marzn\u0105cy.<\/p>\n<p><img decoding=\"async\" class=\"Image_image__0tuHp Image_autoHeight__f2n87 \" height=\"1142\" width=\"940\" src=\"https:\/\/www.europesays.com\/pl\/wp-content\/uploads\/2026\/01\/SX4k9kpTURBXy9kNmJjZDBlM2NlN2JmYzNkY2FjMWI1OWI0ZDM4NTFjZC5wbmeRlQLNA6wAwsPeAAOhMAGhMQGhM8M.jpeg\" alt=\"Pi\u0105tek przyniesie du\u017co wi\u0119cej chmur, a miejscami te\u017c opady. Nadal b\u0119dzie ch\u0142odno\" loading=\"lazy\" \/>Arkadiusz P\u0142achta \/ Onet<\/p>\n<p>Pi\u0105tek przyniesie du\u017co wi\u0119cej chmur, a miejscami te\u017c opady. Nadal b\u0119dzie ch\u0142odno<\/p>\n<p class=\"Paragraph_desktopParagraph__U31Gm\">W nocy z pi\u0105tku na sobot\u0119 obszar ze spokojniejsz\u0105 pogod\u0105 przeniesie si\u0119 do wojew\u00f3dztw p\u00f3\u0142nocnych, gdzie b\u0119dzie si\u0119 przeja\u015bnia\u0107, a pada\u0107 nie powinno. W innych regionach nie ust\u0105pi\u0105 chmury, z kt\u00f3rych od czasu do czasu popr\u00f3szy <a href=\"https:\/\/wiadomosci.onet.pl\/snieg\" id=\"0b9b0f89-2191-4014-820a-bc3f505c86cd\" rel=\"nofollow noopener\" target=\"_blank\">\u015bnieg<\/a>. Na Opolszczy\u017anie, G\u00f3rnym \u015al\u0105sku, w Ma\u0142opolsce, na Podkarpaciu i ziemi \u015bwi\u0119tokrzyskiej ma si\u0119 on zamienia\u0107 w deszcz ze \u015bniegiem i deszcz. Niewykluczone s\u0105 tak\u017ce niebezpieczne opady marzn\u0105ce powoduj\u0105ce go\u0142oled\u017a.<\/p>\n<p class=\"VideoPlayerText_videoPlayerText__iDwyz\">Dalszy ci\u0105g materia\u0142u pod wideo<\/p>\n<p class=\"Paragraph_desktopParagraph__U31Gm\">Pi\u0105tek niemal w ca\u0142ej Polsce przyniesie kontynuacj\u0119 mro\u017anej pogody, z temperatur\u0105 do -5\/-1 st. C, a na p\u00f3\u0142nocnym wschodzie nawet -8\/-6 st. C. Cieplej b\u0119dzie na \u015al\u0105sku, Podhalu i Podkarpaciu, 0-3 st. C. Natomiast w nocy och\u0142odzi si\u0119 do -12\/-10 st. C na Warmii, Mazurach i Podlasiu, -5 st. C w centrum oraz do ok. 0 st. C na Podbeskidziu.<\/p>\n<ul class=\"OchatFollowUps_wrapper__1ry7X\">\n<li class=\"OchatFollowUps_item__Dhyly OchatFollowUps_itemDesktop__R6aBv\">Gdzie spadnie \u015bnieg?<\/li>\n<li class=\"OchatFollowUps_item__Dhyly OchatFollowUps_itemDesktop__R6aBv\">Jakie temperatury b\u0119d\u0105 w pi\u0105tek?<\/li>\n<li class=\"OchatFollowUps_item__Dhyly OchatFollowUps_itemDesktop__R6aBv\">Jakie zmiany pogody nast\u0105pi\u0105 w sobot\u0119?<\/li>\n<li class=\"OchatFollowUps_item__Dhyly OchatFollowUps_itemDesktop__R6aBv\">Gdzie b\u0119dzie cieplej w pi\u0105tek?<\/li>\n<\/ul>\n<p><img decoding=\"async\" class=\"Image_image__0tuHp Image_autoHeight__f2n87 \" height=\"524\" width=\"750\" src=\"https:\/\/www.europesays.com\/pl\/wp-content\/uploads\/2026\/01\/cLjk9kpTURBXy9hZDM5NjFjYzk1MTQ5NTYzNjU3NGJkYTEwYTEwOWM4MS5wbmeRlQLNA6wAwsPeAAOhMAGhMQGhM8M.jpeg\" alt=\"Niemal w ca\u0142ej Polsce utrzymaj\u0105 si\u0119 niskie temperatury\" loading=\"lazy\" \/>wxcharts<\/p>\n<p>Niemal w ca\u0142ej Polsce utrzymaj\u0105 si\u0119 niskie temperatury<\/p>\n<p class=\"Paragraph_desktopParagraph__U31Gm\">Wiatr powieje s\u0142abo i umiarkowanie, na p\u00f3\u0142nocy okresami mocniej, z kierunk\u00f3w wschodnich. Przez zachmurzenie i opady pogoda zacznie coraz gorzej wp\u0142ywa\u0107 na nasze samopoczucie. Spodziewamy si\u0119 zarazem odczucia ch\u0142odu oraz zimna.<\/p>\n","protected":false},"excerpt":{"rendered":"Od rana niemal wsz\u0119dzie na niebie zalega\u0107 ma gruba warstwa chmur, a s\u0142o\u0144ce poka\u017ce si\u0119 g\u0142\u00f3wnie na zachodzie.&hellip;\n","protected":false},"author":2,"featured_media":219579,"comment_status":"","ping_status":"","sticky":false,"template":"","format":"standard","meta":{"footnotes":""},"categories":[12],"tags":[32,33,36,37,27,67,34,35,6987,28,31,53,25,52,68,51,55,42,78,38,40,39,41,47,7312,29,30,65,50,26,7441],"class_list":{"0":"post-219578","1":"post","2":"type-post","3":"status-publish","4":"format-standard","5":"has-post-thumbnail","7":"category-polska","8":"tag-breaking-news","9":"tag-breakingnews","10":"tag-featured-news","11":"tag-featurednews","12":"tag-headlines","13":"tag-intextvideo_splayer","14":"tag-latest-news","15":"tag-latestnews","16":"tag-mroz","17":"tag-naglowki","18":"tag-najwazniejsze-artykuly","19":"tag-new_header","20":"tag-news","21":"tag-onet3","22":"tag-onet3d","23":"tag-onet3d_2i","24":"tag-phx","25":"tag-pl","26":"tag-pogoda","27":"tag-poland","28":"tag-polish","29":"tag-polska","30":"tag-polski","31":"tag-screening_general","32":"tag-snieg","33":"tag-top-stories","34":"tag-topstories","35":"tag-update_me","36":"tag-v2021","37":"tag-wiadomosci","38":"tag-zima"},"share_on_mastodon":{"url":"https:\/\/pubeurope.com\/@pl\/115940304173093131","error":""},"_links":{"self":[{"href":"https:\/\/www.europesays.com\/pl\/wp-json\/wp\/v2\/posts\/219578","targetHints":{"allow":["GET"]}}],"collection":[{"href":"https:\/\/www.europesays.com\/pl\/wp-json\/wp\/v2\/posts"}],"about":[{"href":"https:\/\/www.europesays.com\/pl\/wp-json\/wp\/v2\/types\/post"}],"author":[{"embeddable":true,"href":"https:\/\/www.europesays.com\/pl\/wp-json\/wp\/v2\/users\/2"}],"replies":[{"embeddable":true,"href":"https:\/\/www.europesays.com\/pl\/wp-json\/wp\/v2\/comments?post=219578"}],"version-history":[{"count":0,"href":"https:\/\/www.europesays.com\/pl\/wp-json\/wp\/v2\/posts\/219578\/revisions"}],"wp:featuredmedia":[{"embeddable":true,"href":"https:\/\/www.europesays.com\/pl\/wp-json\/wp\/v2\/media\/219579"}],"wp:attachment":[{"href":"https:\/\/www.europesays.com\/pl\/wp-json\/wp\/v2\/media?parent=219578"}],"wp:term":[{"taxonomy":"category","embeddable":true,"href":"https:\/\/www.europesays.com\/pl\/wp-json\/wp\/v2\/categories?post=219578"},{"taxonomy":"post_tag","embeddable":true,"href":"https:\/\/www.europesays.com\/pl\/wp-json\/wp\/v2\/tags?post=219578"}],"curies":[{"name":"wp","href":"https:\/\/api.w.org\/{rel}","templated":true}]}}