{"id":219687,"date":"2026-01-22T19:59:07","date_gmt":"2026-01-22T19:59:07","guid":{"rendered":"https:\/\/www.europesays.com\/pl\/219687\/"},"modified":"2026-01-22T19:59:07","modified_gmt":"2026-01-22T19:59:07","slug":"karol-nawrocki-wbil-szpile-tvp-przed-kamerami-pewnie-i-tak-tego-nie-puscicie-onet","status":"publish","type":"post","link":"https:\/\/www.europesays.com\/pl\/219687\/","title":{"rendered":"Karol Nawrocki wbi\u0142 szpil\u0119 TVP przed kamerami. &quot;Pewnie i tak tego nie pu\u015bcicie&quot; &#8211; Onet"},"content":{"rendered":"<ol>\n<li><a href=\"https:\/\/news.google.com\/rss\/articles\/CBMizAFBVV95cUxQR1BPX3RyNl9RMW1VYVplWXIzWjJoRzNWbFhnRFFtUEplUjI3cnFHYjNadmp4Zkx2RHBSNGRxZGZzWGF5ZUJXenNUSzJvV193YnZjT2RSVTF6Q2NzZTZ0SmxTdVpOVUZib2NybHEyRGUtY0p2bm0zRzFULTVLWXgzYUUyclNxMDFBeV9nT1lVcVJhdGVuSVVJMFRwMGVlYTZQMEp1MG1lakdBaWNENmxhMl9CNkY4RlFyeDB4aV8xS2lhX1BseGpMRmpuUGM?oc=5\" target=\"_blank\" rel=\"nofollow noopener\">Karol Nawrocki wbi\u0142 szpil\u0119 TVP przed kamerami. &#8222;Pewnie i tak tego nie pu\u015bcicie&#8221;<\/a>&nbsp;&nbsp;Onet<\/li>\n<li><a href=\"https:\/\/news.google.com\/rss\/articles\/CBMivgFBVV95cUxPQlF4R3VxVzVkM1p5QXdkamhyUDJ3UEtFWWJaVVVaMFNySlRpajc3WXg3dEh2NEJGaHlRSl85LXh3aC1qN1BHdkFFUWhqSGRoZVJUdXRobDhHWExra2x5X2FmTmg0WGVLT3BlWUNuazk3VnVhV0lrMHBDWVpORTBWTmd2OEkweU1QbnlPY2l6T0g3cnY0RUZOWE14ZFlaRHowUUtIRWQyVEMwY0o2Y3JDTzFHSkxmYUJxNmNnOFlR?oc=5\" target=\"_blank\" rel=\"nofollow noopener\">Nawrocki zwr\u00f3ci\u0142 si\u0119 do reportera TVP Info. &#8222;Pewnie i tak tego nie pu\u015bcicie&#8221;<\/a>&nbsp;&nbsp;Gazeta<\/li>\n<li><a href=\"https:\/\/news.google.com\/rss\/articles\/CBMiqwFBVV95cUxOdXJqMUpZQmVYZV80X19HNnhQXzVQdEdTdjE3bHJHUG5rUjM4cnlmMUk2WWVZZjhhTnYxNnJya1BXSkl6MF8xeFVHY2g5R205WTZlRmxhTHhTNW12U0djb21iRWVvczNtNXpCSlh6REdCNERwcDV6VC1FTVptNWUzT2N4ZzhJbHF2LS00WWpfSXBIUzRab0h4MGd4dG1HTWtDWXJPdllvdnRNS28?oc=5\" target=\"_blank\" rel=\"nofollow noopener\">Nawrocki w Davos uderza w UE. A potem rzuca: \u201eTego i tak nie pu\u015bcicie w TVP\u201d<\/a>&nbsp;&nbsp;Fakt<\/li>\n<li><a href=\"https:\/\/news.google.com\/rss\/articles\/CBMijwFBVV95cUxQclJ6VDkwbVBJX0VRZEh1TFY0NzUzVFMtaW1BMkllclVwR0lsTHpVaWlNWHZPcS1Qd052MDVQcmNyeUlEdVJkSW13dlRkRzF2TUpPTWFQUGZaRjFKYVdIWlZ4a0pfd19BbUVBVXpyMWFIdmR4OHFpcHp3cmZFSGlsNHNEMVlsQTBtT3E1NDJSSQ?oc=5\" target=\"_blank\" rel=\"nofollow noopener\">Prezydent nagle zwr\u00f3ci\u0142 si\u0119 do widz\u00f3w TVP: &#8222;Pozdrawiam&#8230;&#8221;<\/a>&nbsp;&nbsp;wPolityce.pl<\/li>\n<li><a href=\"https:\/\/news.google.com\/rss\/articles\/CBMiyAFBVV95cUxPb3htUGxCd1JaUG11YzU3VUM0Z0RRUTJQWDNncFh1TkNxUFV0VmpzU2R5NFJreTNZcl81bGpmTVhxQmNmTkhTRUp0NzVYYmxzdmx2M0tpR3k1TlhRS3ZBTWtOdk5NY0dPbk1RNnJ6cFpfQk0yODRyYW84RHlFQUxnakFKelVaQnRZZC0wMXkzQmQ4cUE4dmJDR19BdmZjZXlFLWlhekdiNTJreFNtMlBfZDNsYzRfWHBWR0NwVk9HcHR3bXpKOTRzVg?oc=5\" target=\"_blank\" rel=\"nofollow noopener\">\u201eTego nie pu\u015bcicie w TVP\u201d. Fakty o zaproszeniach dla prezydenta<\/a>&nbsp;&nbsp;TVP Info<\/li>\n<\/ol>\n","protected":false},"excerpt":{"rendered":"Karol Nawrocki wbi\u0142 szpil\u0119 TVP przed kamerami. &#8222;Pewnie i tak tego nie pu\u015bcicie&#8221;&nbsp;&nbsp;Onet Nawrocki zwr\u00f3ci\u0142 si\u0119 do reportera&hellip;\n","protected":false},"author":2,"featured_media":219688,"comment_status":"","ping_status":"","sticky":false,"template":"","format":"standard","meta":{"footnotes":""},"categories":[5],"tags":[32,33,36,37,27,67,240,34,35,28,31,53,25,52,68,51,55,42,38,40,39,41,47,196,29,30,65,50,26],"class_list":{"0":"post-219687","1":"post","2":"type-post","3":"status-publish","4":"format-standard","5":"has-post-thumbnail","7":"category-naglowki","8":"tag-breaking-news","9":"tag-breakingnews","10":"tag-featured-news","11":"tag-featurednews","12":"tag-headlines","13":"tag-intextvideo_splayer","14":"tag-karol_nawrocki_prezydent","15":"tag-latest-news","16":"tag-latestnews","17":"tag-naglowki","18":"tag-najwazniejsze-artykuly","19":"tag-new_header","20":"tag-news","21":"tag-onet3","22":"tag-onet3d","23":"tag-onet3d_2i","24":"tag-phx","25":"tag-pl","26":"tag-poland","27":"tag-polish","28":"tag-polska","29":"tag-polski","30":"tag-screening_general","31":"tag-styl_zycia","32":"tag-top-stories","33":"tag-topstories","34":"tag-update_me","35":"tag-v2021","36":"tag-wiadomosci"},"share_on_mastodon":{"url":"https:\/\/pubeurope.com\/@pl\/115940528186598273","error":""},"_links":{"self":[{"href":"https:\/\/www.europesays.com\/pl\/wp-json\/wp\/v2\/posts\/219687","targetHints":{"allow":["GET"]}}],"collection":[{"href":"https:\/\/www.europesays.com\/pl\/wp-json\/wp\/v2\/posts"}],"about":[{"href":"https:\/\/www.europesays.com\/pl\/wp-json\/wp\/v2\/types\/post"}],"author":[{"embeddable":true,"href":"https:\/\/www.europesays.com\/pl\/wp-json\/wp\/v2\/users\/2"}],"replies":[{"embeddable":true,"href":"https:\/\/www.europesays.com\/pl\/wp-json\/wp\/v2\/comments?post=219687"}],"version-history":[{"count":0,"href":"https:\/\/www.europesays.com\/pl\/wp-json\/wp\/v2\/posts\/219687\/revisions"}],"wp:featuredmedia":[{"embeddable":true,"href":"https:\/\/www.europesays.com\/pl\/wp-json\/wp\/v2\/media\/219688"}],"wp:attachment":[{"href":"https:\/\/www.europesays.com\/pl\/wp-json\/wp\/v2\/media?parent=219687"}],"wp:term":[{"taxonomy":"category","embeddable":true,"href":"https:\/\/www.europesays.com\/pl\/wp-json\/wp\/v2\/categories?post=219687"},{"taxonomy":"post_tag","embeddable":true,"href":"https:\/\/www.europesays.com\/pl\/wp-json\/wp\/v2\/tags?post=219687"}],"curies":[{"name":"wp","href":"https:\/\/api.w.org\/{rel}","templated":true}]}}