{"id":219914,"date":"2026-01-22T22:17:09","date_gmt":"2026-01-22T22:17:09","guid":{"rendered":"https:\/\/www.europesays.com\/pl\/219914\/"},"modified":"2026-01-22T22:17:09","modified_gmt":"2026-01-22T22:17:09","slug":"doda-powstrzymywala-lzy-podczas-wizyty-w-sobolewie-to-jest-inna-skala-znecania","status":"publish","type":"post","link":"https:\/\/www.europesays.com\/pl\/219914\/","title":{"rendered":"Doda powstrzymywa\u0142a \u0142zy podczas wizyty w Sobolewie. &#8222;To jest inna skala zn\u0119cania&#8221;"},"content":{"rendered":"<p class=\"Paragraph_desktopParagraph__U31Gm\">Od pocz\u0105tku miesi\u0105ca <a href=\"https:\/\/plejada.pl\/temat\/doda-piosenkarka-dorota-rabczewska\/69zbzpz\" id=\"50cc022a-1dd6-4f25-a09c-144c3b2805bf\" rel=\"nofollow noopener\" target=\"_blank\">Doda<\/a> aktywnie anga\u017cuje si\u0119 w pomoc zwierz\u0119tom w schroniskach. Najpierw ruszy\u0142a z pomoc\u0105 w czasie niebezpiecznych mroz\u00f3w, kupuj\u0105c kurtki oraz akcesoria niezb\u0119dne do ogrzania bud. Nied\u0142ugo p\u00f3\u017aniej odwiedzi\u0142a schronisko w Bytomiu, nie kryj\u0105c oburzenia wobec panuj\u0105cych tam warunk\u00f3w.<\/p>\n<p class=\"Paragraph_desktopParagraph__U31Gm\">W czwartek, 22 stycznia, przyjecha\u0142a do Sobolewa, gdzie spotka\u0142a si\u0119 z w\u00f3jtem gminy w sprawie prywatnego schroniska &#8222;Happy Dog&#8221;. Ju\u017c w 2019 r. w\u0142a\u015bcicielowi tego miejsca zarzucano m.in. agresj\u0119 wobec zwierz\u0105t, kt\u00f3re mia\u0142y przebywa\u0107 w dramatycznych warunkach.<\/p>\n<ul class=\"OchatFollowUps_wrapper__1ry7X\">\n<li class=\"OchatFollowUps_item__Dhyly OchatFollowUps_itemDesktop__R6aBv\">Dlaczego Doda p\u0142aka\u0142a podczas wizyty w Sobolewie?<\/li>\n<li class=\"OchatFollowUps_item__Dhyly OchatFollowUps_itemDesktop__R6aBv\">Co m\u00f3wi\u0142a Doda o schronisku 'Happy Dog&#8217;?<\/li>\n<li class=\"OchatFollowUps_item__Dhyly OchatFollowUps_itemDesktop__R6aBv\">Jakie dzia\u0142ania podj\u0119\u0142a Doda na rzecz zwierz\u0105t?<\/li>\n<li class=\"OchatFollowUps_item__Dhyly OchatFollowUps_itemDesktop__R6aBv\">Czym r\u00f3\u017cni si\u0119 sytuacja w schronisku w Sobolewie od tego w Bytomiu?<\/li>\n<\/ul>\n<p>Doda powstrzymywa\u0142a \u0142zy podczas wizyty w Sobolewie. &#8222;To jest inny rodzaj zn\u0119cania&#8221; <\/p>\n<p class=\"Paragraph_desktopParagraph__U31Gm\">Doda udzieli\u0142a wywiadu serwisowi Jastrz\u0105b Post, relacjonuj\u0105c spotkanie z w\u00f3jtem. &#8222;Pan Marian, kierownik schroniska, to inny przypadek ni\u017c Bytom. I jest to dziesi\u0119\u0107 razy gorsza sytuacja. On dostaje 3 tys. z\u0142 za od\u0142owienie psa jednorazowo, w zwi\u0105zku z powy\u017cszym nie op\u0142aca\u0142a mu si\u0119 tych zwierz\u0105t ani karmi\u0107, ani leczy\u0107, ani utrzymywa\u0107. (&#8230;) Doskonale wiemy, w kt\u00f3re miejsce wywozi cia\u0142a. (&#8230;) Czekamy a\u017c zejdzie mr\u00f3z, odkopiemy te miejsca&#8221; \u2014 m\u00f3wi\u0142a.<\/p>\n<blockquote>\n<p class=\"Paragraph_desktopParagraph__U31Gm\">To jest inny rodzaj zn\u0119cania i inna skala zn\u0119cania. To jest sytuacja, w kt\u00f3rej 200 ps\u00f3w, wchodz\u0105c do schroniska, wchodzi do jeszcze wi\u0119kszego piek\u0142a. Miesi\u0105cami s\u0105 g\u0142odzone <\/p>\n<\/blockquote>\n<p class=\"Paragraph_desktopParagraph__U31Gm\">\u2014 kontynuowa\u0142a. Gwiazda podkre\u015bli\u0142a, \u017ce nale\u017cy doprowadzi\u0107 do zerwania umowy przez w\u00f3jta. &#8222;Jeden ruch, kt\u00f3ry ma na wyci\u0105gni\u0119cie r\u0119ki. To by wystarczy\u0142o, \u017ceby nie by\u0142o gdzie prowadzi\u0107 tego schroniska&#8221; \u2014 stwierdzi\u0142a. W pewnym momencie ledwo powstrzymywa\u0142a \u0142zy podczas rozmowy z mediami.<\/p>\n<p class=\"Paragraph_desktopParagraph__U31Gm\">Mazowiecki Urz\u0105d Wojew\u00f3dzki odni\u00f3s\u0142 si\u0119 do sytuacji w schronisku w grudniu 2025 r. Wed\u0142ug o\u015bwiadczenia nie dochodzi\u0142o do zaniedba\u0144 zwierz\u0105t w tym miejscu.<\/p>\n<p class=\"Paragraph_desktopParagraph__U31Gm\">&#8222;Wyniki przeprowadzonych kontroli nie potwierdzaj\u0105 podnoszonych w mediach i przestrzeni internetowej ra\u017c\u0105cych nieprawid\u0142owo\u015bci i niedo\u017cywionych czy zaniedbanych zwierz\u0105t, poza tymi w trakcie leczenia. Nale\u017cy zaznaczy\u0107, \u017ce zwierz\u0119ta trafiaj\u0105ce do schronisk s\u0105 cz\u0119sto w z\u0142ej kondycji zdrowotnej, schorowane, po traumatycznych prze\u017cyciach skutkuj\u0105cych interwencyjnym odebraniem ze wzgl\u0119du na z\u0142e traktowanie przez cz\u0142owieka&#8221; \u2014 przekazali przedstawiciele.<\/p>\n<p><img decoding=\"async\" class=\"Image_image__0tuHp Image_autoHeight__f2n87 \" height=\"587\" width=\"878\" src=\"https:\/\/www.europesays.com\/pl\/wp-content\/uploads\/2026\/01\/H_ak9kpTURBXy8wYjBmOTFiM2VmMzI1NjhhM2Y2MjQ3OWZlZTY2YmIxYy5qcGeSlQLNA6wAwsOVAgDNAkvCw94AA6EwAaExAaEzw.jpeg\" alt=\"Doda\" loading=\"lazy\" \/>Piotr Andrzejczak \/ MW Media<\/p>\n<p>Doda<\/p>\n<p class=\"Paragraph_desktopParagraph__U31Gm\">Dzi\u0119kujemy, \u017ce przeczyta\u0142a\u015b\/e\u015b nasz artyku\u0142 do ko\u0144ca. W serwisie Plejada.pl ka\u017cdego dnia piszemy o najwa\u017cniejszych wydarzeniach show-biznesowych. B\u0105d\u017a na bie\u017c\u0105co! <a rel=\"nofollow noopener\" href=\"https:\/\/news.google.com\/publications\/CAAiEF0PeAlb7W1llpV_mwV2rL4qFAgKIhBdD3gJW-1tZZaVf5sFdqy-?hl=pl&amp;gl=PL&amp;ceid=PL%3Apl\" id=\"3789bdc1-8cc2-4724-8367-1db043b9d0f4\" target=\"_blank\">Obserwuj<\/a> Plejad\u0119 w Google. Odwied\u017a nas tak\u017ce na <a rel=\"nofollow noopener\" href=\"https:\/\/www.facebook.com\/plejadapl\" id=\"d0b7af23-4f14-4059-ad53-eeddf194ea9d\" target=\"_blank\">Facebooku<\/a>, <a rel=\"nofollow noopener\" href=\"https:\/\/www.instagram.com\/plejadapl\/\" id=\"011e4f9a-a69e-4b95-8323-ea30c12ff776\" target=\"_blank\">Instagramie<\/a>, <a rel=\"nofollow noopener\" href=\"https:\/\/www.youtube.com\/c\/plejada\" id=\"89a1363e-089b-4b38-bbfa-ffd9e2875fd8\" target=\"_blank\">YouTubie<\/a> oraz <a rel=\"nofollow noopener\" href=\"https:\/\/www.tiktok.com\/@plejada_pl\" id=\"3a6bdeab-da17-424d-ad37-64805762ba01\" target=\"_blank\">TikToku<\/a>.<\/p>\n<p class=\"Paragraph_desktopParagraph__U31Gm\">Chcesz podzieli\u0107 si\u0119 ciekawym newsem lub zaproponowa\u0107 temat? Skontaktuj si\u0119 z nami, pisz\u0105c e-maila na adres: <a href=\"https:\/\/www.onet.pl\/styl-zycia\/plejada\/doda-powstrzymywala-lzy-podczas-wizyty-w-sobolewie-to-jest-inna-skala-znecania\/mailto:plejada@redakcjaonet.pl\" id=\"9ee76b11-c0ae-4440-8666-c1ab2276eada\" rel=\"nofollow noopener\" target=\"_blank\">plejada@redakcjaonet.pl<\/a>.<\/p>\n<p><script async src=\"\/\/www.instagram.com\/embed.js\"><\/script><script async src=\"\/\/www.tiktok.com\/embed.js\"><\/script><\/p>\n","protected":false},"excerpt":{"rendered":"Od pocz\u0105tku miesi\u0105ca Doda aktywnie anga\u017cuje si\u0119 w pomoc zwierz\u0119tom w schroniskach. Najpierw ruszy\u0142a z pomoc\u0105 w czasie&hellip;\n","protected":false},"author":2,"featured_media":219915,"comment_status":"","ping_status":"","sticky":false,"template":"","format":"standard","meta":{"footnotes":""},"categories":[22],"tags":[7104,122,67,53,52,68,51,55,42,38,40,39,41,123,47,196,65,50],"class_list":{"0":"post-219914","1":"post","2":"type-post","3":"status-publish","4":"format-standard","5":"has-post-thumbnail","7":"category-rozrywka","8":"tag-doda_piosenkarka_dorota_rabczewska","9":"tag-entertainment","10":"tag-intextvideo_splayer","11":"tag-new_header","12":"tag-onet3","13":"tag-onet3d","14":"tag-onet3d_2i","15":"tag-phx","16":"tag-pl","17":"tag-poland","18":"tag-polish","19":"tag-polska","20":"tag-polski","21":"tag-rozrywka","22":"tag-screening_general","23":"tag-styl_zycia","24":"tag-update_me","25":"tag-v2021"},"share_on_mastodon":{"url":"https:\/\/pubeurope.com\/@pl\/115941070779965490","error":""},"_links":{"self":[{"href":"https:\/\/www.europesays.com\/pl\/wp-json\/wp\/v2\/posts\/219914","targetHints":{"allow":["GET"]}}],"collection":[{"href":"https:\/\/www.europesays.com\/pl\/wp-json\/wp\/v2\/posts"}],"about":[{"href":"https:\/\/www.europesays.com\/pl\/wp-json\/wp\/v2\/types\/post"}],"author":[{"embeddable":true,"href":"https:\/\/www.europesays.com\/pl\/wp-json\/wp\/v2\/users\/2"}],"replies":[{"embeddable":true,"href":"https:\/\/www.europesays.com\/pl\/wp-json\/wp\/v2\/comments?post=219914"}],"version-history":[{"count":0,"href":"https:\/\/www.europesays.com\/pl\/wp-json\/wp\/v2\/posts\/219914\/revisions"}],"wp:featuredmedia":[{"embeddable":true,"href":"https:\/\/www.europesays.com\/pl\/wp-json\/wp\/v2\/media\/219915"}],"wp:attachment":[{"href":"https:\/\/www.europesays.com\/pl\/wp-json\/wp\/v2\/media?parent=219914"}],"wp:term":[{"taxonomy":"category","embeddable":true,"href":"https:\/\/www.europesays.com\/pl\/wp-json\/wp\/v2\/categories?post=219914"},{"taxonomy":"post_tag","embeddable":true,"href":"https:\/\/www.europesays.com\/pl\/wp-json\/wp\/v2\/tags?post=219914"}],"curies":[{"name":"wp","href":"https:\/\/api.w.org\/{rel}","templated":true}]}}