{"id":220063,"date":"2026-01-23T00:33:11","date_gmt":"2026-01-23T00:33:11","guid":{"rendered":"https:\/\/www.europesays.com\/pl\/220063\/"},"modified":"2026-01-23T00:33:11","modified_gmt":"2026-01-23T00:33:11","slug":"trump-mrugnal-pierwszy-ale-szkoda-zostala-juz-wyrzadzona-w-europie-miarka-sie-przebrala-nie-mozemy-juz-dluzej-trzymac-sie-zludzenia","status":"publish","type":"post","link":"https:\/\/www.europesays.com\/pl\/220063\/","title":{"rendered":"Trump &#8222;mrugn\u0105\u0142&#8221; pierwszy, ale szkoda zosta\u0142a ju\u017c wyrz\u0105dzona. W Europie miarka si\u0119 przebra\u0142a. &#8222;Nie mo\u017cemy ju\u017c d\u0142u\u017cej trzyma\u0107 si\u0119 z\u0142udzenia&#8221;"},"content":{"rendered":"<p>Obietnica Trumpa, \u017ce nie u\u017cyje si\u0142y militarnej, aby odebra\u0107 Grenlandi\u0119 Danii, z\u0142agodzi\u0142a obawy Europejczyk\u00f3w przed najgorszym scenariuszem i spowodowa\u0142a odbicie na Wall Street. Kilka godzin p\u00f3\u017aniej, po spotkaniu z przyw\u00f3dc\u0105 NATO, prezydent USA og\u0142osi\u0142, \u017ce mo\u017ce wycofa\u0107 si\u0119 z gro\u017aby na\u0142o\u017cenia ce\u0142, poniewa\u017c zapewni\u0142 &#8222;ramy&#8221; porozumienia w sprawie Grenlandii, tym samym wycofuj\u0105c si\u0119 z jednej z naj\u015bmielszych zagrywek swojej prezydentury.<\/p>\n<p>Jednak jego ci\u0105g\u0142e wyrzuty pod adresem sojusznik\u00f3w, \u017ce s\u0105 &#8222;niewdzi\u0119czni&#8221; za to, \u017ce nie przekazali Stanom Zjednoczonym &#8222;w\u0142asno\u015bci i praw&#8221; do tego, co nazwa\u0142 &#8222;kawa\u0142kiem lodu&#8221;, nie zdo\u0142a\u0142y odwr\u00f3ci\u0107 pog\u0142\u0119biaj\u0105cego si\u0119 przekonania przyw\u00f3dc\u00f3w NATO i innych d\u0142ugoletnich sojusznik\u00f3w, \u017ce nie mog\u0105 ju\u017c uwa\u017ca\u0107 Stan\u00f3w Zjednoczonych za wiarygodnego sojusznika.<\/p>\n<p class=\"Paragraph_desktopParagraph__U31Gm\">\u2014 Wniosek dla Europy jest taki, \u017ce przeciwstawienie si\u0119 Trumpowi mo\u017ce przynie\u015b\u0107 efekty. Oczywi\u015bcie ulg\u0119 budzi fakt, \u017ce wycofa\u0142 si\u0119 z gro\u017aby u\u017cycia si\u0142y militarnej, ale istnieje r\u00f3wnie\u017c \u015bwiadomo\u015b\u0107, \u017ce mo\u017ce zmieni\u0107 zdanie \u2014 przyznaje anonimowo europejski urz\u0119dnik, kt\u00f3ry by\u0142 obecny podczas przem\u00f3wienia prezydenta USA. \u2014 Obietnice i o\u015bwiadczenia Trumpa s\u0105 niewiarygodne, ale jego pogarda dla Europy jest sta\u0142a. B\u0119dziemy musieli nadal wykazywa\u0107 determinacj\u0119 i wi\u0119ksz\u0105 niezale\u017cno\u015b\u0107, poniewa\u017c nie mo\u017cemy ju\u017c d\u0142u\u017cej kurczowo trzyma\u0107 si\u0119 z\u0142udzenia, \u017ce Ameryka jest nadal taka, jak\u0105 j\u0105 sobie wyobra\u017cali\u015bmy \u2014 podkre\u015bli\u0142.<\/p>\n<p class=\"Paragraph_desktopParagraph__U31Gm\">Nag\u0142a zmiana stanowiska Trumpa po tygodniach odmowy wykluczenia interwencji zbrojnej nast\u0105pi\u0142a dzie\u0144 po tym, jak szokuj\u0105ce wiadomo\u015bci z Grenlandii spowodowa\u0142y gwa\u0142towny spadek na \u015bwiatowych rynkach, powoduj\u0105c utrat\u0119 ponad 1,2 bln dol. (4 bln 323 mld z\u0142) warto\u015bci tylko w indeksie S&amp;P 500. Zmiana polityki prezydenta przypomina podobn\u0105 sytuacj\u0119 z kwietnia, kiedy to szybko <a href=\"https:\/\/www.onet.pl\/informacje\/onetwiadomosci\/donald-trump-cudem-uniknal-katastrofy-watpliwa-polityka\/tt92v24,79cfc278\" id=\"5e136784-e937-4aa8-92d2-80b754fab4de\" rel=\"nofollow noopener\" target=\"_blank\">wycofa\u0142 si\u0119 z wprowadzenia szeroko zakrojonych ce\u0142<\/a> po spadku na rynkach zwi\u0105zanym z jego polityk\u0105.<\/p>\n<p class=\"Paragraph_desktopParagraph__U31Gm\">Je\u015bli Trump nie zmieni zdania w sprawie u\u017cycia si\u0142 zbrojnych do zastraszenia Grenlandii i sojusznik\u00f3w USA z NATO, b\u0119dzie to zwyci\u0119stwo dla urz\u0119dnik\u00f3w administracji, takich jak sekretarz skarbu Scott Bessent, kt\u00f3ry we wtorek doradza\u0142 uczestnikom forum w Davos, aby nie reagowali zbyt emocjonalnie i nie eskalowali konfliktu z Trumpem, zapewniaj\u0105c zaniepokojonych Europejczyk\u00f3w, \u017ce wkr\u00f3tce wszystko si\u0119 u\u0142o\u017cy.<\/p>\n<p><img decoding=\"async\" class=\"Image_image__0tuHp Image_autoHeight__f2n87 \" height=\"587\" width=\"880\" src=\"https:\/\/www.europesays.com\/pl\/wp-content\/uploads\/2026\/01\/i7Ek9kpTURBXy80MzNiM2FiYTk3MTM5NTlmMTQ5YWY3ZmMwZDA4Y2VjYS5qcGeSlQLNA6wAwsOVAgDNAkvCw94AA6EwAaExAaEzw.jpeg\" alt=\"Prezydent USA Donald Trump opuszcza centrum kongresowe podczas \u015awiatowego Forum Ekonomicznego w Davos, 21 stycznia 2026 r\" loading=\"lazy\" \/>FABRICE COFFRINI\/AFP \/ AFP<\/p>\n<p>Prezydent USA Donald Trump opuszcza centrum kongresowe podczas \u015awiatowego Forum Ekonomicznego w Davos, 21 stycznia 2026 r<\/p>\n<p class=\"Paragraph_desktopParagraph__U31Gm\">Gro\u017aba u\u017cycia si\u0142y wydawa\u0142a si\u0119 mie\u0107 silne poparcie zast\u0119pcy szefa personelu Bia\u0142ego Domu Stephena Millera, kt\u00f3ry w wywiadzie udzielonym w tym miesi\u0105cu najsilniej wyrazi\u0142 te pragnienia, twierdz\u0105c, \u017ce Ameryka jest prawowitym w\u0142a\u015bcicielem Grenlandii i podkre\u015blaj\u0105c, \u017ce &#8222;prawdziwy \u015bwiat&#8221; to \u015bwiat &#8222;rz\u0105dzony si\u0142\u0105 i pot\u0119g\u0105&#8221;.<\/p>\n<p class=\"Paragraph_desktopParagraph__U31Gm\">Jednak pomijaj\u0105c Millera, wi\u0119kszo\u015b\u0107 postrzega\u0142a gro\u017ab\u0119 u\u017cycia si\u0142y jako pr\u00f3b\u0119 stworzenia d\u017awigni w ewentualnych negocjacjach. Gdyby Trump zdecydowa\u0142 si\u0119 na u\u017cycie si\u0142y militarnej, m\u00f3g\u0142by spotka\u0107 si\u0119 z oporem ze strony swoich najbli\u017cszych sojusznik\u00f3w, takich jak sekretarz stanu Marco Rubio i wiceprezydent J.D. Vance \u2014 uwa\u017ca osoba blisko zwi\u0105zana z administracj\u0105, kt\u00f3ra poprosi\u0142a o zachowanie anonimowo\u015bci.<\/p>\n<p class=\"Paragraph_desktopParagraph__U31Gm\">\u2014 Czy niekt\u00f3rzy wysocy rang\u0105 cz\u0142onkowie administracji rozmawiaj\u0105 ze swoimi najlepszymi przyjaci\u00f3\u0142mi ze \u015bwiata konserwatyst\u00f3w i medi\u00f3w i w zasadzie m\u00f3wi\u0105: &#8222;Tak, nie wiem, dlaczego to robimy&#8221;? Oczywi\u015bcie, ale my\u015bl\u0119, \u017ce s\u0105 to rozmowy poufne \u2014 przyznaje rozm\u00f3wca.<\/p>\n<p>&#8222;Narracja Trumpa to bzdura&#8221; <\/p>\n<p class=\"Paragraph_desktopParagraph__U31Gm\">Europejczycy coraz g\u0142o\u015bniej wyra\u017caj\u0105 swoje rosn\u0105ce obawy. Kiedy Trump przyby\u0142 w \u015brod\u0119 po po\u0142udniu do pokrytych \u015bniegiem Alp Szwajcarskich na coroczn\u0105 konferencj\u0119 gigant\u00f3w biznesu i polityki, Zach\u00f3d pozostawa\u0142 w napi\u0119ciu. Atmosfera eskalowa\u0142a po tym, jak prezydent og\u0142osi\u0142 w ostatni weekend, \u017ce zamierza podwy\u017cszy\u0107 c\u0142a dla kilku kraj\u00f3w europejskich, kt\u00f3re wys\u0142a\u0142y wojska na Grenlandi\u0119 w celu przeprowadzenia \u0107wicze\u0144 wojskowych. W obliczu gro\u017aby ameryka\u0144skiego prezydenta wobec suwerenno\u015bci terytorialnej jednego sojusznika i stosowania taktyki ekonomicznego przymusu wobec innych, europejscy przyw\u00f3dcy otwarcie opracowywali strategi\u0119 odwetu.<\/p>\n<p class=\"Paragraph_desktopParagraph__U31Gm\">Takie podej\u015bcie stanowi\u0142o znacz\u0105c\u0105 zmian\u0119 w stosunku do pierwszego roku urz\u0119dowania Trumpa, kiedy to europejscy przyw\u00f3dcy podj\u0119li walk\u0119, ale ostatecznie w du\u017cej mierze zaakceptowali jego warunki. NATO niech\u0119tnie zgodzi\u0142o si\u0119 zwi\u0119kszy\u0107 wydatki na obron\u0119, przejmuj\u0105c ca\u0142o\u015b\u0107 obci\u0105\u017cenia finansowego zwi\u0105zanego z pomoc\u0105 dla Ukrainy, a Unia Europejska zaakceptowa\u0142a 15-procentowe c\u0142o na wszystkie eksportowane do Stan\u00f3w Zjednoczonych towary, aby powstrzyma\u0107 prezydenta przed zerwaniem sojuszu i porzuceniem Ukrainy.<\/p>\n<p class=\"Paragraph_desktopParagraph__U31Gm\">Jednak bezczelne wyzwanie rzucone przez Trumpa Danii w sprawie Grenlandii i szokuj\u0105ce lekcewa\u017cenie suwerenno\u015bci terytorialnej Europy stanowi\u0142y naruszenie o wiele bardziej niepokoj\u0105ce. \u017b\u0105danie, aby Dania, niez\u0142omny sojusznik NATO, pozwoli\u0142a mu kupi\u0107 Grenlandi\u0119 \u2014 i do \u015brody podtrzymywanie perspektywy u\u017cycia si\u0142y militarnej w celu jej przej\u0119cia \u2014 grozi\u0142o przekroczeniem czerwonej linii dla Europy i skutecznym zniszczeniem 80 lat wsp\u00f3\u0142pracy, burz\u0105c struktur\u0119 sojuszu, kt\u00f3r\u0105 Ameryka w du\u017cej mierze zbudowa\u0142a, aby unikn\u0105\u0107 w\u0142a\u015bnie tego rodzaju imperialistycznych podboj\u00f3w, na kt\u00f3rych Trump nagle wydaje si\u0119 skupia\u0107.<\/p>\n<p class=\"Paragraph_desktopParagraph__U31Gm\">\u2014 To nie jest tylko dziwne i trudne do zrozumienia. Graniczy to z czym\u015b nie do pomy\u015blenia i dlatego Europa reaguje inaczej ni\u017c przedtem, zanim Grenlandia znalaz\u0142a si\u0119 w centrum uwagi \u2014 zauwa\u017ca Charles Kupchan, dyrektor ds. studi\u00f3w europejskich w Radzie Stosunk\u00f3w Zagranicznych i by\u0142y doradca prezydenta Baracka Obamy.<\/p>\n<p class=\"Paragraph_desktopParagraph__U31Gm\">Wpisy Trumpa w mediach spo\u0142eczno\u015bciowych z ostatniego weekendu, w kt\u00f3rych og\u0142osi\u0142, \u017ce zamierza podwy\u017cszy\u0107 c\u0142a dla kraj\u00f3w europejskich, kt\u00f3re wys\u0142a\u0142y wojska na Grenlandi\u0119 na \u0107wiczenia szkoleniowe, wywo\u0142a\u0142y ostr\u0105 reakcj\u0119 szef\u00f3w pa\u0144stw z ca\u0142ej Europy i spowodowa\u0142y lawin\u0119 prywatnych telefon\u00f3w i SMS-\u00f3w \u2014 z kt\u00f3rych cz\u0119\u015b\u0107 prezydent udost\u0119pni\u0142 w mediach spo\u0142eczno\u015bciowych \u2014 wzywaj\u0105cych go do bardziej konstruktywnej wsp\u00f3\u0142pracy w celu zapewnienia bezpiecze\u0144stwa w Arktyce.<\/p>\n<p class=\"Paragraph_desktopParagraph__U31Gm\">Nie powstrzyma\u0142o to Trumpa przed dalszym potwierdzaniem w \u015brod\u0119 zamiaru nabycia Grenlandii w drodze negocjacji, mimo \u017ce przewa\u017caj\u0105ca wi\u0119kszo\u015b\u0107 mieszka\u0144c\u00f3w Grenlandii sprzeciwia si\u0119 \u017cyciu pod kontrol\u0105 Stan\u00f3w Zjednoczonych.<\/p>\n<p class=\"Paragraph_desktopParagraph__U31Gm\">\u2014 Nie cieszmy si\u0119 zbytnio, \u017ce wykluczy\u0142 przemoc, poniewa\u017c by\u0142o to od pocz\u0105tku oburzaj\u0105ce \u2014 podkre\u015bla drugi europejski urz\u0119dnik w Davos. \u2014 A jego narracja na temat Grenlandii to bzdura. Nale\u017cy to g\u0142o\u015bno powiedzie\u0107 \u2014 dodaje.<\/p>\n<p class=\"Paragraph_desktopParagraph__U31Gm\">Trump, kt\u00f3ry spotka\u0142 si\u0119 w \u015brod\u0119 po po\u0142udniu z europejskimi przyw\u00f3dcami, aby om\u00f3wi\u0107 kwesti\u0119 Grenlandii, zasugerowa\u0142, \u017ce przej\u0119cie przez Stany Zjednoczone ogromnej wyspy po\u0142o\u017conej mi\u0119dzy Arktyk\u0105 a P\u00f3\u0142nocnym Atlantykiem le\u017cy w najlepszym interesie zar\u00f3wno Europy, jak i Ameryki. \u2014 Tylko Stany Zjednoczone mog\u0105 chroni\u0107 ten gigantyczny, ogromny l\u0105d, ten gigantyczny kawa\u0142ek lodu, zagospodarowa\u0107 go i sprawi\u0107, by by\u0142 dobry dla Europy i bezpieczny dla Europy \u2014 powiedzia\u0142.<\/p>\n<p class=\"Paragraph_desktopParagraph__U31Gm\">\u2014 Mo\u017cecie powiedzie\u0107 &#8222;tak&#8221;, a my b\u0119dziemy bardzo wdzi\u0119czni, lub mo\u017cecie powiedzie\u0107 &#8222;nie&#8221;, a my to zapami\u0119tamy \u2014 kontynuowa\u0142.<\/p>\n<p>Nie ma odwrotu <\/p>\n<p class=\"Paragraph_desktopParagraph__U31Gm\">S\u0142owa te nie rozwia\u0142y w pe\u0142ni rosn\u0105cych obaw demokratycznych przyw\u00f3dc\u00f3w, \u017ce \u015bwiat zmierza w nowym i przera\u017caj\u0105cym kierunku, oddalaj\u0105c si\u0119 od dziesi\u0119cioleci wzgl\u0119dnego pokoju i stabilno\u015bci i powracaj\u0105c do przedwojennej ery globalnych podboj\u00f3w.<\/p>\n<p class=\"Paragraph_desktopParagraph__U31Gm\">Premier Kanady Mark Carney, <a href=\"https:\/\/wiadomosci.onet.pl\/swiat\/mocne-przemowienie-premiera-kanady-dawny-porzadek-swiata-sie-zalamuje\/s88x8b9\" id=\"6622f670-7deb-431b-942b-116801f8787d\" rel=\"nofollow noopener\" target=\"_blank\">przemawiaj\u0105c we wtorek w Davos<\/a> przed przybyciem Trumpa, stanowczo o\u015bwiadczy\u0142, \u017ce nie ma ju\u017c odwrotu. \u2014 Ka\u017cdego dnia przypomina nam si\u0119, \u017ce \u017cyjemy w erze rywalizacji wielkich mocarstw \u2014 powiedzia\u0142 Carney. \u2014 \u017be porz\u0105dek oparty na zasadach zanika. \u017be silni robi\u0105, co mog\u0105, a s\u0142abi cierpi\u0105, bo musz\u0105.<\/p>\n<p class=\"Paragraph_desktopParagraph__U31Gm\">Wzywaj\u0105c demokratyczne narody do podj\u0119cia krok\u00f3w w celu zmniejszenia ich zale\u017cno\u015bci od Stan\u00f3w Zjednoczonych i podatno\u015bci na presj\u0119 ze strony Bia\u0142ego Domu, Carney wezwa\u0142 innych przyw\u00f3dc\u00f3w do zaakceptowania nowej rzeczywisto\u015bci, w kt\u00f3rej, jego zdaniem, dawny powojenny porz\u0105dek ju\u017c nie istnieje. \u2014 Powiem wprost: znajdujemy si\u0119 w \u015brodku prze\u0142omu, a nie transformacji.<\/p>\n<p><img decoding=\"async\" class=\"Image_image__0tuHp Image_autoHeight__f2n87 \" height=\"587\" width=\"880\" src=\"https:\/\/www.europesays.com\/pl\/wp-content\/uploads\/2026\/01\/tC8k9kpTURBXy8yMTA3ZmVlODY4YWY1NTZmMjI5M2MwNWIxNDYwYmFhNy5qcGeSlQLNA6wAwsOVAgDNAkvCw94AA6EwAaExAaEzw.jpeg\" alt=\"Premier Kanady Mark Carney wyg\u0142asza przem\u00f3wienie podczas \u015awiatowego Forum Ekonomicznego w Davos, 20 stycznia 2026 r.\" loading=\"lazy\" \/>FABRICE COFFRINI\/AFP \/ AFP<\/p>\n<p>Premier Kanady Mark Carney wyg\u0142asza przem\u00f3wienie podczas \u015awiatowego Forum Ekonomicznego w Davos, 20 stycznia 2026 r.<\/p>\n<p class=\"Paragraph_desktopParagraph__U31Gm\">W \u015brod\u0119 Trump da\u0142 jasno do zrozumienia, \u017ce zapozna\u0142 si\u0119 z wypowiedzi\u0105 Carney&#8217;a, nawi\u0105zuj\u0105c do zale\u017cno\u015bci Kanady od Stan\u00f3w Zjednoczonych i sugeruj\u0105c nawet, \u017ce jej bezpiecze\u0144stwo nadal zale\u017cy od ameryka\u0144skiej technologii obronnej. \u2014 Powinni by\u0107 nam wdzi\u0119czni \u2014 m\u00f3wi\u0142. \u2014 Kanada istnieje dzi\u0119ki Stanom Zjednoczonym. Pami\u0119taj o tym, Mark, kiedy nast\u0119pnym razem b\u0119dziesz wyg\u0142asza\u0107 swoje o\u015bwiadczenia \u2014 doda\u0142. Ta ukryta gro\u017aba w pewnym sensie mog\u0142a podkre\u015bli\u0107 racj\u0119 kanadyjskiego przyw\u00f3dcy.<\/p>\n<p class=\"Paragraph_desktopParagraph__U31Gm\">W obliczu ci\u0105g\u0142ych gr\u00f3\u017ab podwy\u017cszenia ce\u0142 ze strony Bia\u0142ego Domu, nawet po tym, jak Trump wycofa\u0142 si\u0119 z gro\u017aby aneksji kraju, Kanada postanowi\u0142a zr\u00f3wnowa\u017cy\u0107 swoje relacje handlowe z innymi krajami, w tym z Chinami, aby zmniejszy\u0107 swoj\u0105 zale\u017cno\u015b\u0107 gospodarcz\u0105 od Stan\u00f3w Zjednoczonych.<\/p>\n<p class=\"Paragraph_desktopParagraph__U31Gm\">W Europie przyw\u00f3dcy mog\u0105 p\u00f3j\u015b\u0107 w jej \u015blady. W zesz\u0142ym tygodniu Bruksela zatwierdzi\u0142a prze\u0142omow\u0105 umow\u0119 o wolnym handlu z blokiem Mercosur kraj\u00f3w Ameryki Po\u0142udniowej, d\u0142ugo oczekiwane porozumienie, kt\u00f3re w ostatnich miesi\u0105cach sta\u0142o si\u0119 jeszcze pilniejsze, aby zapewni\u0107 Europie ochron\u0119 przed protekcjonizmem Trumpa i przymusowymi \u015brodkami gospodarczymi.<\/p>\n<p class=\"Paragraph_desktopParagraph__U31Gm\">W Europie nadal istnieje nadzieja, \u017ce Trump ostatecznie zgodzi si\u0119 na co\u015b innego ni\u017c przej\u0119cie Grenlandii przez Stany Zjednoczone, zw\u0142aszcza po jego wyra\u017anym wycofaniu si\u0119 w \u015brod\u0119 z gro\u017aby ce\u0142 i u\u017cycia si\u0142y militarnej. Mo\u017ce to obejmowa\u0107 przyj\u0119cie sta\u0142ej oferty Danii dotycz\u0105cej zwi\u0119kszenia obecno\u015bci wojskowej Ameryki na wyspie, nie wspominaj\u0105c o umowach o wsp\u00f3\u0142pracy gospodarczej w celu eksploatacji zasob\u00f3w naturalnych, kt\u00f3re staj\u0105 si\u0119 coraz bardziej dost\u0119pne w zwi\u0105zku ze zmianami klimatycznymi.<\/p>\n<p class=\"Paragraph_desktopParagraph__U31Gm\">Jednak europejscy przyw\u00f3dcy coraz bardziej zdaj\u0105 sobie spraw\u0119, \u017ce ich mo\u017cliwo\u015bci kontrolowania Trumpa s\u0105 ograniczone i staraj\u0105 si\u0119 jak najszybciej ograniczy\u0107 swoj\u0105 zale\u017cno\u015b\u0107 od Stan\u00f3w Zjednoczonych.<\/p>\n<p>&#8222;Trump wierzy wy\u0142\u0105cznie w si\u0142\u0119&#8221; <\/p>\n<p class=\"Paragraph_desktopParagraph__U31Gm\">Anders Fogh Rasmussen, by\u0142y premier Danii i sekretarz generalny NATO, napisa\u0142 w tym tygodniu, \u017ce nadszed\u0142 czas, aby Europa zmieni\u0142a swoje stanowisko wobec Stan\u00f3w Zjednoczonych z bliskiego sojusznika na postaw\u0119 bardziej nastawion\u0105 na samoobron\u0119, charakteryzuj\u0105c\u0105 si\u0119 silniejszym wojskiem i wzajemnymi c\u0142ami.<\/p>\n<p class=\"Paragraph_desktopParagraph__U31Gm\">&#8222;Trump, podobnie jak W\u0142adimir Putin i Xi Jinping, wierzy wy\u0142\u0105cznie w si\u0142\u0119&#8221; \u2014 napisa\u0142, por\u00f3wnuj\u0105c prezydenta USA do przyw\u00f3dc\u00f3w Rosji i Chin. &#8222;Europa musi by\u0107 przygotowana na gr\u0119 wed\u0142ug tych samych zasad&#8221;.<\/p>\n<p class=\"Paragraph_desktopParagraph__U31Gm\">Gro\u017aby Trumpa wobec Danii zburzy\u0142y utrwalony od dawna pogl\u0105d na temat Stan\u00f3w Zjednoczonych, \u017ce po 80 latach przeciwstawiania si\u0119 imperialistycznym zdobywcom, od Niemiec Adolfa Hitlera po Irak Saddama Husajna, Waszyngton zawsze b\u0119dzie sta\u0142 na czele dzia\u0142a\u0144 maj\u0105cych na celu egzekwowanie porz\u0105dku \u015bwiatowego opartego na wsp\u00f3lnych idea\u0142ach demokratycznych.<\/p>\n<p class=\"Paragraph_desktopParagraph__U31Gm\">Nagle wysi\u0142ki USA zosta\u0142y skierowane przeciwko d\u0142ugoletnim sojusznikom. \u2014 Klejnotem w koronie naszej pot\u0119gi i naszej roli w \u015bwiecie zawsze by\u0142 nasz system sojuszy \u2014 zauwa\u017ca Jeremy Shapiro, d\u0142ugoletni pracownik Departamentu Stanu w administracji prezydenta Baracka Obamy, obecnie cz\u0142onek Europejskiej Rady Stosunk\u00f3w Zagranicznych w Waszyngtonie.<\/p>\n<p class=\"Paragraph_desktopParagraph__U31Gm\">Shapiro zwraca uwag\u0119, \u017ce od zako\u0144czenia II wojny \u015bwiatowej Stany Zjednoczone nadal stosowa\u0142y czasami tward\u0105 si\u0142\u0119, zw\u0142aszcza na w\u0142asnej p\u00f3\u0142kuli. Jednak og\u00f3lnie rzecz bior\u0105c, ameryka\u0144ska polityka zagraniczna w du\u017cej mierze opiera\u0142a si\u0119 na mi\u0119kkiej sile, kt\u00f3ra, jak podkre\u015bla, &#8222;jest znacznie ta\u0144sza, znacznie mniej przymusowa, znacznie bardziej moralna i etyczna oraz trwalsza&#8221;.<\/p>\n<p class=\"Paragraph_desktopParagraph__U31Gm\">Powr\u00f3t do prawa d\u017cungli i \u015bwiata, w kt\u00f3rym wi\u0119ksze mocarstwa poch\u0142aniaj\u0105 mniejsze, sprawi, \u017ce Stany Zjednoczone b\u0119d\u0105 bardziej przypomina\u0142y Rosj\u0119 i Chiny \u2014 dwa kraje, kt\u00f3re wed\u0142ug niego zagra\u017caj\u0105 interesom USA w Grenlandii \u2014 i w d\u0142u\u017cszej perspektywie stan\u0105 si\u0119 s\u0142absze.<\/p>\n<p class=\"Paragraph_desktopParagraph__U31Gm\">\u2014 Odej\u015bcie od naszych sprawdzonych metod na rzecz metod Putina jest gorsze ni\u017c przest\u0119pstwo \u2014 powiedzia\u0142. \u2014 To idiotyzm.<\/p>\n","protected":false},"excerpt":{"rendered":"Obietnica Trumpa, \u017ce nie u\u017cyje si\u0142y militarnej, aby odebra\u0107 Grenlandi\u0119 Danii, z\u0142agodzi\u0142a obawy Europejczyk\u00f3w przed najgorszym scenariuszem i&hellip;\n","protected":false},"author":2,"featured_media":220064,"comment_status":"","ping_status":"","sticky":false,"template":"","format":"standard","meta":{"footnotes":""},"categories":[16],"tags":[56,113,112,58,416,40522,9796,67,41059,1395,53,52,68,51,55,42,38,40,39,41,47,59,65,50,26],"class_list":{"0":"post-220063","1":"post","2":"type-post","3":"status-publish","4":"format-standard","5":"has-post-thumbnail","7":"category-biznes","8":"tag-article_premium","9":"tag-biznes","10":"tag-business","11":"tag-donald_trump_prezydent_usa","12":"tag-europa_kontynent","13":"tag-forum_ekonomiczne_w_davos","14":"tag-grenlandia","15":"tag-intextvideo_splayer","16":"tag-mark_carney_kanadyjski_premier","17":"tag-nato_sojusz_polnocnoatlantycki","18":"tag-new_header","19":"tag-onet3","20":"tag-onet3d","21":"tag-onet3d_2i","22":"tag-phx","23":"tag-pl","24":"tag-poland","25":"tag-polish","26":"tag-polska","27":"tag-polski","28":"tag-screening_general","29":"tag-stany_zjednoczone_usa","30":"tag-update_me","31":"tag-v2021","32":"tag-wiadomosci"},"share_on_mastodon":{"url":"","error":"Validation failed: Text character limit of 500 exceeded"},"_links":{"self":[{"href":"https:\/\/www.europesays.com\/pl\/wp-json\/wp\/v2\/posts\/220063","targetHints":{"allow":["GET"]}}],"collection":[{"href":"https:\/\/www.europesays.com\/pl\/wp-json\/wp\/v2\/posts"}],"about":[{"href":"https:\/\/www.europesays.com\/pl\/wp-json\/wp\/v2\/types\/post"}],"author":[{"embeddable":true,"href":"https:\/\/www.europesays.com\/pl\/wp-json\/wp\/v2\/users\/2"}],"replies":[{"embeddable":true,"href":"https:\/\/www.europesays.com\/pl\/wp-json\/wp\/v2\/comments?post=220063"}],"version-history":[{"count":0,"href":"https:\/\/www.europesays.com\/pl\/wp-json\/wp\/v2\/posts\/220063\/revisions"}],"wp:featuredmedia":[{"embeddable":true,"href":"https:\/\/www.europesays.com\/pl\/wp-json\/wp\/v2\/media\/220064"}],"wp:attachment":[{"href":"https:\/\/www.europesays.com\/pl\/wp-json\/wp\/v2\/media?parent=220063"}],"wp:term":[{"taxonomy":"category","embeddable":true,"href":"https:\/\/www.europesays.com\/pl\/wp-json\/wp\/v2\/categories?post=220063"},{"taxonomy":"post_tag","embeddable":true,"href":"https:\/\/www.europesays.com\/pl\/wp-json\/wp\/v2\/tags?post=220063"}],"curies":[{"name":"wp","href":"https:\/\/api.w.org\/{rel}","templated":true}]}}