{"id":220243,"date":"2026-01-23T06:20:08","date_gmt":"2026-01-23T06:20:08","guid":{"rendered":"https:\/\/www.europesays.com\/pl\/220243\/"},"modified":"2026-01-23T06:20:08","modified_gmt":"2026-01-23T06:20:08","slug":"stalo-sie-bedzie-hit-oto-rywalka-aryny-sabalenki-w-australian-open-przeglad-sportowy-onet","status":"publish","type":"post","link":"https:\/\/www.europesays.com\/pl\/220243\/","title":{"rendered":"Sta\u0142o si\u0119, b\u0119dzie hit! Oto rywalka Aryny Sabalenki w Australian Open &#8211; Przegl\u0105d Sportowy Onet"},"content":{"rendered":"<ol>\n<li><a href=\"https:\/\/news.google.com\/rss\/articles\/CBMi1AFBVV95cUxQSFJWLXg1YmRLUnQyQ2U2LUJpbVdmSXF4dk5VSFB3dGstUTBMUmpHZHozS0t3QlJpZGNMa3VZYmkxbGJSWnJoNGRXZE1YNnFxd2NyeGdwQjNoOWpWYlg0YllSV1NoWG5CYjRRNmRWWEtLck95NkdkNGZON2xKMmxPVXRYTkRkLWRRSDdYTWd6RzJOMXdodF9saXlrZ0Q3MFBPM3hKSGVzWmxQWXFKWjlHVm1aVEtQMmJxTUZVUWdaM2pEZFhFY2FnaE0wUGQ3TnN4YW1vMw?oc=5\" target=\"_blank\" rel=\"nofollow noopener\">Sta\u0142o si\u0119, b\u0119dzie hit! Oto rywalka Aryny Sabalenki w Australian Open<\/a>&nbsp;&nbsp;Przegl\u0105d Sportowy Onet<\/li>\n<li><a href=\"https:\/\/news.google.com\/rss\/articles\/CBMiwwFBVV95cUxQYVVpQV9KM0g5dDk0ZXVmeE0zT3l1STMxLV9oWWJHVmZ2a2lCbnY5MDl6Q3RGX3UwbFZOM2NFY0lsdmpTQm5hejNDV1VQMEdFWGRyTEFPRkdkZFhWdVdIUC14dkdQSEJ4X0VXU244N2NUcGdPc2NVRTNMcGlZN09UMkxSNHQ3N2Vwc09sY2hvXzhJQVpGLS1IYVpVMVBzZHlMczlyYlAwVE5oSzhOQktsdFFwcU9wTjNQdnFJZ1JxSTdvQTA?oc=5\" target=\"_blank\" rel=\"nofollow noopener\">Sabalenka pozbawiona szansy na rewan\u017c. Jednak triumf Mboko, 139 minut pasjonuj\u0105cej walki<\/a>&nbsp;&nbsp;Sport w INTERIA.PL<\/li>\n<li><a href=\"https:\/\/news.google.com\/rss\/articles\/CBMiogFBVV95cUxNTTlfeFU2QTNnMUhXZV8yLVJZSVk2WEowTWZTX2xHcFFpUHZ4X0lYSjFDYk1vYUthQXFXTnl3cWdhVnFlYzRBR3N6bkJRcE5hYks3aE4wNmVhcTVUZGdzaHZWVWhLQkdnRWJKSWZVRUYtZEIxM3VwRWtZTDFrTHZlZUhVZmNrbTc1RlRmMmhWUmt2Z25tdk1xWGNKMnNDVHV0UFE?oc=5\" target=\"_blank\" rel=\"nofollow noopener\">Ju\u017c osi\u0105gn\u0119\u0142a \u017cyciowy sukces. W 1\/8 fina\u0142u zagra z Sabalenk\u0105<\/a>&nbsp;&nbsp;SportoweFakty<\/li>\n<li><a href=\"https:\/\/news.google.com\/rss\/articles\/CBMikgFBVV95cUxQd2U1SEVPc1VleEJ6c0FEb3F3WjE4N0d0Um5BSDdwWWc0MTRkTHJDV2NnR0M0WkVOUjZSa0VGd0l5Y3BScEVvVHpiSG1UNUJKX0tFQlh0Tmk4YlBzU0NrUzJfUnhyazFOZUVLemhTQlNWajhSWUJxWVowLTFzYk1WV3FXZkV5SmJuWFl4WlZFRUxnUdIBmgFBVV95cUxPNWRUWktVdWcwS0FOSFl0LVhxY0F1a0RfX1dhdDlfUEVRc2hWR0lFeG54Q3ZKUHdDWDZwZmVuVkkwWEN2Y3haT1pKS18xN19oM0xFamNucjBlWm5EZEl5djRCOFNEaGZVcW9XVXIyT1Brb25mcDdzSkE5eVEzSXNGTEU1ajhFZ0pxcnFiQUw1dkdseFhITzNKeDFR?oc=5\" target=\"_blank\" rel=\"nofollow noopener\">Mboko awansuje do trzeciej rundy i uspokaja w sprawie kontuzji<\/a>&nbsp;&nbsp;Tenis NET<\/li>\n<li><a href=\"https:\/\/news.google.com\/rss\/articles\/CBMihAFBVV95cUxOVFktQ1pBLWcwaVFSbUNHX0Z6TEU2cEs0b2dSSGRkLXdUa1RoUnJENXJTTzdvZUJPZzRQUXdSaWpoQXQyNGZaRTZpamhfUW11UjEzcldSeGVMSFRTUy1NcTh3Mnd0SjVfMXdkM3QwbnN4UzVhWktQeFBGM3lQamZaM1A4NHU?oc=5\" target=\"_blank\" rel=\"nofollow noopener\">Victoria Mboko \u2013 Clara Tauson Typy, Kursy, Zak\u0142ady 23.01.26<\/a>&nbsp;&nbsp;Etoto<\/li>\n<\/ol>\n","protected":false},"excerpt":{"rendered":"Sta\u0142o si\u0119, b\u0119dzie hit! Oto rywalka Aryny Sabalenki w Australian Open&nbsp;&nbsp;Przegl\u0105d Sportowy Onet Sabalenka pozbawiona szansy na rewan\u017c.&hellip;\n","protected":false},"author":2,"featured_media":220244,"comment_status":"","ping_status":"","sticky":false,"template":"","format":"standard","meta":{"footnotes":"","_share_on_mastodon":"0"},"categories":[24],"tags":[1352,12889,11503,67,549,42,38,40,39,41,136,128,47,127,135,126,156,6298],"class_list":["post-220243","post","type-post","status-publish","format-standard","has-post-thumbnail","category-sport","tag-aryna_sabalenka","tag-australian_open","tag-clara_tauson","tag-intextvideo_splayer","tag-pber","tag-pl","tag-poland","tag-polish","tag-polska","tag-polski","tag-ps_detal_new","tag-psv2","tag-screening_general","tag-sport","tag-sport_sport","tag-sports","tag-tenis","tag-victoria_mboko"],"share_on_mastodon":{"url":"https:\/\/pubeurope.com\/@pl\/115942971670627223","error":""},"_links":{"self":[{"href":"https:\/\/www.europesays.com\/pl\/wp-json\/wp\/v2\/posts\/220243","targetHints":{"allow":["GET"]}}],"collection":[{"href":"https:\/\/www.europesays.com\/pl\/wp-json\/wp\/v2\/posts"}],"about":[{"href":"https:\/\/www.europesays.com\/pl\/wp-json\/wp\/v2\/types\/post"}],"author":[{"embeddable":true,"href":"https:\/\/www.europesays.com\/pl\/wp-json\/wp\/v2\/users\/2"}],"replies":[{"embeddable":true,"href":"https:\/\/www.europesays.com\/pl\/wp-json\/wp\/v2\/comments?post=220243"}],"version-history":[{"count":0,"href":"https:\/\/www.europesays.com\/pl\/wp-json\/wp\/v2\/posts\/220243\/revisions"}],"wp:featuredmedia":[{"embeddable":true,"href":"https:\/\/www.europesays.com\/pl\/wp-json\/wp\/v2\/media\/220244"}],"wp:attachment":[{"href":"https:\/\/www.europesays.com\/pl\/wp-json\/wp\/v2\/media?parent=220243"}],"wp:term":[{"taxonomy":"category","embeddable":true,"href":"https:\/\/www.europesays.com\/pl\/wp-json\/wp\/v2\/categories?post=220243"},{"taxonomy":"post_tag","embeddable":true,"href":"https:\/\/www.europesays.com\/pl\/wp-json\/wp\/v2\/tags?post=220243"}],"curies":[{"name":"wp","href":"https:\/\/api.w.org\/{rel}","templated":true}]}}