{"id":220267,"date":"2026-01-23T06:35:10","date_gmt":"2026-01-23T06:35:10","guid":{"rendered":"https:\/\/www.europesays.com\/pl\/220267\/"},"modified":"2026-01-23T06:35:10","modified_gmt":"2026-01-23T06:35:10","slug":"kilka-dni-temu-otwieral-pokaz-prady-teraz-mlody-polak-zaprezentowal-kolekcje-diora","status":"publish","type":"post","link":"https:\/\/www.europesays.com\/pl\/220267\/","title":{"rendered":"Kilka dni temu otwiera\u0142 pokaz Prady. Teraz m\u0142ody Polak zaprezentowa\u0142 kolekcj\u0119 Diora"},"content":{"rendered":"<p class=\"Paragraph_desktopParagraph__U31Gm\">W\u0142oska stolica mody w miniony weekend \u017cy\u0142a Fashion Weekiem, ale to w\u0142a\u015bnie Miko\u0142aj Ksi\u0119\u017copolski by\u0142 jednym z tych, kt\u00f3rzy przyci\u0105gn\u0119li uwag\u0119 medi\u00f3w. Model, zwi\u0105zany z agencj\u0105 Selective Management \u2014 t\u0105 sam\u0105, z kt\u00f3r\u0105 wsp\u00f3\u0142pracowali m.in. Karolina Pisarek, Sofia Konecka czy Dominik Szyma\u0144ski, zwyci\u0119zcy i uczestnicy &#8222;Top Model&#8221; \u2014 <a href=\"https:\/\/plejada.pl\/newsy\/polak-zrobil-furore-na-fashion-weeku-w-mediolanie-pisza-o-nim-zagraniczne-media\/j9g8s2q\" id=\"af1b4b0c-54ce-445f-b4f0-5656161263df\" rel=\"nofollow noopener\" target=\"_blank\">otworzy\u0142 pokaz Prady <\/a>prezentuj\u0105cy kolekcj\u0119 na sezon jesie\u0144\/zima 2026.<\/p>\n<p class=\"Paragraph_desktopParagraph__U31Gm\">Jego kariera nabra\u0142a tempa dwa lata temu, gdy wed\u0142ug portalu Fashion Biznes \u2014 jeszcze jako pracownik kawiarni \u2014 otrzyma\u0142 propozycj\u0119 wsp\u00f3\u0142pracy od Selective Management. Dzi\u015b mo\u017ce pochwali\u0107 si\u0119 sukcesami na \u015bwiatow\u0105 skal\u0119.<\/p>\n<ul class=\"OchatFollowUps_wrapper__1ry7X\">\n<li class=\"OchatFollowUps_item__Dhyly OchatFollowUps_itemDesktop__R6aBv\">Kiedy Miko\u0142aj Ksi\u0119\u017copolski otworzy\u0142 pokaz Prady?<\/li>\n<li class=\"OchatFollowUps_item__Dhyly OchatFollowUps_itemDesktop__R6aBv\">Jakie wydarzenie mia\u0142o miejsce 21 stycznia?<\/li>\n<li class=\"OchatFollowUps_item__Dhyly OchatFollowUps_itemDesktop__R6aBv\">Od jakiego czasu Miko\u0142aj Ksi\u0119\u017copolski zwi\u0105zany jest z agencj\u0105 Selective Management?<\/li>\n<li class=\"OchatFollowUps_item__Dhyly OchatFollowUps_itemDesktop__R6aBv\">Kto przygotowa\u0142 kolekcj\u0119 Diora, w kt\u00f3rej wyst\u0105pi\u0142 Miko\u0142aj Ksi\u0119\u017copolski?<\/li>\n<\/ul>\n<p>Polak podbija \u015bwiat mody <\/p>\n<p class=\"Paragraph_desktopParagraph__U31Gm\">21 stycznia przyni\u00f3s\u0142 kolejny prze\u0142om. Podczas prezentacji m\u0119skiej kolekcji Diora na sezon jesie\u0144-zima 2026\/2027, inspirowanej stylem lat 80. XX w i przygotowanej przez Jonathana Andersona, Miko\u0142aj Ksi\u0119\u017copolski ponownie pojawi\u0142 si\u0119 na wybiegu, potwierdzaj\u0105c swoj\u0105 pozycj\u0119 w \u015bwiecie mody.<\/p>\n<p class=\"Paragraph_desktopParagraph__U31Gm\">Polak, kt\u00f3ry jeszcze niedawno by\u0142 anonimowy, dzi\u015b staje si\u0119 jednym z najbardziej rozpoznawalnych modeli m\u0142odego pokolenia. Czy to pocz\u0105tek mi\u0119dzynarodowej kariery na miar\u0119 najwi\u0119kszych nazwisk bran\u017cy? Czas poka\u017ce, ale ju\u017c teraz Miko\u0142aj Ksi\u0119\u017copolski udowadnia, \u017ce polscy modele maj\u0105 swoje miejsce na \u015bwiatowych wybiegach.<\/p>\n<p class=\"Paragraph_desktopParagraph__U31Gm\">Dzi\u0119kujemy, \u017ce przeczyta\u0142a\u015b\/e\u015b nasz artyku\u0142 do ko\u0144ca. W serwisie Plejada.pl ka\u017cdego dnia piszemy o najwa\u017cniejszych wydarzeniach show-biznesowych. B\u0105d\u017a na bie\u017c\u0105co! <a rel=\"nofollow noopener\" href=\"https:\/\/news.google.com\/publications\/CAAiEF0PeAlb7W1llpV_mwV2rL4qFAgKIhBdD3gJW-1tZZaVf5sFdqy-?hl=pl&amp;gl=PL&amp;ceid=PL%3Apl\" id=\"a8ce3ed7-b2a0-4b95-a807-e90dbd1bb45d\" target=\"_blank\">Obserwuj<\/a> Plejad\u0119 w Wiadomo\u015bciach Google. Odwied\u017a nas tak\u017ce na <a rel=\"nofollow noopener\" href=\"https:\/\/www.facebook.com\/plejadapl\" id=\"4622490e-05ce-4a26-ab88-4e8c96007e56\" target=\"_blank\">Facebooku<\/a>, <a rel=\"nofollow noopener\" href=\"https:\/\/www.instagram.com\/plejadapl\/\" id=\"2dfaa397-820b-4c49-b989-4ee663d5a4d2\" target=\"_blank\">Instagramie<\/a>, <a rel=\"nofollow noopener\" href=\"https:\/\/www.youtube.com\/c\/plejada\" id=\"9d4309ec-6723-4200-8495-b3873253620d\" target=\"_blank\">YouTubie<\/a> oraz <a rel=\"nofollow noopener\" href=\"https:\/\/www.tiktok.com\/@plejada_pl\" id=\"092cd5ab-1552-4ecc-9143-e78f7f27f343\" target=\"_blank\">TikToku<\/a>.<\/p>\n<p class=\"Paragraph_desktopParagraph__U31Gm\">Chcesz podzieli\u0107 si\u0119 ciekawym newsem lub zaproponowa\u0107 temat? Skontaktuj si\u0119 z nami, pisz\u0105c maila na adres: plejada@redakcjaonet.pl.<\/p>\n<p><script async src=\"\/\/www.instagram.com\/embed.js\"><\/script><script async src=\"\/\/www.tiktok.com\/embed.js\"><\/script><\/p>\n","protected":false},"excerpt":{"rendered":"W\u0142oska stolica mody w miniony weekend \u017cy\u0142a Fashion Weekiem, ale to w\u0142a\u015bnie Miko\u0142aj Ksi\u0119\u017copolski by\u0142 jednym z tych,&hellip;\n","protected":false},"author":2,"featured_media":220268,"comment_status":"","ping_status":"","sticky":false,"template":"","format":"standard","meta":{"footnotes":""},"categories":[22],"tags":[41066,122,67,922,1336,53,52,68,51,55,42,38,40,39,41,123,47,196,1607,65,50],"class_list":{"0":"post-220267","1":"post","2":"type-post","3":"status-publish","4":"format-standard","5":"has-post-thumbnail","7":"category-rozrywka","8":"tag-dior","9":"tag-entertainment","10":"tag-intextvideo_splayer","11":"tag-moda_pokazy_mody_ubrania_design","12":"tag-modeling","13":"tag-new_header","14":"tag-onet3","15":"tag-onet3d","16":"tag-onet3d_2i","17":"tag-phx","18":"tag-pl","19":"tag-poland","20":"tag-polish","21":"tag-polska","22":"tag-polski","23":"tag-rozrywka","24":"tag-screening_general","25":"tag-styl_zycia","26":"tag-time_limited","27":"tag-update_me","28":"tag-v2021"},"share_on_mastodon":{"url":"https:\/\/pubeurope.com\/@pl\/115943029079889406","error":""},"_links":{"self":[{"href":"https:\/\/www.europesays.com\/pl\/wp-json\/wp\/v2\/posts\/220267","targetHints":{"allow":["GET"]}}],"collection":[{"href":"https:\/\/www.europesays.com\/pl\/wp-json\/wp\/v2\/posts"}],"about":[{"href":"https:\/\/www.europesays.com\/pl\/wp-json\/wp\/v2\/types\/post"}],"author":[{"embeddable":true,"href":"https:\/\/www.europesays.com\/pl\/wp-json\/wp\/v2\/users\/2"}],"replies":[{"embeddable":true,"href":"https:\/\/www.europesays.com\/pl\/wp-json\/wp\/v2\/comments?post=220267"}],"version-history":[{"count":0,"href":"https:\/\/www.europesays.com\/pl\/wp-json\/wp\/v2\/posts\/220267\/revisions"}],"wp:featuredmedia":[{"embeddable":true,"href":"https:\/\/www.europesays.com\/pl\/wp-json\/wp\/v2\/media\/220268"}],"wp:attachment":[{"href":"https:\/\/www.europesays.com\/pl\/wp-json\/wp\/v2\/media?parent=220267"}],"wp:term":[{"taxonomy":"category","embeddable":true,"href":"https:\/\/www.europesays.com\/pl\/wp-json\/wp\/v2\/categories?post=220267"},{"taxonomy":"post_tag","embeddable":true,"href":"https:\/\/www.europesays.com\/pl\/wp-json\/wp\/v2\/tags?post=220267"}],"curies":[{"name":"wp","href":"https:\/\/api.w.org\/{rel}","templated":true}]}}