{"id":220275,"date":"2026-01-23T06:39:10","date_gmt":"2026-01-23T06:39:10","guid":{"rendered":"https:\/\/www.europesays.com\/pl\/220275\/"},"modified":"2026-01-23T06:39:10","modified_gmt":"2026-01-23T06:39:10","slug":"chwile-grozy-w-krakowie-mezczyzna-wszedl-do-mieszkania-i-probowal-udusic-13-latke-onet-wiadomosci","status":"publish","type":"post","link":"https:\/\/www.europesays.com\/pl\/220275\/","title":{"rendered":"Chwile grozy w Krakowie. M\u0119\u017cczyzna wszed\u0142 do mieszkania i pr\u00f3bowa\u0142 udusi\u0107 13-latk\u0119 &#8211; Onet Wiadomo\u015bci"},"content":{"rendered":"<ol>\n<li><a href=\"https:\/\/news.google.com\/rss\/articles\/CBMiswFBVV95cUxOVDdiVnBxalRHR0lzejBJTmxsTFkxQkprNTdnaE8tdjJ5cUZpUkl4RkhybV92blBkYVVxckdZN0EyUmVkb2h6anhrWVJHMm5QeE1lcGpJOS1GcGNBTnU0RkYyRmdBMTd2RU9qSno3TXlmYzBBWVYzS2RERmJiZDFodlJRN1NSRFBQRmNvUFR1V2tRNHlNVGUyc25Qcm54WGtGZG8zOVFvNUtwRGlfbGJkc3RNQQ?oc=5\" target=\"_blank\" rel=\"nofollow noopener\">Chwile grozy w Krakowie. M\u0119\u017cczyzna wszed\u0142 do mieszkania i pr\u00f3bowa\u0142 udusi\u0107 13-latk\u0119<\/a>&nbsp;&nbsp;Onet Wiadomo\u015bci<\/li>\n<li><a href=\"https:\/\/news.google.com\/rss\/articles\/CBMirAFBVV95cUxNOFNHVlozMm5WTmp2ZkRXUEU1eTdyaVpCQlFNTWtGRUNJX05wNllyMV9hZjJ3YlllcXZ0cFNpOGNSZGlucXdCRW8wVVQ1OU9xUWpETFpRZmtTUTNPa1pPYkVkbEY0Y0JfeUs4c01qOEZjd21SMDl4UWNRMUpXbXJHenRlbHNzZ0dQdHhsWm1WQTJQanBjU1FmeUZiNzdwU1lRSEZTM2dKcG85ZUQw?oc=5\" target=\"_blank\" rel=\"nofollow noopener\">Nocny horror w Krakowie. Pr\u00f3bowa\u0142 zabi\u0107 13-latk\u0119<\/a>&nbsp;&nbsp;Onet<\/li>\n<li><a href=\"https:\/\/news.google.com\/rss\/articles\/CBMiuAFBVV95cUxNOUc1M014TnlqVlZNbFVhMlpjWmtBWGRudkNMTnd4eUE3U1IyRlg4aXZ6ZkcyajhFNWIwUDdDSTV1bHNfV1FhR3plYU9yeGVXZkhlTHdyQ0MyQkdMamd1WE43U2doRU1tcXMzMFZ3Z1o3QmVfdl9BWnVvbWNsV3Jvb2NmWFZ4YVJEYlZfVHJ0U3gzUHZEbW50YmNsckhIVFFCT1hvY3dCbm8yT0xMLVB4TW8wTlQyM09x?oc=5\" target=\"_blank\" rel=\"nofollow noopener\">Mia\u0142 wtargn\u0105\u0107 w nocy do mieszkania i zacz\u0105\u0107 dusi\u0107 13-latk\u0119. Wstrz\u0105saj\u0105ce ustalenia prokuratury<\/a>&nbsp;&nbsp;Gazeta<\/li>\n<li><a href=\"https:\/\/news.google.com\/rss\/articles\/CBMiggFBVV95cUxPN3FLUnRBMnl1TFlwazFULVZmRVdlOUNFNk5pY1FyM3UwMFlyTktoNzZBWUZ5T2c2akFtVTZLZ292SURTcG1mX255STBzTFBtMnQxWUdsck90ekRZWW56MkF3czNTRm9NS1RycW02TUlEVFMxcDFzMUcyQVNZbmRjdEpR?oc=5\" target=\"_blank\" rel=\"nofollow noopener\">Usi\u0142owanie zab\u00f3jstwa 13-letniej dziewczynki<\/a>&nbsp;&nbsp;Gov.pl<\/li>\n<li><a href=\"https:\/\/news.google.com\/rss\/articles\/CBMilAFBVV95cUxORzlxeWdldjNkNGhTbmRLM3NhYi11NEJxUEg0Nms2MUFBRkd5cE1qM1ROUGg2b25MT19aMVhicGlDdGE2RDd1blUxRzhwZlZLRm03WFE4d3JadEtvcGU4eGZHWndfTng5TjNZc09WdjJPeGpveDNhRzh3NUJSVHU1Sktyc3hSUzZrcGotNHJiUGRNZ0w0?oc=5\" target=\"_blank\" rel=\"nofollow noopener\">Prawdziwy nocny koszmar w kamienicy. Damian M. chcia\u0142 zabi\u0107 nastolatk\u0119<\/a>&nbsp;&nbsp;lovekrakow.pl<\/li>\n<\/ol>\n","protected":false},"excerpt":{"rendered":"Chwile grozy w Krakowie. M\u0119\u017cczyzna wszed\u0142 do mieszkania i pr\u00f3bowa\u0142 udusi\u0107 13-latk\u0119&nbsp;&nbsp;Onet Wiadomo\u015bci Nocny horror w Krakowie. Pr\u00f3bowa\u0142&hellip;\n","protected":false},"author":2,"featured_media":220276,"comment_status":"","ping_status":"","sticky":false,"template":"","format":"standard","meta":{"footnotes":""},"categories":[12],"tags":[32,33,36,37,27,1304,34,35,28,31,48,25,46,42,38,414,40,39,41,47,29,30,26],"class_list":{"0":"post-220275","1":"post","2":"type-post","3":"status-publish","4":"format-standard","5":"has-post-thumbnail","7":"category-polska","8":"tag-breaking-news","9":"tag-breakingnews","10":"tag-featured-news","11":"tag-featurednews","12":"tag-headlines","13":"tag-krakow","14":"tag-latest-news","15":"tag-latestnews","16":"tag-naglowki","17":"tag-najwazniejsze-artykuly","18":"tag-nat_styl","19":"tag-news","20":"tag-omp","21":"tag-pl","22":"tag-poland","23":"tag-policja","24":"tag-polish","25":"tag-polska","26":"tag-polski","27":"tag-screening_general","28":"tag-top-stories","29":"tag-topstories","30":"tag-wiadomosci"},"share_on_mastodon":{"url":"https:\/\/pubeurope.com\/@pl\/115943044789764260","error":""},"_links":{"self":[{"href":"https:\/\/www.europesays.com\/pl\/wp-json\/wp\/v2\/posts\/220275","targetHints":{"allow":["GET"]}}],"collection":[{"href":"https:\/\/www.europesays.com\/pl\/wp-json\/wp\/v2\/posts"}],"about":[{"href":"https:\/\/www.europesays.com\/pl\/wp-json\/wp\/v2\/types\/post"}],"author":[{"embeddable":true,"href":"https:\/\/www.europesays.com\/pl\/wp-json\/wp\/v2\/users\/2"}],"replies":[{"embeddable":true,"href":"https:\/\/www.europesays.com\/pl\/wp-json\/wp\/v2\/comments?post=220275"}],"version-history":[{"count":0,"href":"https:\/\/www.europesays.com\/pl\/wp-json\/wp\/v2\/posts\/220275\/revisions"}],"wp:featuredmedia":[{"embeddable":true,"href":"https:\/\/www.europesays.com\/pl\/wp-json\/wp\/v2\/media\/220276"}],"wp:attachment":[{"href":"https:\/\/www.europesays.com\/pl\/wp-json\/wp\/v2\/media?parent=220275"}],"wp:term":[{"taxonomy":"category","embeddable":true,"href":"https:\/\/www.europesays.com\/pl\/wp-json\/wp\/v2\/categories?post=220275"},{"taxonomy":"post_tag","embeddable":true,"href":"https:\/\/www.europesays.com\/pl\/wp-json\/wp\/v2\/tags?post=220275"}],"curies":[{"name":"wp","href":"https:\/\/api.w.org\/{rel}","templated":true}]}}