{"id":220292,"date":"2026-01-23T06:49:21","date_gmt":"2026-01-23T06:49:21","guid":{"rendered":"https:\/\/www.europesays.com\/pl\/220292\/"},"modified":"2026-01-23T06:49:21","modified_gmt":"2026-01-23T06:49:21","slug":"teresa-lipowska-wprost-o-agnieszce-perepeczko-nie-jestesmy-przyjaciolkami","status":"publish","type":"post","link":"https:\/\/www.europesays.com\/pl\/220292\/","title":{"rendered":"Teresa Lipowska wprost o Agnieszce Perepeczko. &#8222;Nie jeste\u015bmy przyjaci\u00f3\u0142kami&#8221;"},"content":{"rendered":"<p class=\"Paragraph_desktopParagraph__U31Gm\">W odcinku, kt\u00f3ry widzowie zobacz\u0105 w Walentynki, serialowe bohaterki Barbara i Simona prezentuj\u0105 blisk\u0105 relacj\u0119, jednak jak podkre\u015bla <a href=\"https:\/\/plejada.pl\/temat\/teresa-lipowska\/nq6pmnx\" id=\"6363bcef-66c2-41b4-a274-b7d82585eefb\" rel=\"nofollow noopener\" target=\"_blank\">Teresa Lipowska<\/a>, za kulisami sytuacja wygl\u0105da zupe\u0142nie inaczej. Aktorka powiedzia\u0142a, \u017ce nie czuje ekscytacji z powodu powrotu <a href=\"https:\/\/plejada.pl\/temat\/agnieszka-perepeczko\/lwey12w\" id=\"0c3e05a6-0044-48e0-a3fd-7ed8ec4b46d9\" rel=\"nofollow noopener\" target=\"_blank\">Agnieszki Perepeczko<\/a> i nie uwa\u017ca, aby jej obecno\u015b\u0107 w serialu mia\u0142a wi\u0119ksze znaczenie dla ca\u0142ej produkcji.<\/p>\n<p>Teresa Lipowska o powrocie Agnieszki Perepeczko do &#8222;M jak mi\u0142o\u015b\u0107&#8221;. Nie ma ekscytacji&#8221; <\/p>\n<p class=\"Paragraph_desktopParagraph__U31Gm\">W rozmowie z &#8222;Super Expressem&#8221; Teresa Lipowska stwierdzi\u0142a, \u017ce nie jest przekonana, czy powr\u00f3t Simony wnosi co\u015b warto\u015bciowego do produkcji. Przypomnijmy, \u017ce przed laty z w\u0105tku Perepeczko zrezygnowa\u0142a Ilona \u0141epkowska, odpowiedzialna w\u00f3wczas za scenariusz serialu.<\/p>\n<blockquote>\n<p class=\"Paragraph_desktopParagraph__U31Gm\">Jej w\u0105tek by\u0142 za bardzo rozbudowany. Okaza\u0142o si\u0119, \u017ce ponad mo\u017cliwo\u015bci aktorskie pani Agnieszki. Pani Agnieszka mia\u0142a przekonanie, \u017ce mo\u017ce wp\u0142ywa\u0107 na sw\u00f3j w\u0105tek, \u017ce mo\u017ce wp\u0142ywa\u0107 na to, \u017ce b\u0119dzie on rozbudowywany, sugerowa\u0107 rozwi\u0105zania. To by\u0142o bardzo z\u0142e. Dlatego z niej zrezygnowano<\/p>\n<\/blockquote>\n<p class=\"Paragraph_desktopParagraph__U31Gm\">\u2014 opowiada\u0142a.<\/p>\n<p class=\"Paragraph_desktopParagraph__U31Gm\">Mimo \u017ce widzowie w internecie wyra\u017caj\u0105 zadowolenie z powrotu Simony do Grabiny, Teresa Lipowska zachowuje dystans. Aktorka przyzna\u0142a, \u017ce nie odczuwa ekscytacji z powodu powrotu Agnieszki Perepeczko.<\/p>\n<p class=\"Paragraph_desktopParagraph__U31Gm\">&#8222;Mnie to specjalnie nie ekscytuje. Wr\u00f3ci\u0142a na jeden odcinek, nie wiem, czy powinna na wi\u0119cej. Zosta\u0142o to napisane, zagrane, my aktorzy nie mamy na to \u017cadnego wp\u0142ywu. My na pewno nie jeste\u015bmy prywatnie przyjaci\u00f3\u0142kami. Taki powr\u00f3t nie jest dla mnie w \u017caden spos\u00f3b ckliwy. Ca\u0142y czas jest Grabina, Mostowiacy&#8230; To dla mnie wa\u017cne. A nie kto wraca albo kogo nie ma. Naprawd\u0119. B\u0119dzie jeden fajny odcinek specjalny i tyle. Kiedy\u015b kto\u015b mia\u0142 pow\u00f3d, \u017ce zrezygnowa\u0142 z tego w\u0105tku Simony. Czy jest sens do niego wraca\u0107? Nie b\u0119d\u0119 ocenia\u0107, bo nie wypada. Z mojej strony na pewno nie ma ekscytacji&#8221; \u2014 powiedzia\u0142a.<\/p>\n<p><img decoding=\"async\" class=\"Image_image__0tuHp Image_autoHeight__f2n87 \" height=\"587\" width=\"880\" src=\"https:\/\/www.europesays.com\/pl\/wp-content\/uploads\/2026\/01\/USbk9kpTURBXy85M2UxYWZhMTg3ODAzNjZiODJkOGE3NTdjNjc1NTYxNS5qcGeSlQLNA6wAwsOVAgDNAkvCw94AA6EwAaExAaEzw.jpeg\" alt=\"Agnieszka Fitkau-Perepeczko, Teresa Lipowska\" loading=\"lazy\" \/>TVP \/ Telewizja Polska<\/p>\n<p>Agnieszka Fitkau-Perepeczko, Teresa Lipowska<\/p>\n<p class=\"Paragraph_desktopParagraph__U31Gm\">Dzi\u0119kujemy, \u017ce przeczyta\u0142a\u015b\/e\u015b nasz artyku\u0142 do ko\u0144ca. W serwisie Plejada.pl ka\u017cdego dnia piszemy o najwa\u017cniejszych wydarzeniach show-biznesowych. B\u0105d\u017a na bie\u017c\u0105co! <a rel=\"nofollow noopener\" href=\"https:\/\/profile.google.com\/cp\/Cg0vZy8xMWJ6X19wdHBx\" id=\"4cbf529f-e3a1-401c-9769-cce99f44858b\" target=\"_blank\">Obserwuj<\/a> Plejad\u0119 w Wiadomo\u015bciach Google. Odwied\u017a nas tak\u017ce na <a rel=\"nofollow noopener\" href=\"https:\/\/www.facebook.com\/plejadapl\" id=\"a8f0bf20-914e-47c9-b81f-aad4a0005074\" target=\"_blank\">Facebooku<\/a>, <a rel=\"nofollow noopener\" href=\"https:\/\/www.instagram.com\/plejadapl\/\" id=\"8c40d7d3-cf65-4f1f-a463-31180960497d\" target=\"_blank\">Instagramie<\/a>, <a rel=\"nofollow noopener\" href=\"https:\/\/www.youtube.com\/c\/plejada\" id=\"8e07844a-544a-4108-bb39-a8bf25db7403\" target=\"_blank\">YouTube<\/a> oraz <a rel=\"nofollow noopener\" href=\"https:\/\/www.tiktok.com\/@plejada_pl\" id=\"1ade22a7-efd6-4141-9560-0a41452a4201\" target=\"_blank\">TikToku<\/a>.<\/p>\n<p class=\"Paragraph_desktopParagraph__U31Gm\">Chcesz podzieli\u0107 si\u0119 ciekawym newsem lub zaproponowa\u0107 temat? Skontaktuj si\u0119 z nami, pisz\u0105c e-maila na adres: <a href=\"https:\/\/www.onet.pl\/styl-zycia\/plejada\/teresa-lipowska-wprost-o-agnieszce-perepeczko-nie-jestesmy-przyjaciolkami\/mailto:plejada@redakcjaonet.pl\" id=\"43095d8e-3784-444a-97ec-1eceefde3d2b\" rel=\"nofollow noopener\" target=\"_blank\">plejada@redakcjaonet.pl<\/a>.<\/p>\n<p><script async src=\"\/\/www.instagram.com\/embed.js\"><\/script><script async src=\"\/\/www.tiktok.com\/embed.js\"><\/script><\/p>\n","protected":false},"excerpt":{"rendered":"W odcinku, kt\u00f3ry widzowie zobacz\u0105 w Walentynki, serialowe bohaterki Barbara i Simona prezentuj\u0105 blisk\u0105 relacj\u0119, jednak jak podkre\u015bla&hellip;\n","protected":false},"author":2,"featured_media":220293,"comment_status":"","ping_status":"","sticky":false,"template":"","format":"standard","meta":{"footnotes":""},"categories":[22],"tags":[17113,122,67,261,8012,53,52,68,51,55,42,38,40,39,41,123,47,10496,65,50],"class_list":{"0":"post-220292","1":"post","2":"type-post","3":"status-publish","4":"format-standard","5":"has-post-thumbnail","7":"category-rozrywka","8":"tag-agnieszka_perepeczko","9":"tag-entertainment","10":"tag-intextvideo_splayer","11":"tag-kultura","12":"tag-m_jak_milosc_serial","13":"tag-new_header","14":"tag-onet3","15":"tag-onet3d","16":"tag-onet3d_2i","17":"tag-phx","18":"tag-pl","19":"tag-poland","20":"tag-polish","21":"tag-polska","22":"tag-polski","23":"tag-rozrywka","24":"tag-screening_general","25":"tag-teresa_lipowska","26":"tag-update_me","27":"tag-v2021"},"share_on_mastodon":{"url":"https:\/\/pubeurope.com\/@pl\/115943084237103326","error":""},"_links":{"self":[{"href":"https:\/\/www.europesays.com\/pl\/wp-json\/wp\/v2\/posts\/220292","targetHints":{"allow":["GET"]}}],"collection":[{"href":"https:\/\/www.europesays.com\/pl\/wp-json\/wp\/v2\/posts"}],"about":[{"href":"https:\/\/www.europesays.com\/pl\/wp-json\/wp\/v2\/types\/post"}],"author":[{"embeddable":true,"href":"https:\/\/www.europesays.com\/pl\/wp-json\/wp\/v2\/users\/2"}],"replies":[{"embeddable":true,"href":"https:\/\/www.europesays.com\/pl\/wp-json\/wp\/v2\/comments?post=220292"}],"version-history":[{"count":0,"href":"https:\/\/www.europesays.com\/pl\/wp-json\/wp\/v2\/posts\/220292\/revisions"}],"wp:featuredmedia":[{"embeddable":true,"href":"https:\/\/www.europesays.com\/pl\/wp-json\/wp\/v2\/media\/220293"}],"wp:attachment":[{"href":"https:\/\/www.europesays.com\/pl\/wp-json\/wp\/v2\/media?parent=220292"}],"wp:term":[{"taxonomy":"category","embeddable":true,"href":"https:\/\/www.europesays.com\/pl\/wp-json\/wp\/v2\/categories?post=220292"},{"taxonomy":"post_tag","embeddable":true,"href":"https:\/\/www.europesays.com\/pl\/wp-json\/wp\/v2\/tags?post=220292"}],"curies":[{"name":"wp","href":"https:\/\/api.w.org\/{rel}","templated":true}]}}