{"id":220298,"date":"2026-01-23T06:52:09","date_gmt":"2026-01-23T06:52:09","guid":{"rendered":"https:\/\/www.europesays.com\/pl\/220298\/"},"modified":"2026-01-23T06:52:09","modified_gmt":"2026-01-23T06:52:09","slug":"oczy-swiata-zwrocone-sa-na-grenlandie-putin-cynicznie-to-wykorzystuje-w-ukrainie-realizuje-sie-najczarniejszy-scenariusz","status":"publish","type":"post","link":"https:\/\/www.europesays.com\/pl\/220298\/","title":{"rendered":"Oczy \u015bwiata zwr\u00f3cone s\u0105 na Grenlandi\u0119. Putin cynicznie to wykorzystuje. W Ukrainie realizuje si\u0119 najczarniejszy scenariusz"},"content":{"rendered":"<p>W czasie gdy \u015bwiat obserwowa\u0142 wywo\u0142any przez prezydenta USA Donalda Trumpa kryzys grenlandzki, Rosja brutalnie wykorzysta\u0142a to zamieszanie. Nieustanne i intensywne ataki na ukrai\u0144sk\u0105 infrastruktur\u0119 energetyczn\u0105 spowodowa\u0142y w tym tygodniu kolejne przerwy w dostawach pr\u0105du w ca\u0142ym kraju. W szczeg\u00f3lno\u015bci dotkn\u0119\u0142y one Kij\u00f3w.<\/p>\n<p>\u2014 Jest to strategiczne odwr\u00f3cenie uwagi, kt\u00f3re przybra\u0142o ogromnie szkodliwy wymiar \u2014 ostrzeg\u0142 Wolfgang Ischinger, wieloletni przewodnicz\u0105cy Monachijskiej Konferencji Bezpiecze\u0144stwa.<\/p>\n<p class=\"ods-c-paragraph \">We wtorek Rosja wystrzeli\u0142a oko\u0142o 470 dron\u00f3w i 47 pocisk\u00f3w manewruj\u0105cych w kierunku Ukrainy, a z nich trafi\u0142o w stolic\u0119. \u2014 W Kijowie ponad milion odbiorc\u00f3w pozostaje bez pr\u0105du \u2014 poinformowa\u0142 we wtorek wieczorem prezydent Ukrainy Wo\u0142odymyr Ze\u0142enski w wiadomo\u015bci wideo.<\/p>\n<p class=\"ods-c-paragraph \">Rosyjskie ataki spowodowa\u0142y, \u017ce po\u0142owa miasta pozostawa\u0142a bez pr\u0105du, ogrzewania i wody. Jak powiedzia\u0142 mer Kijowa Witalij Kliczko, miasto znalaz\u0142o si\u0119 na skraju katastrofy humanitarnej. Wed\u0142ug Kliczki w styczniu <a href=\"https:\/\/www.onet.pl\/informacje\/onetwiadomosci\/masowy-exodus-z-kijowa-setki-tysiecy-osob-opuscily-miasto\/znlvn8w,79cfc278\" id=\"a070c3f6-a091-4e35-adb4-37e13c2c0026\" rel=\"nofollow noopener\" target=\"_blank\">miasto opu\u015bci\u0142o ju\u017c 600 tys. mieszka\u0144c\u00f3w<\/a>. Liczba ta opiera si\u0119 na danych zebranych z sieci kom\u00f3rkowej.<\/p>\n<p class=\"ods-c-paragraph \">Mer wezwa\u0142 pozosta\u0142ych mieszka\u0144c\u00f3w do ucieczki, &#8222;je\u015bli s\u0105 w stanie&#8221;. Wed\u0142ug Kliczki we wtorek 5600 blok\u00f3w mieszkalnych by\u0142o pozbawionych ogrzewania. Wiele z tych budynk\u00f3w zosta\u0142o niedawno ponownie pod\u0142\u0105czonych do sieci po poprzednich atakach.<\/p>\n<p>   <img decoding=\"async\" src=\"https:\/\/www.europesays.com\/pl\/wp-content\/uploads\/2026\/01\/tsUk9lBaHR0cHM6Ly9vY2RuLmV1L3B1bHNjbXMvTURBXy9hNzY5NDMzZjllNGQwNjkwN2I5NzVhMTNjMzQ1OTg2OC5qcGeRlQLNB.jpeg\" height=\"627\" width=\"940\" alt=\"Namioty s\u0142u\u017cb ratowniczych ustawione dla os\u00f3b, kt\u00f3re nie maj\u0105 pr\u0105du ani ogrzewania, Kij\u00f3w, 20 stycznia 2026 r.\" loading=\"lazy\" class=\"ods-c-image__img ods-c-image__img--viewport-width\"\/><\/p>\n<p>Namioty s\u0142u\u017cb ratowniczych ustawione dla os\u00f3b, kt\u00f3re nie maj\u0105 pr\u0105du ani ogrzewania, Kij\u00f3w, 20 stycznia 2026 r.Roman PILIPEY \/ AFP \/ AFP<\/p>\n<p class=\"ods-c-paragraph \">W\u0142adze s\u0105 zmuszone do opr\u00f3\u017cniania centralnego systemu ogrzewania i wodoci\u0105gowego miasta, aby zapobiec zamarzni\u0119ciu i p\u0119kni\u0119ciu rur w temperaturach si\u0119gaj\u0105cych nawet minus 18 stopni, poinformowa\u0142 Kliczko. Ostrzeg\u0142 r\u00f3wnie\u017c przed niebezpiecze\u0144stwem epidemii w mie\u015bcie w zwi\u0105zku z p\u0119kaj\u0105cymi rurami kanalizacyjnymi. Je\u015bli sytuacja humanitarna w Kijowie i innych miastach Ukrainy b\u0119dzie si\u0119 nadal pogarsza\u0107, Europa mo\u017ce by\u0107 zmuszona przygotowa\u0107 si\u0119 na now\u0105 fal\u0119 uchod\u017ac\u00f3w.<\/p>\n<p class=\"ods-c-paragraph \">W rzeczywisto\u015bci Moskwa wykorzysta\u0142a surow\u0105 zim\u0119, aby wywo\u0142a\u0107 prawdopodobnie najpowa\u017cniejszy kryzys humanitarny od pocz\u0105tku pe\u0142nej inwazji cztery lata temu. &#8222;Putin wykorzystuje zimno jako bro\u0144 przeciwko cywilom, a \u015bwiat tylko si\u0119 temu przygl\u0105da&#8221; \u2014 skomentowa\u0142a ukrai\u0144ska ekspertka ds. bezpiecze\u0144stwa Maria Avdeeva na X.<\/p>\n<p class=\"ods-c-paragraph \">Rosja przez ca\u0142\u0105 wojn\u0119 prowadzi\u0142 kampani\u0119 z u\u017cyciem broni dalekiego zasi\u0119gu, &#8222;celowo atakuj\u0105c ukrai\u0144skich cywil\u00f3w i infrastruktur\u0119 energetyczn\u0105, co w nieproporcjonalny spos\u00f3b wp\u0142ywa na ludno\u015b\u0107 cywiln\u0105, a w ostatnich miesi\u0105cach nasili\u0142a te ataki&#8221; \u2014 podaje Instytut Studi\u00f3w nad Wojn\u0105 (ISW) w swoim najnowszym raporcie.<\/p>\n<p class=\"ods-c-paragraph \">Armia rosyjska stosuje taktyk\u0119 zmasowanych atak\u00f3w, aby wyrz\u0105dzi\u0107 w Ukrainie jak najwi\u0119ksze szkody. &#8222;Podkre\u015bla to, jak niezwykle wa\u017cna jest pomoc Zachodu w celu wsparcia zdolno\u015bci Ukrainy w zakresie obrony przeciwlotniczej&#8221;, twierdzi ISW. &#8222;Dotyczy to zw\u0142aszcza system\u00f3w przeciwlotniczych Patriot produkowanych w USA, kt\u00f3re s\u0105 w stanie skutecznie przeciwdzia\u0142a\u0107 zagro\u017ceniu ze strony rosyjskich rakiet balistycznych&#8221;.<\/p>\n<p>Opuszczona przez sojusznik\u00f3w<\/p>\n<p class=\"ods-c-paragraph \">Wed\u0142ug Wo\u0142odymyra Ze\u0142enskiego Ukraina otrzyma\u0142a now\u0105 dostaw\u0119 pocisk\u00f3w Patriot dopiero 18 stycznia, i ju\u017c zosta\u0142y one u\u017cyte do zwalczania ostatnich rosyjskich atak\u00f3w. Jednak Ukrainie coraz trudniej jest sk\u0142oni\u0107 partner\u00f3w do zapewnienia odpowiednich dostaw. \u2014 W czasach, gdy ginie tak wiele os\u00f3b, nadal musimy walczy\u0107 o uzyskanie wszystkich tych pocisk\u00f3w do r\u00f3\u017cnych system\u00f3w obronnych \u2014 powiedzia\u0142 Ze\u0142enski. \u2014 B\u0142agamy o nie, pr\u00f3bujemy wymusi\u0107 wszystko si\u0142\u0105.<\/p>\n<p class=\"ods-c-paragraph \">Jest to pro\u015bba skierowana przede wszystkim do Europy, po tym jak wsparcie ze strony USA zosta\u0142o wycofane. Jednak kontynent by\u0142 ostatnio ca\u0142kowicie zaj\u0119ty odpieraniem atak\u00f3w prezydenta USA Donalda Trumpa, kt\u00f3ry <a href=\"https:\/\/wiadomosci.onet.pl\/tylko-w-onecie\/po-co-trumpowi-grenlandia-usa-maja-dwa-argumenty-ale-nie-da-sie-ich-utrzymac\/xxrs0de\" id=\"a4d80973-6e66-4758-aa85-6a3de9856cb5\" rel=\"nofollow noopener\" target=\"_blank\">obra\u0142 sobie za cel przej\u0119cie Grenlandii<\/a>, terytorium nale\u017c\u0105ce do cz\u0142onka NATO.<\/p>\n<p> Dalszy ci\u0105g artyku\u0142u pod materia\u0142em wideo <\/p>\n<p class=\"ods-c-paragraph \">Po porozumieniu osi\u0105gni\u0119tym podczas \u015awiatowego Forum Ekonomicznego w Davos w \u015brod\u0119 wieczorem Europa odczu\u0142a pocz\u0105tkowo wielk\u0105 ulg\u0119, ale szkoda zosta\u0142a ju\u017c wyrz\u0105dzona. Nie tylko stosunki transatlantyckie ucierpia\u0142y w wyniku tego sporu. R\u00f3wnie\u017c Ukraina poczu\u0142a si\u0119 opuszczona przez swoich sojusznik\u00f3w.<\/p>\n<p class=\"ods-c-paragraph \">\u2014 Prawdziw\u0105 tragedi\u0105 cyrku wok\u00f3\u0142 Grenlandii jest to, \u017ce odwraca on uwag\u0119 i energi\u0119 od Ukrainy \u2014 zauwa\u017cy\u0142 Wolfgang Ischinger, wieloletni przewodnicz\u0105cy Monachijskiej Konferencji Bezpiecze\u0144stwa, jeszcze przed osi\u0105gni\u0119ciem porozumienia z prezydentem USA Trumpem. \u2014 Jest to strategiczne odwr\u00f3cenie uwagi, kt\u00f3re przybra\u0142o ogromnie szkodliwy wymiar \u2014 doda\u0142.<\/p>\n<p class=\"ods-c-paragraph \">R\u00f3wnie\u017c sekretarz generalny NATO Mark Rutte, kt\u00f3ry mia\u0142 odegra\u0107 wiod\u0105c\u0105 rol\u0119 w \u0142agodzeniu debaty na temat Grenlandii, podkre\u015bli\u0142 w Davos, \u017ce sytuacja w Ukrainie musi by\u0107 priorytetem sojuszu, a dopiero potem mo\u017cna dyskutowa\u0107 o Grenlandii.<\/p>\n<p class=\"ods-c-paragraph \">W rzeczywisto\u015bci Trump pomaga Rosji na dwa sposoby: wywo\u0142uj\u0105c niepok\u00f3j w NATO, co z rado\u015bci\u0105 przyjmuj\u0105 propagandy\u015bci w Moskwie, oraz os\u0142abiaj\u0105c determinacj\u0119 Zachodu do wspierania Ukrainy.<\/p>\n<p>Ryzykowna gra Kremla<\/p>\n<p class=\"ods-c-paragraph \">Rosja wykorzystuje t\u0119 sytuacj\u0119 na swoj\u0105 korzy\u015b\u0107 \u2014 i prowadzi szczeg\u00f3lnie ryzykown\u0105 gr\u0119. W po\u0142owie stycznia ukrai\u0144skie s\u0142u\u017cby specjalne ostrzega\u0142y ju\u017c przed scenariuszem, kt\u00f3ry obecnie realizuje armia rosyjska: atakami na podstacje przy reaktorach atomowych w celu przerwania dostaw energii elektrycznej niezb\u0119dnej do bezpiecznego funkcjonowania elektrowni.<\/p>\n<p class=\"ods-c-paragraph \">Mi\u0119dzynarodowa Agencja Energii Atomowej (MAEA) poinformowa\u0142a, \u017ce operacje wojskowe spowodowa\u0142y uszkodzenia stacji transformatorowych, kt\u00f3re maj\u0105 kluczowe znaczenie dla bezpiecze\u0144stwa j\u0105drowego w Czarnobylu. Ostatnie ataki spowodowa\u0142y odci\u0119cie ca\u0142ego zasilania elektrowni \u2014 po raz drugi od 12 stycznia.<\/p>\n<p><img decoding=\"async\" src=\"https:\/\/www.europesays.com\/pl\/wp-content\/uploads\/2026\/01\/S2Kk9lBaHR0cHM6Ly9vY2RuLmV1L3B1bHNjbXMvTURBXy8zYzRlZmVhODU5NjQzMjJhYWE3OTNmYTgyNmIxZjE3NC5qcGeRlQLNB.jpeg\" height=\"627\" width=\"940\" alt=\"Pracownicy stoj\u0105 przy panelu sterowania czwartego bloku energetycznego elektrowni j\u0105drowej w Czarnobylu, 22 grudnia 2025 r.\" loading=\"lazy\" class=\"ods-c-image__img ods-c-image__img--viewport-width\"\/><\/p>\n<p>Pracownicy stoj\u0105 przy panelu sterowania czwartego bloku energetycznego elektrowni j\u0105drowej w Czarnobylu, 22 grudnia 2025 r.tetiana DZHAFAROVA \/ AFP \/ AFP<\/p>\n<p class=\"ods-c-paragraph \">Szef MAEA Rafael Grossi o\u015bwiadczy\u0142 wcze\u015bniej, \u017ce od tego dnia we wszystkich pi\u0119ciu elektrowniach atomowych w Ukrainie mia\u0142y miejsce dzia\u0142ania wojskowe lub og\u0142oszono alarmy lotnicze. \u015awiadczy to o tym, \u017ce Rosja systematycznie atakuje te obiekty, co stanowi powa\u017cne naruszenie mi\u0119dzynarodowego prawa humanitarnego.<\/p>\n<p class=\"ods-c-paragraph \">W tym kontek\u015bcie <a href=\"https:\/\/wiadomosci.onet.pl\/swiat\/ujawnili-liste-donalda-trumpa-wiadomo-kogo-zaprosil-do-rady-pokoju\/ev3psf5\" id=\"0714a51c-3679-4b30-9bca-5b79ad518a14\" rel=\"nofollow noopener\" target=\"_blank\">zaproszenie przez Trumpa prezydenta Rosji W\u0142adimira Putina<\/a> do jego nowej mi\u0119dzynarodowej Rady Pokoju musi brzmie\u0107 w Ukrainie jak okrutny \u017cart. <\/p>\n<p class=\"ods-c-paragraph \">Istnieje jednak nierozerwalny zwi\u0105zek mi\u0119dzy sytuacj\u0105 w Ukrainie a kwesti\u0105 Grenlandii: g\u0142\u00f3wnym argumentem Trumpa za przej\u0119ciem wyspy jest jej strategiczne znaczenie dla bezpiecze\u0144stwa w Arktyce w kontek\u015bcie obrony przed potencjalnym zagro\u017ceniem ze strony Rosji (i Chin).<\/p>\n<p class=\"ods-c-paragraph \">Eksperci podkre\u015blaj\u0105 jednak, \u017ce najlepszym sposobem na odstraszenie Rosji w tym regionie by\u0142aby bolesna pora\u017cka Moskwy w Ukrainie, kt\u00f3ra zniech\u0119ci\u0142aby Putina do dalszych militarnych eskapad. Badanie przeprowadzone przez Uniwersytet w Tromso wykaza\u0142o, \u017ce od pocz\u0105tku wojny w Ukrainie prowokacje w Arktyce znacznie si\u0119 zmniejszy\u0142y.<\/p>\n<p class=\"ods-c-paragraph \">Obecnie nie wygl\u0105da jednak na to, aby Rosja ponios\u0142a pora\u017ck\u0119, ale nie wygl\u0105da te\u017c na to, aby Ukraina odnios\u0142a zwyci\u0119stwo. Sytuacja na froncie jest w du\u017cej mierze patowa, armia rosyjska posuwa si\u0119 naprz\u00f3d, ale bardzo powoli.<\/p>\n<p class=\"ods-c-paragraph \">W Davos Trump ponownie wezwa\u0142 do zako\u0144czenia wojny \u2014 i wyrazi\u0142 swoje niezadowolenie z braku post\u0119p\u00f3w w tej kwestii. \u2014 Co Stany Zjednoczone otrzymuj\u0105 w zamian za ca\u0142\u0105 t\u0119 prac\u0119, wszystkie te pieni\u0105dze, poza \u015bmierci\u0105, zniszczeniem i lud\u017ami, kt\u00f3rzy nie doceniaj\u0105 tego, co robimy \u2014 powiedzia\u0142 prezydent USA w swoim przem\u00f3wieniu w \u015brod\u0119.<\/p>\n<p class=\"ods-c-paragraph \">Wyrazi\u0142 te\u017c frustracj\u0119 zar\u00f3wno wobec Putina, jak i Ze\u0142enskiego. \u2014 My\u015bl\u0119, \u017ce s\u0105 teraz w punkcie, w kt\u00f3rym mog\u0105 si\u0119 spotka\u0107 i osi\u0105gn\u0105\u0107 porozumienie. A je\u015bli tego nie zrobi\u0105, to s\u0105 g\u0142upi \u2014 dotyczy to obu \u2014 stwierdzi\u0142 Trump.<\/p>\n<p class=\"ods-c-paragraph \">W czwartek prezydent USA spotka\u0142 si\u0119 w Davos z Ze\u0142enskim. Po rozmowie powiedzia\u0142, \u017ce <a href=\"https:\/\/wiadomosci.onet.pl\/swiat\/pierwsza-reakcja-donalda-trumpa-po-spotkaniu-z-wolodymyrem-zelenskim-dluga-droga\/k5bg8kx\" id=\"fbe93619-ee86-4a9c-91e4-ab24cbeb884c\" rel=\"nofollow noopener\" target=\"_blank\">odby\u0142 &#8222;dobre spotkanie&#8221; z prezydentem Ukrainy<\/a>, lecz przyzna\u0142, \u017ce wci\u0105\u017c jest &#8222;d\u0142uga droga&#8221; do zako\u0144czenia wojny. Jego przes\u0142anie do W\u0142adimira Putina brzmia\u0142o: &#8222;wojna musi si\u0119 sko\u0144czy\u0107&#8221;.<\/p>\n","protected":false},"excerpt":{"rendered":"W czasie gdy \u015bwiat obserwowa\u0142 wywo\u0142any przez prezydenta USA Donalda Trumpa kryzys grenlandzki, Rosja brutalnie wykorzysta\u0142a to zamieszanie.&hellip;\n","protected":false},"author":2,"featured_media":220299,"comment_status":"","ping_status":"","sticky":false,"template":"","format":"standard","meta":{"footnotes":""},"categories":[14],"tags":[56,32,33,44,9796,27,76,34,35,28,31,48,25,46,40,41,87,47,80,29,30,415,26,408,309,82,83,84],"class_list":{"0":"post-220298","1":"post","2":"type-post","3":"status-publish","4":"format-standard","5":"has-post-thumbnail","7":"category-swiat","8":"tag-article_premium","9":"tag-breaking-news","10":"tag-breakingnews","11":"tag-donald_trump","12":"tag-grenlandia","13":"tag-headlines","14":"tag-inwazja_rosji_na_ukraine","15":"tag-latest-news","16":"tag-latestnews","17":"tag-naglowki","18":"tag-najwazniejsze-artykuly","19":"tag-nat_styl","20":"tag-news","21":"tag-omp","22":"tag-polish","23":"tag-polski","24":"tag-rosja","25":"tag-screening_general","26":"tag-swiat","27":"tag-top-stories","28":"tag-topstories","29":"tag-ukraina","30":"tag-wiadomosci","31":"tag-wladimir_putin","32":"tag-wolodymyr_zelenski","33":"tag-world","34":"tag-world-news","35":"tag-worldnews"},"share_on_mastodon":{"url":"https:\/\/pubeurope.com\/@pl\/115943095882634291","error":""},"_links":{"self":[{"href":"https:\/\/www.europesays.com\/pl\/wp-json\/wp\/v2\/posts\/220298","targetHints":{"allow":["GET"]}}],"collection":[{"href":"https:\/\/www.europesays.com\/pl\/wp-json\/wp\/v2\/posts"}],"about":[{"href":"https:\/\/www.europesays.com\/pl\/wp-json\/wp\/v2\/types\/post"}],"author":[{"embeddable":true,"href":"https:\/\/www.europesays.com\/pl\/wp-json\/wp\/v2\/users\/2"}],"replies":[{"embeddable":true,"href":"https:\/\/www.europesays.com\/pl\/wp-json\/wp\/v2\/comments?post=220298"}],"version-history":[{"count":0,"href":"https:\/\/www.europesays.com\/pl\/wp-json\/wp\/v2\/posts\/220298\/revisions"}],"wp:featuredmedia":[{"embeddable":true,"href":"https:\/\/www.europesays.com\/pl\/wp-json\/wp\/v2\/media\/220299"}],"wp:attachment":[{"href":"https:\/\/www.europesays.com\/pl\/wp-json\/wp\/v2\/media?parent=220298"}],"wp:term":[{"taxonomy":"category","embeddable":true,"href":"https:\/\/www.europesays.com\/pl\/wp-json\/wp\/v2\/categories?post=220298"},{"taxonomy":"post_tag","embeddable":true,"href":"https:\/\/www.europesays.com\/pl\/wp-json\/wp\/v2\/tags?post=220298"}],"curies":[{"name":"wp","href":"https:\/\/api.w.org\/{rel}","templated":true}]}}