{"id":220312,"date":"2026-01-23T07:02:06","date_gmt":"2026-01-23T07:02:06","guid":{"rendered":"https:\/\/www.europesays.com\/pl\/220312\/"},"modified":"2026-01-23T07:02:06","modified_gmt":"2026-01-23T07:02:06","slug":"koniec-zostala-juz-tylko-iga-swiatek-magda-linette-bez-argumentow-w-australian-open-przeglad-sportowy-onet","status":"publish","type":"post","link":"https:\/\/www.europesays.com\/pl\/220312\/","title":{"rendered":"Koniec, zosta\u0142a ju\u017c tylko Iga \u015awi\u0105tek! Magda Linette bez argument\u00f3w w Australian Open &#8211; Przegl\u0105d Sportowy Onet"},"content":{"rendered":"<ol>\n<li><a href=\"https:\/\/news.google.com\/rss\/articles\/CBMi3wFBVV95cUxQSDNra0JQOUltbXdkcjBmQnR1NVc3c0lZakYtVWVRT29EdndxMzBsZ2FaQTNHckVPSjhFRTV2V3d5ZzRyMXJvQUlVXzFyajZlSjZlNGw5WkZHYTZySnRzSDY3MDk3Tm1NMFN1VEVfTjVkbDBnWXNaVTdTbWIwcWttemhCS0h6LU5CMndfNWF3ZnFyRlNjRnlDSEpXVXpScmFmYTlXSnhvM1B0QjI2UlZLZHduVzA0U3RucDI5N2Q2MUl2X0hKT1labVFxeDNUalBlbzRPU3Bzbms2cGhFXzkw?oc=5\" target=\"_blank\" rel=\"nofollow noopener\">Koniec, zosta\u0142a ju\u017c tylko Iga \u015awi\u0105tek! Magda Linette bez argument\u00f3w w Australian Open<\/a>&nbsp;&nbsp;Przegl\u0105d Sportowy Onet<\/li>\n<li><a href=\"https:\/\/news.google.com\/rss\/articles\/CBMilAFBVV95cUxNSnNKdC03QjZHT2lEeHoxSEt5TE9CQXZGRjBVeFZodElLZnZMZU9iWXYxZllUX0hlYWZpbkd4TE5RSEI1bnB2NzNpRlJqT3BtMGxfNWtjdVpVanJLaGdSUHY0RExPNFdNdFY5VEhRM0FnclR3N2JiWTFSYTVTVW9qQkhXZnNtZEdMb0lOVGFxdFBBVzZV?oc=5\" target=\"_blank\" rel=\"nofollow noopener\">Brutalny wynik meczu Linette. Demolka w 63 minuty<\/a>&nbsp;&nbsp;SportoweFakty<\/li>\n<li><a href=\"https:\/\/news.google.com\/rss\/articles\/CBMiwwFBVV95cUxNQ3ZrUnZWcTBWaFQxWnAzQ3NnYklkNWV6aUZwM0JTTkZteGZRVHpGVVItcmo3UG5MRmY1REplMzNKWVdCNHA5eno0bzl0Ty1FdTdicDVBTjA1cUVtbjNBWXVqYTBrbWh0NFVUMFZrYWViYl9IY0h5NEt4OW5ZemhYSThVbGhVaFdlaXNkNG5JdGJZMGxqLWF2UHVhT2pmZ1NfMXZLZ3RmN1ZSMVd5NnhsaU1SOEhtZnVCZkwwZmJBRmptUVk?oc=5\" target=\"_blank\" rel=\"nofollow noopener\">Karolina Muchova &#8211; Magda Linette w trzeciej rundzie Australian Open. Relacja na \u017cywo<\/a>&nbsp;&nbsp;Sport w INTERIA.PL<\/li>\n<li><a href=\"https:\/\/news.google.com\/rss\/articles\/CBMiXkFVX3lxTE1MZGRELWRJMC1EbGpTSVhyR2hOaVRrYXRVdUZvTHhCcWptSGpoNGFZSXRldTk0dUhReFZmUFRTWV9jNFBjNjRuVHc1VnRCaGxkSHQ4RklmQ2l4U1M0SlE?oc=5\" target=\"_blank\" rel=\"nofollow noopener\">Magda Linette Karolina Muchova mecz na \u017cywo Australian Open Tenis<\/a>&nbsp;&nbsp;Sport.pl<\/li>\n<li><a href=\"https:\/\/news.google.com\/rss\/articles\/CBMihAJBVV95cUxOQWFERHhCRnJyaExaU2xYXzdIemlQSG1JUkVVdGJDWFBEbm1TTzQtYjVxZ19TMHhFUE9nR1FwVG9QZXdRSHhoSU9aSFZ0MUNpamZwdHZwR1RZS1Y0c1NhdHAwdFFjUi1hWTljVUtXSHBwYk9ja0dxVnVDSVdfOEZ2WnFJOWtXcTZqeTZwOFdGOXI0R3h3bFdzS2ZuYkdUS3ROUUk0NWZjT1RPU1duTnpyWURNS0I5X1lNbWdoVGZRdzBCelM2ZW8zdGk1RnI5N09rN25rLW5neFRRTnN3bDRfTnh5Ml9lUkUwRXUyVXE4ZlRiRGFCSUV2bHdiSkZLVnk4d2IyVQ?oc=5\" target=\"_blank\" rel=\"nofollow noopener\">Plan transmisji 6. dnia Australian Open 2026 w Eurosporcie, HBO Max i Playerze &#8211; pi\u0105tek, 23 stycznia<\/a>&nbsp;&nbsp;Eurosport Polska<\/li>\n<\/ol>\n","protected":false},"excerpt":{"rendered":"Koniec, zosta\u0142a ju\u017c tylko Iga \u015awi\u0105tek! Magda Linette bez argument\u00f3w w Australian Open&nbsp;&nbsp;Przegl\u0105d Sportowy Onet Brutalny wynik meczu&hellip;\n","protected":false},"author":2,"featured_media":220313,"comment_status":"","ping_status":"","sticky":false,"template":"","format":"standard","meta":{"footnotes":"","_share_on_mastodon":"0"},"categories":[24],"tags":[12889,304,67,7543,4417,549,42,38,40,39,41,136,128,47,127,135,126,156],"class_list":["post-220312","post","type-post","status-publish","format-standard","has-post-thumbnail","category-sport","tag-australian_open","tag-eres","tag-intextvideo_splayer","tag-karolina_muchova","tag-magda_linette","tag-pber","tag-pl","tag-poland","tag-polish","tag-polska","tag-polski","tag-ps_detal_new","tag-psv2","tag-screening_general","tag-sport","tag-sport_sport","tag-sports","tag-tenis"],"share_on_mastodon":{"url":"https:\/\/pubeurope.com\/@pl\/115943135202675118","error":""},"_links":{"self":[{"href":"https:\/\/www.europesays.com\/pl\/wp-json\/wp\/v2\/posts\/220312","targetHints":{"allow":["GET"]}}],"collection":[{"href":"https:\/\/www.europesays.com\/pl\/wp-json\/wp\/v2\/posts"}],"about":[{"href":"https:\/\/www.europesays.com\/pl\/wp-json\/wp\/v2\/types\/post"}],"author":[{"embeddable":true,"href":"https:\/\/www.europesays.com\/pl\/wp-json\/wp\/v2\/users\/2"}],"replies":[{"embeddable":true,"href":"https:\/\/www.europesays.com\/pl\/wp-json\/wp\/v2\/comments?post=220312"}],"version-history":[{"count":0,"href":"https:\/\/www.europesays.com\/pl\/wp-json\/wp\/v2\/posts\/220312\/revisions"}],"wp:featuredmedia":[{"embeddable":true,"href":"https:\/\/www.europesays.com\/pl\/wp-json\/wp\/v2\/media\/220313"}],"wp:attachment":[{"href":"https:\/\/www.europesays.com\/pl\/wp-json\/wp\/v2\/media?parent=220312"}],"wp:term":[{"taxonomy":"category","embeddable":true,"href":"https:\/\/www.europesays.com\/pl\/wp-json\/wp\/v2\/categories?post=220312"},{"taxonomy":"post_tag","embeddable":true,"href":"https:\/\/www.europesays.com\/pl\/wp-json\/wp\/v2\/tags?post=220312"}],"curies":[{"name":"wp","href":"https:\/\/api.w.org\/{rel}","templated":true}]}}