{"id":220399,"date":"2026-01-23T07:55:07","date_gmt":"2026-01-23T07:55:07","guid":{"rendered":"https:\/\/www.europesays.com\/pl\/220399\/"},"modified":"2026-01-23T07:55:07","modified_gmt":"2026-01-23T07:55:07","slug":"wyslannicy-donalda-trumpa-spotkali-sie-z-wladimirem-putinem-kreml-o-szczegolach","status":"publish","type":"post","link":"https:\/\/www.europesays.com\/pl\/220399\/","title":{"rendered":"Wys\u0142annicy Donalda Trumpa spotkali si\u0119 z W\u0142adimirem Putinem. Kreml o szczeg\u00f3\u0142ach"},"content":{"rendered":"<p class=\"ods-c-paragraph \"><a href=\"https:\/\/wiadomosci.onet.pl\/swiat\/rozpoczely-sie-rozmowy-wyslannikow-trumpa-z-putinem\/76nsdgh\" id=\"1e92e047-b3e0-471f-86dd-2b5913f118d0\" rel=\"nofollow noopener\" target=\"_blank\">Witkoff i Kushner przybyli do Moskwy w czwartek z Davos<\/a>. Ze stolicy Rosji maj\u0105 si\u0119 z kolei uda\u0107 do Abu Zabi w Zjednoczonych Emiratach Arabskich, gdzie na pi\u0105tek i sobot\u0119 zaplanowano tr\u00f3jstronne negocjacje mi\u0119dzy USA, Rosj\u0105 a Ukrain\u0105. Uszakow potwierdzi\u0142, \u017ce rosyjska delegacja uda si\u0119 na Bliski Wsch\u00f3d.<\/p>\n<p> Dalszy ci\u0105g artyku\u0142u pod materia\u0142em wideo    <\/p>\n<p> Kto spotka\u0142 si\u0119 z W\u0142adimirem Putinem? <\/p>\n<p> Jaka by\u0142a d\u0142ugo\u015b\u0107 rozmowy mi\u0119dzy wys\u0142annikami Trumpa a Putinem? <\/p>\n<p> Gdzie wys\u0142annicy Trumpa udadz\u0105 si\u0119 po Moskwie? <\/p>\n<p> Jakie by\u0142y g\u0142\u00f3wne tematy poruszone na spotkaniu? <\/p>\n<p>  Spotkanie wys\u0142annik\u00f3w Trumpa z Putinem. Uszakow przekaza\u0142 szczeg\u00f3\u0142y<\/p>\n<p class=\"ods-c-paragraph \">W rozmowie z rosyjskimi mediami odni\u00f3s\u0142 si\u0119 r\u00f3wnie\u017c do spotkania Putina z Witkoffem i Kushnerem, <a href=\"https:\/\/wiadomosci.onet.pl\/swiat\/wyslannicy-trumpa-w-moskwie-spotkanie-z-wladimirem-putinem-zakonczylo-sie\/fj89rk3\" id=\"0223898c-8663-4dcc-870e-59fb95c301c3\" rel=\"nofollow noopener\" target=\"_blank\">kt\u00f3re \u2014 jak stwierdzi\u0142 \u2014 by\u0142o &#8222;konstruktywne i wa\u017cne&#8221;<\/a>.<\/p>\n<p class=\"ods-c-paragraph \">\u2014 W\u0142adimir Putin podkre\u015bli\u0142, \u017ce jeste\u015bmy szczerze zainteresowani rozwi\u0105zaniem kryzysu ukrai\u0144skiego za pomoc\u0105 \u015brodk\u00f3w politycznych i dyplomatycznych. Jednak dop\u00f3ki to nie nast\u0105pi, Rosja b\u0119dzie konsekwentnie d\u0105\u017cy\u0107 do osi\u0105gni\u0119cia cel\u00f3w wyznaczonych dla specjalnej operacji wojskowej na polu bitwy, gdzie rosyjskie si\u0142y zbrojne maj\u0105 strategiczn\u0105 inicjatyw\u0119 \u2014 powiedzia\u0142 Uszakow.<\/p>\n<p class=\"ods-c-paragraph \">Jak doda\u0142, zako\u0144czenie wojny nie b\u0119dzie mo\u017cliwe, dop\u00f3ki na podstawie &#8222;formu\u0142y z Anchorage nie zostanie rozwi\u0105zana kwestia terytorialna&#8221;. Chodzi o <a href=\"https:\/\/wiadomosci.onet.pl\/swiat\/szczyt-trump-putin-na-alasce-chwila-prawdy-i-dwa-niepokojace-zdania-dla-europy\/y1f12r9\" id=\"3f5a3fd3-bfe8-40f3-9cdc-bdaa6ba6534c\" rel=\"nofollow noopener\" target=\"_blank\">spotkanie Donalda Trumpa i W\u0142adimira Putina na Alasce w sierpniu ub.r.<\/a>, gdzie przyw\u00f3dcy nie wypracowali porozumienia dotycz\u0105cego przysz\u0142o\u015bci ukrai\u0144skiego terytorium.<\/p>\n","protected":false},"excerpt":{"rendered":"Witkoff i Kushner przybyli do Moskwy w czwartek z Davos. Ze stolicy Rosji maj\u0105 si\u0119 z kolei uda\u0107&hellip;\n","protected":false},"author":2,"featured_media":220400,"comment_status":"","ping_status":"","sticky":false,"template":"","format":"standard","meta":{"footnotes":""},"categories":[14],"tags":[32,33,27,76,11049,25220,34,35,28,31,48,25,46,40,41,87,47,11050,80,29,30,415,26,82,83,84],"class_list":{"0":"post-220399","1":"post","2":"type-post","3":"status-publish","4":"format-standard","5":"has-post-thumbnail","7":"category-swiat","8":"tag-breaking-news","9":"tag-breakingnews","10":"tag-headlines","11":"tag-inwazja_rosji_na_ukraine","12":"tag-jared_kushner","13":"tag-jurij_uszakow","14":"tag-latest-news","15":"tag-latestnews","16":"tag-naglowki","17":"tag-najwazniejsze-artykuly","18":"tag-nat_styl","19":"tag-news","20":"tag-omp","21":"tag-polish","22":"tag-polski","23":"tag-rosja","24":"tag-screening_general","25":"tag-steve_witkoff","26":"tag-swiat","27":"tag-top-stories","28":"tag-topstories","29":"tag-ukraina","30":"tag-wiadomosci","31":"tag-world","32":"tag-world-news","33":"tag-worldnews"},"share_on_mastodon":{"url":"https:\/\/pubeurope.com\/@pl\/115943343590423504","error":""},"_links":{"self":[{"href":"https:\/\/www.europesays.com\/pl\/wp-json\/wp\/v2\/posts\/220399","targetHints":{"allow":["GET"]}}],"collection":[{"href":"https:\/\/www.europesays.com\/pl\/wp-json\/wp\/v2\/posts"}],"about":[{"href":"https:\/\/www.europesays.com\/pl\/wp-json\/wp\/v2\/types\/post"}],"author":[{"embeddable":true,"href":"https:\/\/www.europesays.com\/pl\/wp-json\/wp\/v2\/users\/2"}],"replies":[{"embeddable":true,"href":"https:\/\/www.europesays.com\/pl\/wp-json\/wp\/v2\/comments?post=220399"}],"version-history":[{"count":0,"href":"https:\/\/www.europesays.com\/pl\/wp-json\/wp\/v2\/posts\/220399\/revisions"}],"wp:featuredmedia":[{"embeddable":true,"href":"https:\/\/www.europesays.com\/pl\/wp-json\/wp\/v2\/media\/220400"}],"wp:attachment":[{"href":"https:\/\/www.europesays.com\/pl\/wp-json\/wp\/v2\/media?parent=220399"}],"wp:term":[{"taxonomy":"category","embeddable":true,"href":"https:\/\/www.europesays.com\/pl\/wp-json\/wp\/v2\/categories?post=220399"},{"taxonomy":"post_tag","embeddable":true,"href":"https:\/\/www.europesays.com\/pl\/wp-json\/wp\/v2\/tags?post=220399"}],"curies":[{"name":"wp","href":"https:\/\/api.w.org\/{rel}","templated":true}]}}