{"id":220636,"date":"2026-01-23T10:01:12","date_gmt":"2026-01-23T10:01:12","guid":{"rendered":"https:\/\/www.europesays.com\/pl\/220636\/"},"modified":"2026-01-23T10:01:12","modified_gmt":"2026-01-23T10:01:12","slug":"polska-w-radzie-pokoju-trump-karol-nawrocki-chcialby-podpisac-2","status":"publish","type":"post","link":"https:\/\/www.europesays.com\/pl\/220636\/","title":{"rendered":"Polska w Radzie Pokoju? Trump: Karol Nawrocki &#8222;chcia\u0142by podpisa\u0107&#8221;"},"content":{"rendered":"<ul class=\"UnorderedList_container__nmfSl\">\n<li class=\"UnorderedList_listElement__Py7xi\" data-id=\"ai-summary-link\">Du\u017co czytania, a ma\u0142o czasu? Sprawd\u017a\u00a0skr\u00f3t\u00a0artyku\u0142u<\/li>\n<\/ul>\n<p class=\"Paragraph_desktopParagraph__U31Gm\">W drodze powrotnej z Davos dziennikarze zapytali Trumpa, czy to wed\u0142ug niego mo\u017cliwe, by takie kraje, jak Wielka Brytania czy Francja do\u0142\u0105czy\u0142y do tworzonej przez prezydenta USA Rady Pokoju.<\/p>\n<p class=\"Paragraph_desktopParagraph__U31Gm\">\u2014 C\u00f3\u017c, my\u015bl\u0119, \u017ce b\u0119d\u0105 chcieli. (&#8230;) Niekt\u00f3re kraje maj\u0105 zakaz, musz\u0105 zwr\u00f3ci\u0107 si\u0119 do swoich w\u0142adz ustawodawczych (\u2026). W wi\u0119kszo\u015bci kraj\u00f3w premier albo prezydent mog\u0105 to podpisa\u0107. Widzieli\u015bcie wielu z nich dzisiaj. Prosz\u0119 nie zapomina\u0107, \u017ce list (z zaproszeniem) zosta\u0142 wys\u0142any dwa dni temu. Mieli\u015bmy ju\u017c prawie 30 os\u00f3b z bardzo wa\u017cnych kraj\u00f3w \u2014 odpowiedzia\u0142 Trump.<\/p>\n<p class=\"VideoPlayerText_videoPlayerText__iDwyz\">Dalszy ci\u0105g materia\u0142u pod wideo<\/p>\n<p class=\"Paragraph_desktopParagraph__U31Gm\">\u2014 Ale s\u0105 niekt\u00f3re kraje, takie jak W\u0142ochy\u2026 (Premier) powiedzia\u0142a mi, \u017ce chce podpisa\u0107. (\u2026) Ale my\u015bl\u0119, \u017ce musi si\u0119 zwr\u00f3ci\u0107 do swoich w\u0142adz ustawodawczych. I tak samo by\u0142o z Polsk\u0105. (Prezydent) Powiedzia\u0142: chcemy \u2014 przekaza\u0142 Trump.<\/p>\n<ul class=\"OchatFollowUps_wrapper__1ry7X\">\n<li class=\"OchatFollowUps_item__Dhyly OchatFollowUps_itemDesktop__R6aBv\">Co powiedzia\u0142 Trump o Polsce?<\/li>\n<li class=\"OchatFollowUps_item__Dhyly OchatFollowUps_itemDesktop__R6aBv\">Jakie kwestie b\u0119dzie rozwi\u0105zywa\u0107 Rada Pokoju?<\/li>\n<li class=\"OchatFollowUps_item__Dhyly OchatFollowUps_itemDesktop__R6aBv\">Dlaczego Nawrocki nie z\u0142o\u017cy\u0142 podpisu?<\/li>\n<li class=\"OchatFollowUps_item__Dhyly OchatFollowUps_itemDesktop__R6aBv\">Kto jeszcze podpisa\u0142 dokument za\u0142o\u017cycielski Rady Pokoju?<\/li>\n<\/ul>\n<p class=\"Paragraph_desktopParagraph__U31Gm\">\u2014 Nawiasem m\u00f3wi\u0105c, on jest wspania\u0142y. Karol wykonuje \u015bwietn\u0105 prac\u0119. Ale musi zdoby\u0107 zgod\u0119. Niekt\u00f3rzy musz\u0105 zdoby\u0107 zgod\u0119, inni nie musz\u0105 \u2014 doda\u0142 prezydent USA. Powt\u00f3rzy\u0142, \u017ce Rada Pokoju b\u0119dzie zajmowa\u0107 si\u0119 Stref\u0105 Gazy i mo\u017cliwe, \u017ce tak\u017ce innymi sprawami.<\/p>\n<p class=\"Paragraph_desktopParagraph__U31Gm\">Trump zainaugurowa\u0142 Rad\u0119 Pokoju w czwartek podczas 56. \u015awiatowego Forum Ekonomicznego w Davos. T\u0142umaczy\u0142, \u017ce jest to gremium, kt\u00f3re ma wsp\u00f3\u0142pracowa\u0107 z ONZ przy rozwi\u0105zywaniu konflikt\u00f3w na \u015bwiecie. W rozmowie z mediami Trump powiedzia\u0142, \u017ce ONZ ma &#8222;wspania\u0142y potencja\u0142&#8221; i &#8222;wsp\u00f3\u0142praca z Rad\u0105 Pokoju b\u0119dzie czym\u015b dobrym dla ONZ&#8221;.<\/p>\n<p>Nawrocki wzi\u0105\u0142 udzia\u0142 w uroczysto\u015bci. Podpisu nie z\u0142o\u017cy\u0142 <\/p>\n<p class=\"Paragraph_desktopParagraph__U31Gm\"><a href=\"https:\/\/wiadomosci.onet.pl\/kraj\/karol-nawrocki-po-spotkaniu-z-donaldem-trumpem-to-dla-polski-jest-prestiz\/n8se9x6\" id=\"75583850-e53a-410a-8bda-ef59ec0445e4\" rel=\"nofollow noopener\" target=\"_blank\">Nawrocki zapewni\u0142 w czwartek, \u017ce jest w kontakcie z premierem Donaldem Tuskiem w sprawie ewentualnego cz\u0142onkostwa Polski w Radzie Pokoju<\/a>. Doda\u0142, \u017ce przekazana wcze\u015bniej Kancelarii Prezydenta opinia MSZ w tej sprawie by\u0142a &#8222;nie do ko\u0144ca powa\u017cna&#8221;.<\/p>\n<p class=\"Paragraph_desktopParagraph__U31Gm\">Podczas konferencji prasowej Nawrocki powiedzia\u0142, \u017ce cho\u0107 nie z\u0142o\u017cy\u0142 podpisu podczas uroczysto\u015bci, to uczestniczy\u0142 w niej.<\/p>\n<p class=\"Paragraph_desktopParagraph__U31Gm\">\u2014 To (\u2026) presti\u017c, \u017ce Polska jest zapraszana do gremi\u00f3w, kt\u00f3re maj\u0105 rozstrzyga\u0107 tak\u017ce kwestie Bliskiego Wschodu, kwestie wojny mi\u0119dzy Izraelem a Palestyn\u0105 \u2014 o\u015bwiadczy\u0142 Nawrocki.<\/p>\n<p class=\"Paragraph_desktopParagraph__U31Gm\">\u2014 Natomiast w zwi\u0105zku z kwestiami konstytucyjnymi, legislacyjnymi, pewnym porz\u0105dkiem prawnym, ustrojowym w Polsce swojego podpisu nie z\u0142o\u017cy\u0142em \u2014 doda\u0142.<\/p>\n<p class=\"Paragraph_desktopParagraph__U31Gm\">Przy\u0142\u0105czenie Polski do organizacji mi\u0119dzynarodowej oznacza konieczno\u015b\u0107 przeprowadzenia tzw. du\u017cej ratyfikacji przez prezydenta za zgod\u0105 parlamentu wyra\u017con\u0105 w ustawie o umowach mi\u0119dzynarodowych, tak\u017ce przy odpowiedniej uchwale Rady Ministr\u00f3w.<\/p>\n<p class=\"Paragraph_desktopParagraph__U31Gm\">Opr\u00f3cz Trumpa dokument za\u0142o\u017cycielski Rady Pokoju podpisali m.in.: premier W\u0119gier Viktor Orban i prezydent Argentyny Javier Milei, a tak\u017ce przedstawiciele Bahrajnu, Maroka, Armenii, Azerbejd\u017canu, Bu\u0142garii, Indonezji, Jordanii, Kazachstanu, Kosowa, Pakistanu, Paragwaju, Kataru, Arabii Saudyjskiej, Turcji, Zjednoczonych Emirat\u00f3w Arabskich, Uzbekistanu i Mongolii. W\u015br\u00f3d cz\u0142onk\u00f3w-za\u0142o\u017cycieli nie by\u0142o Rosji ani Chin.<\/p>\n","protected":false},"excerpt":{"rendered":"Du\u017co czytania, a ma\u0142o czasu? Sprawd\u017a\u00a0skr\u00f3t\u00a0artyku\u0142u W drodze powrotnej z Davos dziennikarze zapytali Trumpa, czy to wed\u0142ug niego&hellip;\n","protected":false},"author":2,"featured_media":220637,"comment_status":"","ping_status":"","sticky":false,"template":"","format":"standard","meta":{"footnotes":""},"categories":[14],"tags":[32,33,58,27,67,240,34,35,28,31,53,25,52,68,51,55,40,2847,41,41019,47,59,80,29,30,65,50,26,4360,82,83,84],"class_list":{"0":"post-220636","1":"post","2":"type-post","3":"status-publish","4":"format-standard","5":"has-post-thumbnail","7":"category-swiat","8":"tag-breaking-news","9":"tag-breakingnews","10":"tag-donald_trump_prezydent_usa","11":"tag-headlines","12":"tag-intextvideo_splayer","13":"tag-karol_nawrocki_prezydent","14":"tag-latest-news","15":"tag-latestnews","16":"tag-naglowki","17":"tag-najwazniejsze-artykuly","18":"tag-new_header","19":"tag-news","20":"tag-onet3","21":"tag-onet3d","22":"tag-onet3d_2i","23":"tag-phx","24":"tag-polish","25":"tag-polska_polak_polka_polacy_polki","26":"tag-polski","27":"tag-rada_pokoju_donalda_trumpa","28":"tag-screening_general","29":"tag-stany_zjednoczone_usa","30":"tag-swiat","31":"tag-top-stories","32":"tag-topstories","33":"tag-update_me","34":"tag-v2021","35":"tag-wiadomosci","36":"tag-wlochy_kraj","37":"tag-world","38":"tag-world-news","39":"tag-worldnews"},"share_on_mastodon":{"url":"","error":"Validation failed: Text character limit of 500 exceeded"},"_links":{"self":[{"href":"https:\/\/www.europesays.com\/pl\/wp-json\/wp\/v2\/posts\/220636","targetHints":{"allow":["GET"]}}],"collection":[{"href":"https:\/\/www.europesays.com\/pl\/wp-json\/wp\/v2\/posts"}],"about":[{"href":"https:\/\/www.europesays.com\/pl\/wp-json\/wp\/v2\/types\/post"}],"author":[{"embeddable":true,"href":"https:\/\/www.europesays.com\/pl\/wp-json\/wp\/v2\/users\/2"}],"replies":[{"embeddable":true,"href":"https:\/\/www.europesays.com\/pl\/wp-json\/wp\/v2\/comments?post=220636"}],"version-history":[{"count":0,"href":"https:\/\/www.europesays.com\/pl\/wp-json\/wp\/v2\/posts\/220636\/revisions"}],"wp:featuredmedia":[{"embeddable":true,"href":"https:\/\/www.europesays.com\/pl\/wp-json\/wp\/v2\/media\/220637"}],"wp:attachment":[{"href":"https:\/\/www.europesays.com\/pl\/wp-json\/wp\/v2\/media?parent=220636"}],"wp:term":[{"taxonomy":"category","embeddable":true,"href":"https:\/\/www.europesays.com\/pl\/wp-json\/wp\/v2\/categories?post=220636"},{"taxonomy":"post_tag","embeddable":true,"href":"https:\/\/www.europesays.com\/pl\/wp-json\/wp\/v2\/tags?post=220636"}],"curies":[{"name":"wp","href":"https:\/\/api.w.org\/{rel}","templated":true}]}}