{"id":220719,"date":"2026-01-23T10:46:09","date_gmt":"2026-01-23T10:46:09","guid":{"rendered":"https:\/\/www.europesays.com\/pl\/220719\/"},"modified":"2026-01-23T10:46:09","modified_gmt":"2026-01-23T10:46:09","slug":"makabra-wycieli-polakowi-czesc-czaszki-sa-nowe-wiesci","status":"publish","type":"post","link":"https:\/\/www.europesays.com\/pl\/220719\/","title":{"rendered":"Makabra. Wyci\u0119li Polakowi cz\u0119\u015b\u0107 czaszki. S\u0105 nowe wie\u015bci"},"content":{"rendered":"<p class=\"Paragraph_desktopParagraph__Fd2e9\">Rywal M\u0105drego od pocz\u0105tku dominowa\u0142. Podczas sobotniej gali KnockOut Boxing Night 43 Igor Pryga znokautowa\u0142 przeciwnika, kt\u00f3ry pocz\u0105tkowo nie zdawa\u0142 sobie sprawy z tego, co si\u0119 sta\u0142o w ringu.<\/p>\n<p class=\"VideoPlayerText_videoPlayerText__zrtJk\">Dalszy ci\u0105g materia\u0142u pod wideo<\/p>\n<p class=\"Paragraph_desktopParagraph__Fd2e9\">&#8222;Fatalne sceny. Ci\u0119\u017cko znokautowany Denis M\u0105dry opu\u015bci\u0142 hal\u0119 w Dzier\u017coniowie na noszach. Igor Pryga najlepszy w karierze, ale to nie jest teraz najwa\u017cniejsze\u2026&#8221; \u2014 pisa\u0142 pocz\u0105tkowo Piotr Jagie\u0142\u0142o z TVP Sport. M\u0105dry z hali w Dzier\u017coniowie trafi\u0142 ostatecznie do szpitala w Wa\u0142brzychu.<\/p>\n<p class=\"Paragraph_desktopParagraph__Fd2e9\">&#8222;Jak tylko znie\u015bli Denisa na noszach i umie\u015bcili w karetce, mia\u0142 pojawi\u0107 si\u0119 tam dylemat, czy przewioz\u0105 go do szpitala w Wa\u0142brzychu, czy poczekaj\u0105 na \u015bmig\u0142owiec do Wroc\u0142awia. To ju\u017c dawa\u0142o bardzo niepokoj\u0105cy sygna\u0142, bior\u0105c pod uwag\u0119, \u017ce by\u0142 nieprzytomny&#8221; \u2014 relacjonowa\u0142a Monika W\u00f3jcik w rozmowie z Interi\u0105 Sport.<\/p>\n<p>Dramat na ringu. Oto co dzieje si\u0119 z Polakiem po wyci\u0119ciu cz\u0119\u015bci czaszki<\/p>\n<p class=\"Paragraph_desktopParagraph__Fd2e9\">Nied\u0142ugo p\u00f3\u017aniej M\u0105dry znalaz\u0142 si\u0119 na bloku operacyjnym. &#8222;W\u00f3wczas <a href=\"https:\/\/przegladsportowy.onet.pl\/boks\/polski-piesciarz-w-spiaczce-bliscy-uslyszeli-szykujcie-sie-na-wszystko\/54dzhe0\" id=\"92349ed1-fefb-41cf-9c48-0c0e49d9d2df\" rel=\"nofollow noopener\" target=\"_blank\">przekazano nam informacj\u0119, \u017ce stan jest bardzo ci\u0119\u017cki, wr\u0119cz \u015bmiertelny,<\/a> wymagaj\u0105cy natychmiastowej operacji&#8221; \u2014 ujawni\u0142a partnerka sportowca.<\/p>\n<p class=\"Paragraph_desktopParagraph__Fd2e9\">Za\u0142o\u017cono te\u017c zbi\u00f3rk\u0119, kt\u00f3ra ma pom\u00f3c w rehabilitacji. Rodzina i bliscy boksera licz\u0105, \u017ce powoli b\u0119dzie on wraca\u0107 do sprawno\u015bci. &#8222;Teraz po walce bokserskiej potrzebujemy pomocy finansowej. Lekarze uprzedzaj\u0105 przed d\u0142uga rehabilitacj\u0105, im lepsza tym wi\u0119ksze szanse, \u017ce Denis b\u0119dzie samodzielny. I w przysz\u0142o\u015bci b\u0119dziemy musieli zrobi\u0107 rekonstrukcj\u0119 ko\u015bci czaszki Denisa, poniewa\u017c cz\u0119\u015b\u0107 musia\u0142a zosta\u0107 usuni\u0119ta podczas operacji. Ka\u017cda wp\u0142ata to realna pomoc i nadzieja, \u017ce b\u0119dzie dobrze. Zawalczymy teraz razem My dla Denisa&#8221; \u2014 czytamy w opisie zbi\u00f3rki.<\/p>\n<p class=\"Paragraph_desktopParagraph__Fd2e9\">Po dramatycznych wie\u015bciach Interia dotar\u0142a do aktualnych informacji o stanie zdrowia M\u0105drego. \u2014 Dzisiaj [w czwartek], z tego co mi przekazano, b\u0119dzie podj\u0119ta pierwsza pr\u00f3ba wybudzenia Denisa. B\u0119d\u0105 kolejne badania i pr\u00f3ba, czy podejmie oddech, utrzyma t\u0119tno i ci\u015bnienie oraz wszystkie narz\u0105dy zadzia\u0142aj\u0105 prawid\u0142owo i nie b\u0119dzie potrzebowa\u0142 maszyn \u2014 us\u0142ysza\u0142 dziennikarz od jad\u0105cej do szpitala partnerki. Po pr\u00f3bie wybudzenia lekarza b\u0119d\u0105 musieli sprawdzi\u0107 \u015bwiadomo\u015b\u0107 pacjenta, w tym m.in. kontakt wzrokowy.<\/p>\n<p class=\"Paragraph_desktopParagraph__Fd2e9\">W\u00f3jcik zaznaczy\u0142a, \u017ce proces wybudzania mo\u017ce trwa\u0107 d\u0142u\u017cej, ale jest pe\u0142na nadziei na to, \u017ce wszystko przebiegnie zgodnie z planem. \u2014 Ca\u0142y czas m\u00f3wi\u0105 nam, \u017ce m\u00f3zg cz\u0142owieka to za ka\u017cdym razem indywidualny przypadek. Tam nie ma statystyk \u2014 dodaje.<\/p>\n<p class=\"Paragraph_desktopParagraph__Fd2e9\"><a rel=\"nofollow noopener\" href=\"https:\/\/zrzutka.pl\/zamrun?fbclid\" id=\"79682d9a-a77b-435b-8cfb-b8d7cb3455c5\" target=\"_blank\">Tutaj znajdziesz link do wspomnianej wy\u017cej zbi\u00f3rki<\/a>. Na razie zebrano 128 tys. z\u0142, a cel obecnie ustawiony jest na 200 tys. z\u0142.<\/p>\n","protected":false},"excerpt":{"rendered":"Rywal M\u0105drego od pocz\u0105tku dominowa\u0142. Podczas sobotniej gali KnockOut Boxing Night 43 Igor Pryga znokautowa\u0142 przeciwnika, kt\u00f3ry pocz\u0105tkowo&hellip;\n","protected":false},"author":2,"featured_media":220720,"comment_status":"","ping_status":"","sticky":false,"template":"","format":"standard","meta":{"footnotes":""},"categories":[24],"tags":[2514,304,67,41104,42,38,40,39,41,136,128,47,127,126,130,25494],"class_list":{"0":"post-220719","1":"post","2":"type-post","3":"status-publish","4":"format-standard","5":"has-post-thumbnail","7":"category-sport","8":"tag-boks","9":"tag-eres","10":"tag-intextvideo_splayer","11":"tag-knockout_promotions","12":"tag-pl","13":"tag-poland","14":"tag-polish","15":"tag-polska","16":"tag-polski","17":"tag-ps_detal_new","18":"tag-psv2","19":"tag-screening_general","20":"tag-sport","21":"tag-sports","22":"tag-wiadomosci_sportowe","23":"tag-zdrowie_lifestyle_"},"share_on_mastodon":{"url":"https:\/\/pubeurope.com\/@pl\/115944016019454083","error":""},"_links":{"self":[{"href":"https:\/\/www.europesays.com\/pl\/wp-json\/wp\/v2\/posts\/220719","targetHints":{"allow":["GET"]}}],"collection":[{"href":"https:\/\/www.europesays.com\/pl\/wp-json\/wp\/v2\/posts"}],"about":[{"href":"https:\/\/www.europesays.com\/pl\/wp-json\/wp\/v2\/types\/post"}],"author":[{"embeddable":true,"href":"https:\/\/www.europesays.com\/pl\/wp-json\/wp\/v2\/users\/2"}],"replies":[{"embeddable":true,"href":"https:\/\/www.europesays.com\/pl\/wp-json\/wp\/v2\/comments?post=220719"}],"version-history":[{"count":0,"href":"https:\/\/www.europesays.com\/pl\/wp-json\/wp\/v2\/posts\/220719\/revisions"}],"wp:featuredmedia":[{"embeddable":true,"href":"https:\/\/www.europesays.com\/pl\/wp-json\/wp\/v2\/media\/220720"}],"wp:attachment":[{"href":"https:\/\/www.europesays.com\/pl\/wp-json\/wp\/v2\/media?parent=220719"}],"wp:term":[{"taxonomy":"category","embeddable":true,"href":"https:\/\/www.europesays.com\/pl\/wp-json\/wp\/v2\/categories?post=220719"},{"taxonomy":"post_tag","embeddable":true,"href":"https:\/\/www.europesays.com\/pl\/wp-json\/wp\/v2\/tags?post=220719"}],"curies":[{"name":"wp","href":"https:\/\/api.w.org\/{rel}","templated":true}]}}