{"id":220815,"date":"2026-01-23T11:35:08","date_gmt":"2026-01-23T11:35:08","guid":{"rendered":"https:\/\/www.europesays.com\/pl\/220815\/"},"modified":"2026-01-23T11:35:08","modified_gmt":"2026-01-23T11:35:08","slug":"zielinski-kluczowym-ogniwem-dla-interu-a-tu-takie-wiesci-z-wloch","status":"publish","type":"post","link":"https:\/\/www.europesays.com\/pl\/220815\/","title":{"rendered":"Zieli\u0144ski kluczowym ogniwem dla Interu. A tu takie wie\u015bci z W\u0142och"},"content":{"rendered":"\n<p class=\"contentpart contentpart--default contentpart--text\" data-position=\"0\"><a href=\"https:\/\/sportowefakty.wp.pl\/pilka-nozna\/piotr-zielinski\" rel=\"nofollow noopener\" target=\"_blank\">Piotr Zieli\u0144ski<\/a>\u00a0przeszed\u0142 do\u00a0<a href=\"https:\/\/sportowefakty.wp.pl\/pilka-nozna\/inter-mediolan\" rel=\"nofollow noopener\" target=\"_blank\">Interu Mediolan<\/a>\u00a0latem 2024 r. W pierwszym sezonie nie by\u0142 kluczow\u0105 postaci\u0105 w talii <a href=\"https:\/\/sportowefakty.wp.pl\/pilka-nozna\/simone-inzaghi\" rel=\"nofollow noopener\" target=\"_blank\">Simone Inzaghiego<\/a>. Jednak przed tym sezonem zmieni\u0142 si\u0119 trener. Polak cieszy si\u0119 zaufaniem\u00a0<a href=\"https:\/\/sportowefakty.wp.pl\/pilka-nozna\/cristian-chivu\" rel=\"nofollow noopener\" target=\"_blank\">Cristiana Chivu<\/a>, kt\u00f3ry cz\u0119sto desygnuje go do gry od pocz\u0105tku.<\/p>\n<p class=\"contentpart contentpart--default contentpart--text\" data-position=\"1\">Wystarczy spojrze\u0107 na cztery ostatnie mecze Interu &#8211; hit Serie A z Napoli (2:2), kolejne spotkania ligowe z Lecce (1:0) i z Udinese (1:0) oraz szlagier Ligi Mistrz\u00f3w z Arsenalem (1:3). W ka\u017cdym przypadku &#8222;Zielu&#8221; wychodzi\u0142 w podstawowym sk\u0142adzie.<\/p>\n<p>  <img decoding=\"async\" src=\"https:\/\/v.wpimg.pl\/X3dwLnN2d1IFFTpdYUl6R0ZNbgcnEHQREVV2TGEGbUtRT2MdOlZ2RBQUKABgQjQcDRotCStBd1IAAWMeIlM7VgwYIAorQAdEFFk_GCkQJQ\" alt=\"\" width=\"45\" height=\"58\" loading=\"lazy\"\/>  <\/p>\n<p class=\"contentpart contentpart--default contentpart--text\" data-position=\"2\">ZOBACZ WIDEO: Ewa Pajor wyr\u00f3\u017cniona. Nie mia\u0142a sobie r\u00f3wnych!<\/p>\n<p class=\"contentpart contentpart--default contentpart--text\" data-position=\"4\">&#8211; Czuj\u0119 si\u0119 dobrze, nie mam \u017cadnych problem\u00f3w zdrowotnych. Trener daje mi du\u017co swobody i du\u017co grania. Jest gdzie si\u0119 pokaza\u0107 (&#8230;) Jestem cichym liderem. Swoimi umiej\u0119tno\u015bciami chc\u0119 dru\u017cynie da\u0107 jak najwi\u0119cej &#8211; powiedzia\u0142 Zieli\u0144ski Mai Strzelczyk z TVP po ostatnim spotkaniu z Arsenalem.<\/p>\n<p class=\"contentpart contentpart--default contentpart--text\" data-position=\"5\">W pi\u0105tkowy wiecz\u00f3r Inter rozegra kolejne spotkanie w Serie A. Na <a href=\"https:\/\/sportowefakty.wp.pl\/areny\/stadio-giuseppe-meazza-san-siro-w-mediolanie\" rel=\"nofollow noopener\" target=\"_blank\">Stadio Giuseppe Meazza San Siro<\/a>\u00a0lider zmierzy si\u0119 z przedostatni\u0105 ekip\u0105 tabeli <a href=\"https:\/\/sportowefakty.wp.pl\/pilka-nozna\/pisa-sc\" rel=\"nofollow noopener\" target=\"_blank\">Pis\u0105<\/a>. Co z wyst\u0119pem Zieli\u0144skiego? Wszystko wskazuje na to, \u017ce seria Polaka zostanie przerwana.<\/p>\n<p class=\"contentpart contentpart--default contentpart--text\" data-position=\"6\">Jak informuj\u0105 zgodnie w\u0142oskie media &#8211; &#8222;La Gazzetta dello Sport&#8221;, &#8222;Corriere dello Sport&#8221;, Sky Sport Italia oraz goal.com &#8211; reprezentant Polski tym razem zajmie miejsce na \u0142awce rezerwowych.<\/p>\n<p>  <img decoding=\"async\" src=\"https:\/\/v.wpimg.pl\/X3dwLnN2d1IFFTpdYUl6R0ZNbgcnEHQREVV2TGEGbUtRT2MdOlZ2RBQUKABgQjQcDRotCStBd1IAAWMeIlM7VgwYIAorQAdEFFk_GCkQJQ\" alt=\"\" width=\"45\" height=\"58\" loading=\"lazy\"\/>  <\/p>\n<p class=\"contentpart contentpart--default contentpart--text\" data-position=\"7\">Chivu ma wystawi\u0107 nast\u0119puj\u0105c\u0105 tr\u00f3jk\u0119 \u015brodkowych pomocnik\u00f3w: Petar Suci\u0107,\u00a0<a href=\"https:\/\/sportowefakty.wp.pl\/pilka-nozna\/nicolo-barella\" rel=\"nofollow noopener\" target=\"_blank\">Nicolo Barella<\/a>, oraz <a href=\"https:\/\/sportowefakty.wp.pl\/pilka-nozna\/henrich-mchitarjan\" rel=\"nofollow noopener\" target=\"_blank\">Henrich Mchitarjan<\/a>. Przypomnijmy, \u017ce za kilka dni ekip\u0119 z Mediolanu czeka arcywa\u017cne spotkanie w Lidze Mistrz\u00f3w z Borussi\u0105 Dortmund (28.01).<br \/>\u00a0<br \/>Mecz Inter &#8211; Pisa rozpocznie si\u0119 23 stycznia o godz. 20:45. Transmisj\u0119 przeprowadzi Eleven Sports 1. Darmowa relacja tekstowa na WP SportoweFakty.<\/p>\n","protected":false},"excerpt":{"rendered":"Piotr Zieli\u0144ski\u00a0przeszed\u0142 do\u00a0Interu Mediolan\u00a0latem 2024 r. W pierwszym sezonie nie by\u0142 kluczow\u0105 postaci\u0105 w talii Simone Inzaghiego. Jednak&hellip;\n","protected":false},"author":2,"featured_media":220816,"comment_status":"","ping_status":"","sticky":false,"template":"","format":"standard","meta":{"footnotes":""},"categories":[24],"tags":[6585,2646,269,6587,42,38,40,39,41,3539,127,126,898],"class_list":{"0":"post-220815","1":"post","2":"type-post","3":"status-publish","4":"format-standard","5":"has-post-thumbnail","7":"category-sport","8":"tag-inter-mediolan","9":"tag-mediolan","10":"tag-pilka-nozna","11":"tag-piotr-zielinski","12":"tag-pl","13":"tag-poland","14":"tag-polish","15":"tag-polska","16":"tag-polski","17":"tag-serie-a","18":"tag-sport","19":"tag-sports","20":"tag-wlochy"},"share_on_mastodon":{"url":"https:\/\/pubeurope.com\/@pl\/115944208764238621","error":""},"_links":{"self":[{"href":"https:\/\/www.europesays.com\/pl\/wp-json\/wp\/v2\/posts\/220815","targetHints":{"allow":["GET"]}}],"collection":[{"href":"https:\/\/www.europesays.com\/pl\/wp-json\/wp\/v2\/posts"}],"about":[{"href":"https:\/\/www.europesays.com\/pl\/wp-json\/wp\/v2\/types\/post"}],"author":[{"embeddable":true,"href":"https:\/\/www.europesays.com\/pl\/wp-json\/wp\/v2\/users\/2"}],"replies":[{"embeddable":true,"href":"https:\/\/www.europesays.com\/pl\/wp-json\/wp\/v2\/comments?post=220815"}],"version-history":[{"count":0,"href":"https:\/\/www.europesays.com\/pl\/wp-json\/wp\/v2\/posts\/220815\/revisions"}],"wp:featuredmedia":[{"embeddable":true,"href":"https:\/\/www.europesays.com\/pl\/wp-json\/wp\/v2\/media\/220816"}],"wp:attachment":[{"href":"https:\/\/www.europesays.com\/pl\/wp-json\/wp\/v2\/media?parent=220815"}],"wp:term":[{"taxonomy":"category","embeddable":true,"href":"https:\/\/www.europesays.com\/pl\/wp-json\/wp\/v2\/categories?post=220815"},{"taxonomy":"post_tag","embeddable":true,"href":"https:\/\/www.europesays.com\/pl\/wp-json\/wp\/v2\/tags?post=220815"}],"curies":[{"name":"wp","href":"https:\/\/api.w.org\/{rel}","templated":true}]}}