{"id":220851,"date":"2026-01-23T11:57:15","date_gmt":"2026-01-23T11:57:15","guid":{"rendered":"https:\/\/www.europesays.com\/pl\/220851\/"},"modified":"2026-01-23T11:57:15","modified_gmt":"2026-01-23T11:57:15","slug":"cezary-zak-nie-kryje-dumy-z-bycia-dziadkiem-pokazal-rozczulajace-zdjecie-z-wnuczka","status":"publish","type":"post","link":"https:\/\/www.europesays.com\/pl\/220851\/","title":{"rendered":"Cezary \u017bak nie kryje dumy z bycia dziadkiem. Pokaza\u0142 rozczulaj\u0105ce zdj\u0119cie z wnuczk\u0105"},"content":{"rendered":"<p class=\"ods-c-paragraph \">&#8222;Tak wygl\u0105da dumny i szcz\u0119\u015bliwy dziadek. Nie tylko dzisiaj&#8221; \u2014 napisa\u0142 aktor na Facebooku, pokazuj\u0105c fotografi\u0119, na kt\u00f3rej trzyma na r\u0119kach ukochan\u0105 wnuczk\u0119. Dziewczynka przysz\u0142a na \u015bwiat tu\u017c przed \u015bwi\u0119tami Bo\u017cego Narodzenia w 2024 r. Na zdj\u0119ciu Cezary \u017bak u\u015bmiecha si\u0119 od ucha do ucha, trzymaj\u0105c na r\u0119kach ukochan\u0105 wnuczk\u0119, kt\u00f3rej twarz zosta\u0142a zas\u0142oni\u0119ta przez emotk\u0119 s\u0142odkiego misia. <\/p>\n<p> Dalszy ci\u0105g artyku\u0142u pod materia\u0142em wideo    <\/p>\n<p> Jakie zdj\u0119cie Cezary \u017bak opublikowa\u0142 w mediach spo\u0142eczno\u015bciowych? <\/p>\n<p> Kiedy dziewczynka urodzi\u0142a si\u0119? <\/p>\n<p> Jak zareagowali fani na zdj\u0119cie \u017baka z wnuczk\u0105? <\/p>\n<p> Co Cezary \u017bak my\u015bli o roli dziadka? <\/p>\n<p>  Cezary \u017bak nie kryje dumy z bycia dziadkiem. Pokaza\u0142 rozczulaj\u0105ce zdj\u0119cie z wnuczk\u0105<\/p>\n<p class=\"ods-c-paragraph \">Pod postem szybko pojawi\u0142o si\u0119 mn\u00f3stwo ciep\u0142ych i uprzejmych komentarzy. &#8222;Gratuluj\u0119 Dziadkowi malutkiej&#8221;, &#8222;Du\u017co zdrowia dla Dziadka i jak najwi\u0119cej radosnych chwil w tym towarzystwie!&#8221;, &#8222;Taki dziadek to skarb&#8221;, &#8222;Wszystkiego dobrego Czarek&#8221;, &#8222;Zazdro\u015b\u0107&#8221; \u2014 czytamy pod zdj\u0119ciem aktora z wnuczk\u0105 w mediach spo\u0142eczno\u015bciowych. <\/p>\n<p class=\"ods-c-paragraph \">Cezary \u017bak niejednokrotnie wspomina\u0142 w wywiadach, \u017ce rola dziadka to dla niego ogromna rado\u015b\u0107 i nowe \u017cyciowe do\u015bwiadczenie. <a href=\"https:\/\/plejada.pl\/newsy\/katarzyna-i-cezary-zakowie-niedawno-zostali-dziadkami-wreszcie-sie-udalo\/d380skc\" id=\"a141fb1a-b1e1-4229-ba89-d2590b8a3fcb\" rel=\"nofollow noopener\" target=\"_blank\">W rozmowie z Plejad\u0105<\/a> na pocz\u0105tku roku 2025 r. m\u00f3wi\u0142:<\/p>\n<blockquote class=\"ods-o-quota\">\n<p class=\"ods-o-quota__paragraph\">To prawda, marzy\u0142em, \u017ceby by\u0107 dziadkiem i wreszcie si\u0119 uda\u0142o. Jestem szcz\u0119\u015bliwym dziadkiem i nie mog\u0119 ju\u017c si\u0119 doczeka\u0107 Dnia Dziadka i zobaczenia si\u0119 z moj\u0105 wnuczk\u0105<\/p>\n<\/blockquote>\n<p class=\"ods-c-paragraph \">\u2014 <a href=\"https:\/\/plejada.pl\/newsy\/katarzyna-i-cezary-zakowie-niedawno-zostali-dziadkami-wreszcie-sie-udalo\/d380skc\" id=\"386e8926-8ae2-4029-8ce7-742ccde7c122\" rel=\"nofollow noopener\" target=\"_blank\">m\u00f3wi\u0142 nam aktor<\/a>.<\/p>\n<p class=\"ods-c-paragraph \">Dzi\u0119kujemy, \u017ce przeczyta\u0142a\u015b\/e\u015b nasz artyku\u0142 do ko\u0144ca. W serwisie Plejada.pl ka\u017cdego dnia piszemy o najwa\u017cniejszych wydarzeniach show-biznesowych. B\u0105d\u017a na bie\u017c\u0105co! <a rel=\"nofollow noopener\" href=\"https:\/\/profile.google.com\/cp\/Cg0vZy8xMWJ6X19wdHBx\" id=\"c9919b95-2e37-420b-9305-0b8e5e319be5\" target=\"_blank\">Obserwuj<\/a> Plejad\u0119 w Google. Odwied\u017a nas tak\u017ce na <a rel=\"nofollow noopener\" href=\"https:\/\/www.facebook.com\/plejadapl\" id=\"bc56a105-06b6-4bf5-931a-ac3c481a3c17\" target=\"_blank\">Facebooku<\/a>, <a rel=\"nofollow noopener\" href=\"https:\/\/www.instagram.com\/plejadapl\/\" id=\"9c19766c-81bf-4234-8376-7f67e9607d76\" target=\"_blank\">Instagramie<\/a>, <a rel=\"nofollow noopener\" href=\"https:\/\/www.youtube.com\/c\/plejada\" id=\"546359a5-f6a5-4246-811c-71c24714b9b2\" target=\"_blank\">YouTubie<\/a> oraz <a rel=\"nofollow noopener\" href=\"https:\/\/www.tiktok.com\/@plejada_pl\" id=\"9273756d-50f1-48e3-a5dd-da6664ff169c\" target=\"_blank\">TikToku<\/a>.<\/p>\n<p class=\"ods-c-paragraph \">Chcesz podzieli\u0107 si\u0119 ciekawym newsem lub zaproponowa\u0107 temat? Skontaktuj si\u0119 z nami, pisz\u0105c maila na adres: <a rel=\"nofollow noopener\" href=\"https:\/\/plejada.pl\/newsy\/cezary-zak-nie-kryje-dumy-z-bycia-dziadkiem-pokazal-rozczulajace-zdjecie-z-wnuczka\/mailto:plejada@redakcjaonet.pl\" id=\"d2284e8e-e189-4ca8-877f-6ff61329d585\" target=\"_blank\">plejada@redakcjaon<\/a><a href=\"https:\/\/et.pl\" id=\"83fe6ef5-f587-4131-9ac2-56146307d762\" rel=\"nofollow noopener\" target=\"_blank\">et.pl<\/a>.<\/p>\n<p><script async src=\"\/\/www.instagram.com\/embed.js\"><\/script><script async src=\"\/\/www.tiktok.com\/embed.js\"><\/script><\/p>\n","protected":false},"excerpt":{"rendered":"&#8222;Tak wygl\u0105da dumny i szcz\u0119\u015bliwy dziadek. Nie tylko dzisiaj&#8221; \u2014 napisa\u0142 aktor na Facebooku, pokazuj\u0105c fotografi\u0119, na kt\u00f3rej&hellip;\n","protected":false},"author":2,"featured_media":220852,"comment_status":"","ping_status":"","sticky":false,"template":"","format":"standard","meta":{"footnotes":""},"categories":[22],"tags":[9165,11087,41050,122,48,125,46,42,38,40,39,41,123,47],"class_list":{"0":"post-220851","1":"post","2":"type-post","3":"status-publish","4":"format-standard","5":"has-post-thumbnail","7":"category-rozrywka","8":"tag-cezary_zak","9":"tag-dziadek","10":"tag-dzien_dziadka","11":"tag-entertainment","12":"tag-nat_styl","13":"tag-newsy","14":"tag-omp","15":"tag-pl","16":"tag-poland","17":"tag-polish","18":"tag-polska","19":"tag-polski","20":"tag-rozrywka","21":"tag-screening_general"},"share_on_mastodon":{"url":"https:\/\/pubeurope.com\/@pl\/115944295121352453","error":""},"_links":{"self":[{"href":"https:\/\/www.europesays.com\/pl\/wp-json\/wp\/v2\/posts\/220851","targetHints":{"allow":["GET"]}}],"collection":[{"href":"https:\/\/www.europesays.com\/pl\/wp-json\/wp\/v2\/posts"}],"about":[{"href":"https:\/\/www.europesays.com\/pl\/wp-json\/wp\/v2\/types\/post"}],"author":[{"embeddable":true,"href":"https:\/\/www.europesays.com\/pl\/wp-json\/wp\/v2\/users\/2"}],"replies":[{"embeddable":true,"href":"https:\/\/www.europesays.com\/pl\/wp-json\/wp\/v2\/comments?post=220851"}],"version-history":[{"count":0,"href":"https:\/\/www.europesays.com\/pl\/wp-json\/wp\/v2\/posts\/220851\/revisions"}],"wp:featuredmedia":[{"embeddable":true,"href":"https:\/\/www.europesays.com\/pl\/wp-json\/wp\/v2\/media\/220852"}],"wp:attachment":[{"href":"https:\/\/www.europesays.com\/pl\/wp-json\/wp\/v2\/media?parent=220851"}],"wp:term":[{"taxonomy":"category","embeddable":true,"href":"https:\/\/www.europesays.com\/pl\/wp-json\/wp\/v2\/categories?post=220851"},{"taxonomy":"post_tag","embeddable":true,"href":"https:\/\/www.europesays.com\/pl\/wp-json\/wp\/v2\/tags?post=220851"}],"curies":[{"name":"wp","href":"https:\/\/api.w.org\/{rel}","templated":true}]}}