{"id":220888,"date":"2026-01-23T12:21:07","date_gmt":"2026-01-23T12:21:07","guid":{"rendered":"https:\/\/www.europesays.com\/pl\/220888\/"},"modified":"2026-01-23T12:21:07","modified_gmt":"2026-01-23T12:21:07","slug":"wolodymyr-zelenski-ma-propozycje-dla-europejczykow-mowi-o-wielkiej-armii-onet-wiadomosci","status":"publish","type":"post","link":"https:\/\/www.europesays.com\/pl\/220888\/","title":{"rendered":"Wo\u0142odymyr Ze\u0142enski ma propozycj\u0119 dla Europejczyk\u00f3w. M\u00f3wi o wielkiej armii &#8211; Onet Wiadomo\u015bci"},"content":{"rendered":"<ol>\n<li><a href=\"https:\/\/news.google.com\/rss\/articles\/CBMiswFBVV95cUxQZ29qWHlGT01GaHVqX3k3Q0ZydGEzRndwdkxnVlIyTDhKRXB5MG92VTlsUEh4amxQUGg0VmZjTDNDeDR3WUh3T0xTTERIN1lUdHgtQ1JMUmp3dHdYQktrdTJFMWZ3c1kxN0YxWWhRd0MyckhkYU1CMUhsUTE0UjcwelZDY2thRmhRNkY3R0FLVDZ2d0pORUR6RWFMU0V0TlIwODcweEh4Ym9aSkZ4elNPd0l0Zw?oc=5\" target=\"_blank\" rel=\"nofollow noopener\">Wo\u0142odymyr Ze\u0142enski ma propozycj\u0119 dla Europejczyk\u00f3w. M\u00f3wi o wielkiej armii<\/a>&nbsp;&nbsp;Onet Wiadomo\u015bci<\/li>\n<li><a href=\"https:\/\/news.google.com\/rss\/articles\/CBMiuwFBVV95cUxQNGZNR2h0eVpxNlUweTNDZDFYMUVybWxoLVNzXzJkSWN1UTA1YkVGZEZCcmhvMDhZVWRqR0t6R2tvay10M0wwUGpMWVFlOE9KLU5UVnZkSEdUdTlTdWtkYVltUFZCV3JSSlZSRzliT2hMRDhBUE52Z2dKdTlGQnAyd1J1M243RWVwVnFxZkd3RXJBZkNpMzg1RFh1QkE5WjhHMGVBc2RSZ3hVM29lbVpUcnlBVTQ2eHpLb3Nv?oc=5\" target=\"_blank\" rel=\"nofollow noopener\">Ze\u0142enski zwr\u00f3ci\u0142 si\u0119 do Europy i USA. &#8222;Mo\u017ce teraz potraktuj\u0105 to powa\u017cniej&#8221;<\/a>&nbsp;&nbsp;Gazeta<\/li>\n<li><a href=\"https:\/\/news.google.com\/rss\/articles\/CBMisAFBVV95cUxNRi03NElQZWRUaTRWc1hXLUZ0TVBFNG11MnR5MWFRUDRNUlVfMDVRYXZNd3B2Y3ByaUpVYmZVTjZPdTN4ZnJNYmIxUmZzRUFYUGRnSmNMa1pGNGMxYV9SUmlQSmg2dk1BUDlqOHByT0x0RFczLUY5WmpqNzc0a0w2Tkl5TGlmV2N1a1ZqMC1fTklieU1nWmtkdndlSzdfZHZhQXl5WjZlVlQzdFRTTmtEUA?oc=5\" target=\"_blank\" rel=\"nofollow noopener\">Ze\u0142enski zaproponowa\u0142 Europie stworzenie wsp\u00f3lnego wojska. Bez odzewu<\/a>&nbsp;&nbsp;WP Wiadomo\u015bci<\/li>\n<li><a href=\"https:\/\/news.google.com\/rss\/articles\/CBMixgFBVV95cUxNYWRQV0pYejhmc2tLUkJHNlhHck9vRE1UR3A5UEZjRS13NlZWMVNWdVRPOC1OQXJtQk5tcHpjSTZLaWxnc0hjS3NsXzBsX1BESmp1Wk1ZTkVRVXk2WUEzdGdsZnl4N0tvWnpBS25JdWFLV3VrMktlLUtMcG93Njd6aU5DX2dEY3luYk5tWmJsRkNLZFg5Yk4tT2VqNjR3TndQU05GTWV4bk5zdi1sdmk4VjJreVVQZ1BacXB6dmsyZ2pPU1lkOGc?oc=5\" target=\"_blank\" rel=\"nofollow noopener\">Powstanie armia europejsko-ukrai\u0144ska? USA nie zosta\u0142y uwzgl\u0119dnione<\/a>&nbsp;&nbsp;RMF24<\/li>\n<li><a href=\"https:\/\/news.google.com\/rss\/articles\/CBMipwFBVV95cUxPMWVBREdYNHVaWUcxQXBFX1NHLUUtRGV3OGtJcG1mVjJXZnNCMXV0ek9QN0NJbjlzVXVHQ25SMjZIQl85alZ5ZEFKZWgtMFFJT2kyS1BQN2Rib0FueVRpZkFfRHNEMDdxQ05VQUpWblk4WWJDYlQ3ZWJXdEVYUEw1RGhBVmRsN0ItWWdrVkNPeTgxLWpsY0R5bGJRYy15N3dEOTVMOU9wZw?oc=5\" target=\"_blank\" rel=\"nofollow noopener\">Sensacyjna propozycja Ze\u0142enskiego. M\u00f3wi o trzech milionach \u017co\u0142nierzy<\/a>&nbsp;&nbsp;Fakt<\/li>\n<\/ol>\n","protected":false},"excerpt":{"rendered":"Wo\u0142odymyr Ze\u0142enski ma propozycj\u0119 dla Europejczyk\u00f3w. M\u00f3wi o wielkiej armii&nbsp;&nbsp;Onet Wiadomo\u015bci Ze\u0142enski zwr\u00f3ci\u0142 si\u0119 do Europy i USA.&hellip;\n","protected":false},"author":2,"featured_media":220889,"comment_status":"","ping_status":"","sticky":false,"template":"","format":"standard","meta":{"footnotes":""},"categories":[14],"tags":[32,33,27,76,34,35,28,31,48,25,46,40,41,87,47,80,29,30,415,70,26,309,82,83,84],"class_list":{"0":"post-220888","1":"post","2":"type-post","3":"status-publish","4":"format-standard","5":"has-post-thumbnail","7":"category-swiat","8":"tag-breaking-news","9":"tag-breakingnews","10":"tag-headlines","11":"tag-inwazja_rosji_na_ukraine","12":"tag-latest-news","13":"tag-latestnews","14":"tag-naglowki","15":"tag-najwazniejsze-artykuly","16":"tag-nat_styl","17":"tag-news","18":"tag-omp","19":"tag-polish","20":"tag-polski","21":"tag-rosja","22":"tag-screening_general","23":"tag-swiat","24":"tag-top-stories","25":"tag-topstories","26":"tag-ukraina","27":"tag-w_skrocie","28":"tag-wiadomosci","29":"tag-wolodymyr_zelenski","30":"tag-world","31":"tag-world-news","32":"tag-worldnews"},"share_on_mastodon":{"url":"https:\/\/pubeurope.com\/@pl\/115944389604186854","error":""},"_links":{"self":[{"href":"https:\/\/www.europesays.com\/pl\/wp-json\/wp\/v2\/posts\/220888","targetHints":{"allow":["GET"]}}],"collection":[{"href":"https:\/\/www.europesays.com\/pl\/wp-json\/wp\/v2\/posts"}],"about":[{"href":"https:\/\/www.europesays.com\/pl\/wp-json\/wp\/v2\/types\/post"}],"author":[{"embeddable":true,"href":"https:\/\/www.europesays.com\/pl\/wp-json\/wp\/v2\/users\/2"}],"replies":[{"embeddable":true,"href":"https:\/\/www.europesays.com\/pl\/wp-json\/wp\/v2\/comments?post=220888"}],"version-history":[{"count":0,"href":"https:\/\/www.europesays.com\/pl\/wp-json\/wp\/v2\/posts\/220888\/revisions"}],"wp:featuredmedia":[{"embeddable":true,"href":"https:\/\/www.europesays.com\/pl\/wp-json\/wp\/v2\/media\/220889"}],"wp:attachment":[{"href":"https:\/\/www.europesays.com\/pl\/wp-json\/wp\/v2\/media?parent=220888"}],"wp:term":[{"taxonomy":"category","embeddable":true,"href":"https:\/\/www.europesays.com\/pl\/wp-json\/wp\/v2\/categories?post=220888"},{"taxonomy":"post_tag","embeddable":true,"href":"https:\/\/www.europesays.com\/pl\/wp-json\/wp\/v2\/tags?post=220888"}],"curies":[{"name":"wp","href":"https:\/\/api.w.org\/{rel}","templated":true}]}}