{"id":221103,"date":"2026-01-23T14:19:11","date_gmt":"2026-01-23T14:19:11","guid":{"rendered":"https:\/\/www.europesays.com\/pl\/221103\/"},"modified":"2026-01-23T14:19:11","modified_gmt":"2026-01-23T14:19:11","slug":"nowa-oplata-audiowizualna-zamiast-abonamentu-rtv-polacy-zaplaca-wiecej","status":"publish","type":"post","link":"https:\/\/www.europesays.com\/pl\/221103\/","title":{"rendered":"Nowa op\u0142ata audiowizualna zamiast abonamentu RTV. Polacy zap\u0142ac\u0105 wi\u0119cej"},"content":{"rendered":"<p class=\"ods-c-paragraph \">Dotychczasowy abonament RTV by\u0142 krytykowany jako przestarza\u0142y i nieskuteczny \u2014 p\u0142aci\u0142o go mniej ni\u017c 40 proc. zobowi\u0105zanych. Rz\u0105d rozwa\u017ca\u0142 finansowanie medi\u00f3w publicznych bezpo\u015brednio z bud\u017cetu pa\u0144stwa, jednak najnowszy projekt ustawy zak\u0142ada inne rozwi\u0105zanie. Ministerstwo Kultury i Dziedzictwa Narodowego poinformowa\u0142o, \u017ce trwaj\u0105 obecnie konsultacje publiczne w tej sprawie, a uwagi mo\u017cna zg\u0142asza\u0107 do 23 stycznia.<\/p>\n<p> Dalszy ci\u0105g artyku\u0142u pod materia\u0142em wideo    <\/p>\n<p> Kiedy nowe przepisy wejd\u0105 w \u017cycie? <\/p>\n<p> Ile wyniesie nowa op\u0142ata audiowizualna? <\/p>\n<p> Kto b\u0119dzie zwolniony z nowej op\u0142aty? <\/p>\n<p> Jakie s\u0105 powody zlikwidowania abonamentu RTV? <\/p>\n<p class=\"ods-c-paragraph \">Wed\u0142ug projektu, abonament radiowo-telewizyjny zostanie ca\u0142kowicie zniesiony. Zamiast niego wprowadzona zostanie op\u0142ata audiowizualna, kt\u00f3ra b\u0119dzie pobierana automatycznie wraz z podatkiem dochodowym PIT. Nowa op\u0142ata obejmie wszystkich, niezale\u017cnie od tego, czy posiadaj\u0105 telewizor lub radio. Resort kultury podkre\u015bla, \u017ce nie b\u0119dzie mo\u017cliwo\u015bci unikni\u0119cia tego obowi\u0105zku.<\/p>\n<p class=\"ods-c-paragraph \">Op\u0142ata audiowizualna ma wynosi\u0107 9 z\u0142 miesi\u0119cznie od ka\u017cdej osoby, a nie od gospodarstwa domowego, jak by\u0142o dotychczas. Oznacza to, \u017ce czteroosobowa rodzina, w kt\u00f3rej wszyscy s\u0105 doro\u015bli i pracuj\u0105, zap\u0142aci nawet 36 z\u0142 miesi\u0119cznie. Projekt przewiduje jednak pewne zwolnienia z nowej op\u0142aty. Zgodnie z propozycj\u0105, nie b\u0119d\u0105 jej p\u0142aci\u0107 emeryci i seniorzy powy\u017cej 75. roku \u017cycia, osoby ucz\u0105ce si\u0119 do 26. roku \u017cycia, bezrobotni, osoby o niskich dochodach (poni\u017cej p\u0142acy minimalnej) oraz osoby z orzeczeniem o znacznym stopniu niepe\u0142nosprawno\u015bci.<\/p>\n<p>   Abonament RTV do likwidacji: konsultacje spo\u0142eczne i dalsze kroki<\/p>\n<p class=\"ods-c-paragraph \">Ministerstwo Kultury i Dziedzictwa Narodowego og\u0142osi\u0142o, \u017ce konsultacje publiczne dotycz\u0105ce projektu nowelizacji ustawy medialnej potrwaj\u0105 do 23 stycznia. Po tym terminie projekt trafi pod obrady Sejmu. Zmiany mia\u0142yby wej\u015b\u0107 w \u017cycie od 1 stycznia 2027 r., jednak do ich wprowadzenia konieczna b\u0119dzie nie tylko zgoda parlamentu, ale tak\u017ce podpis prezydenta, kt\u00f3ry ma prawo ustaw\u0119 zawetowa\u0107.<\/p>\n<p class=\"ods-c-paragraph \">Nowa op\u0142ata audiowizualna budzi wiele emocji, poniewa\u017c obejmie wszystkich podatnik\u00f3w, niezale\u017cnie od faktycznego korzystania z medi\u00f3w publicznych. Resort kultury argumentuje, \u017ce takie rozwi\u0105zanie zapewni stabilne finansowanie dla medi\u00f3w publicznych i pozwoli na rezygnacj\u0119 z nieskutecznego systemu abonamentowego.<\/p>\n","protected":false},"excerpt":{"rendered":"Dotychczasowy abonament RTV by\u0142 krytykowany jako przestarza\u0142y i nieskuteczny \u2014 p\u0142aci\u0142o go mniej ni\u017c 40 proc. zobowi\u0105zanych. Rz\u0105d&hellip;\n","protected":false},"author":2,"featured_media":221104,"comment_status":"","ping_status":"","sticky":false,"template":"","format":"standard","meta":{"footnotes":""},"categories":[16],"tags":[113,112,48,46,7766,42,38,40,39,41,7998,47,40590,224,26],"class_list":{"0":"post-221103","1":"post","2":"type-post","3":"status-publish","4":"format-standard","5":"has-post-thumbnail","7":"category-biznes","8":"tag-biznes","9":"tag-business","10":"tag-nat_styl","11":"tag-omp","12":"tag-oplaty","13":"tag-pl","14":"tag-poland","15":"tag-polish","16":"tag-polska","17":"tag-polski","18":"tag-radio","19":"tag-screening_general","20":"tag-taboola_tst1","21":"tag-telewizja","22":"tag-wiadomosci"},"share_on_mastodon":{"url":"https:\/\/pubeurope.com\/@pl\/115944853615833288","error":""},"_links":{"self":[{"href":"https:\/\/www.europesays.com\/pl\/wp-json\/wp\/v2\/posts\/221103","targetHints":{"allow":["GET"]}}],"collection":[{"href":"https:\/\/www.europesays.com\/pl\/wp-json\/wp\/v2\/posts"}],"about":[{"href":"https:\/\/www.europesays.com\/pl\/wp-json\/wp\/v2\/types\/post"}],"author":[{"embeddable":true,"href":"https:\/\/www.europesays.com\/pl\/wp-json\/wp\/v2\/users\/2"}],"replies":[{"embeddable":true,"href":"https:\/\/www.europesays.com\/pl\/wp-json\/wp\/v2\/comments?post=221103"}],"version-history":[{"count":0,"href":"https:\/\/www.europesays.com\/pl\/wp-json\/wp\/v2\/posts\/221103\/revisions"}],"wp:featuredmedia":[{"embeddable":true,"href":"https:\/\/www.europesays.com\/pl\/wp-json\/wp\/v2\/media\/221104"}],"wp:attachment":[{"href":"https:\/\/www.europesays.com\/pl\/wp-json\/wp\/v2\/media?parent=221103"}],"wp:term":[{"taxonomy":"category","embeddable":true,"href":"https:\/\/www.europesays.com\/pl\/wp-json\/wp\/v2\/categories?post=221103"},{"taxonomy":"post_tag","embeddable":true,"href":"https:\/\/www.europesays.com\/pl\/wp-json\/wp\/v2\/tags?post=221103"}],"curies":[{"name":"wp","href":"https:\/\/api.w.org\/{rel}","templated":true}]}}