{"id":221123,"date":"2026-01-23T14:30:08","date_gmt":"2026-01-23T14:30:08","guid":{"rendered":"https:\/\/www.europesays.com\/pl\/221123\/"},"modified":"2026-01-23T14:30:08","modified_gmt":"2026-01-23T14:30:08","slug":"w-lechu-poznan-sie-nie-sprawdzil-teraz-zostal-wypozyczony","status":"publish","type":"post","link":"https:\/\/www.europesays.com\/pl\/221123\/","title":{"rendered":"W Lechu Pozna\u0144 si\u0119 nie sprawdzi\u0142, teraz zosta\u0142 wypo\u017cyczony"},"content":{"rendered":"\n<p class=\"contentpart contentpart--default contentpart--text\" data-position=\"0\">Jak poda\u0142 oficjalny serwis &#8222;Kolejorza&#8221;, najbli\u017csze p\u00f3\u0142 roku 22-letni napastnik sp\u0119dzi w ADO Den Haag, gdzie ma pom\u00f3c nowym kolegom w awansie do Eredivisie. Jego zesp\u00f3\u0142 zajmuje aktualnie 1. miejsce w tabeli zaplecza holenderskiej ekstraklasy z dorobkiem 52 pkt.<\/p>\n<p class=\"contentpart contentpart--default contentpart--text\" data-position=\"1\"><a href=\"https:\/\/sportowefakty.wp.pl\/pilka-nozna\/bryan-fiabema\" rel=\"nofollow noopener\" target=\"_blank\">Bryan Fiabema<\/a>\u00a0jest zwi\u0105zany z Lechem od po\u0142owy 2024 roku. Trafi\u0142 do niego z drugiej dru\u017cyny Realu Sociedad. W stolicy Wielkopolski zaliczy\u0142 a\u017c 48 wyst\u0119p\u00f3w, ale nie wypracowa\u0142 sobie mocnej pozycji w sk\u0142adzie trenera <a href=\"https:\/\/sportowefakty.wp.pl\/pilka-nozna\/niels-frederiksen\" rel=\"nofollow noopener\" target=\"_blank\">Nielsa Frederiksena<\/a>.<\/p>\n<p>  <img decoding=\"async\" src=\"https:\/\/v.wpimg.pl\/X3dwLnN2d1IFFTpdYUl6R0ZNbgcnEHQREVV2TGEGbUtRT2MdOlZ2RBQUKABgQjQcDRotCStBd1IAAWMeIlM7VgwYIAorQAdEFFk_GCkQJQ\" alt=\"\" width=\"45\" height=\"58\" loading=\"lazy\"\/>  <\/p>\n<p class=\"contentpart contentpart--default contentpart--text\" data-position=\"2\">Mimo du\u017cej liczby mecz\u00f3w, 22-latek zdoby\u0142 zaledwie dwa gole i do\u0142o\u017cy\u0142 do nich dwie asysty. Cz\u0119sto by\u0142 krytykowany za s\u0142ab\u0105 postaw\u0119 i w trwaj\u0105cym okresie przygotowawczym nie zosta\u0142 w\u0142\u0105czony do kadry na zgrupowanie w Zjednoczonych Emiratach Arabskich.<\/p>\n<p class=\"contentpart contentpart--default contentpart--text\" data-position=\"3\">Fiabema mia\u0142 woln\u0105 r\u0119k\u0119 w poszukiwaniu nowego pracodawcy i teraz jego najbli\u017csza przysz\u0142o\u015b\u0107 si\u0119 wyja\u015bni\u0142a.<\/p>\n<p class=\"contentpart contentpart--default contentpart--text\" data-position=\"4\">Kontrakt napastnika z &#8222;Kolejorzem&#8221; obowi\u0105zuje do ko\u0144ca sezonu 2026\/2027.<\/p>\n<p class=\"contentpart contentpart--default contentpart--text\" data-position=\"5\">ZOBACZ WIDEO: Grzegorz Krychowiak zn\u00f3w w podr\u00f3\u017cy. Zobaczy\u0142 &#8222;Wrota Piekie\u0142&#8221;<\/p>\n","protected":false},"excerpt":{"rendered":"Jak poda\u0142 oficjalny serwis &#8222;Kolejorza&#8221;, najbli\u017csze p\u00f3\u0142 roku 22-letni napastnik sp\u0119dzi w ADO Den Haag, gdzie ma pom\u00f3c&hellip;\n","protected":false},"author":2,"featured_media":221124,"comment_status":"","ping_status":"","sticky":false,"template":"","format":"standard","meta":{"footnotes":""},"categories":[24],"tags":[27596,41149,16785,1786,215,1750,269,6045,278,1724,42,38,40,39,41,127,126],"class_list":{"0":"post-221123","1":"post","2":"type-post","3":"status-publish","4":"format-standard","5":"has-post-thumbnail","7":"category-sport","8":"tag-ado-den-haag","9":"tag-bryan-fiabema","10":"tag-eredivisie","11":"tag-holandia","12":"tag-lech-poznan","13":"tag-niels-frederiksen","14":"tag-pilka-nozna","15":"tag-pilka-nozna-w-holandii","16":"tag-pilka-w-europie","17":"tag-pko-ekstraklasa","18":"tag-pl","19":"tag-poland","20":"tag-polish","21":"tag-polska","22":"tag-polski","23":"tag-sport","24":"tag-sports"},"share_on_mastodon":{"url":"https:\/\/pubeurope.com\/@pl\/115944897155661425","error":""},"_links":{"self":[{"href":"https:\/\/www.europesays.com\/pl\/wp-json\/wp\/v2\/posts\/221123","targetHints":{"allow":["GET"]}}],"collection":[{"href":"https:\/\/www.europesays.com\/pl\/wp-json\/wp\/v2\/posts"}],"about":[{"href":"https:\/\/www.europesays.com\/pl\/wp-json\/wp\/v2\/types\/post"}],"author":[{"embeddable":true,"href":"https:\/\/www.europesays.com\/pl\/wp-json\/wp\/v2\/users\/2"}],"replies":[{"embeddable":true,"href":"https:\/\/www.europesays.com\/pl\/wp-json\/wp\/v2\/comments?post=221123"}],"version-history":[{"count":0,"href":"https:\/\/www.europesays.com\/pl\/wp-json\/wp\/v2\/posts\/221123\/revisions"}],"wp:featuredmedia":[{"embeddable":true,"href":"https:\/\/www.europesays.com\/pl\/wp-json\/wp\/v2\/media\/221124"}],"wp:attachment":[{"href":"https:\/\/www.europesays.com\/pl\/wp-json\/wp\/v2\/media?parent=221123"}],"wp:term":[{"taxonomy":"category","embeddable":true,"href":"https:\/\/www.europesays.com\/pl\/wp-json\/wp\/v2\/categories?post=221123"},{"taxonomy":"post_tag","embeddable":true,"href":"https:\/\/www.europesays.com\/pl\/wp-json\/wp\/v2\/tags?post=221123"}],"curies":[{"name":"wp","href":"https:\/\/api.w.org\/{rel}","templated":true}]}}