{"id":221125,"date":"2026-01-23T14:31:05","date_gmt":"2026-01-23T14:31:05","guid":{"rendered":"https:\/\/www.europesays.com\/pl\/221125\/"},"modified":"2026-01-23T14:31:05","modified_gmt":"2026-01-23T14:31:05","slug":"zwyciezcy-licytacji-wosp-anny-korcz-nie-odebrali-nagrody-aktorka-tlumaczy-dlaczego","status":"publish","type":"post","link":"https:\/\/www.europesays.com\/pl\/221125\/","title":{"rendered":"Zwyci\u0119zcy licytacji WO\u015aP Anny Korcz nie odebrali nagrody. Aktorka t\u0142umaczy dlaczego"},"content":{"rendered":"<p class=\"Paragraph_desktopParagraph__U31Gm\">W tym roku Wielka Orkiestra \u015awi\u0105tecznej Pomocy po raz 34. organizuje sw\u00f3j fina\u0142, kt\u00f3ry tradycyjnie przyci\u0105ga t\u0142umy i wywo\u0142uje wielkie emocje w ca\u0142ej Polsce. Jak co roku w akcj\u0119 anga\u017cuj\u0105 si\u0119 znane postaci ze \u015bwiata kultury, sportu i polityki, a szczeg\u00f3lnym zainteresowaniem ciesz\u0105 si\u0119 aukcje z ich udzia\u0142em. W tym roku mo\u017cna m.in. wylicytowa\u0107 &#8222;nocowank\u0119&#8221; u Julii Wieniawy czy wsp\u00f3lny polonez z Maciejem Musia\u0142em. Do przedsi\u0119wzi\u0119cia w\u0142\u0105czaj\u0105 si\u0119 r\u00f3wnie\u017c sportowcy i politycy, oferuj\u0105c nie tylko niezapomniane do\u015bwiadczenia, ale te\u017c unikatowe przedmioty.<\/p>\n<p class=\"Paragraph_desktopParagraph__U31Gm\">Polecamy: <a href=\"https:\/\/plejada.pl\/zdjecia-gwiazd\/julia-wieniawa-maciej-musial-i-iga-swiatek-wspieraja-wosp-oto-aukcje-gwiazd\/99qh5jq\" id=\"857c26da-f068-4268-a160-793d96350362\" rel=\"nofollow noopener\" target=\"_blank\">Taniec z Maciejem Musia\u0142em i &#8222;nocowanka&#8221; u Julii Wieniawy. Oto aukcje gwiazd na 34. fina\u0142 WO\u015aP<\/a><\/p>\n<ul class=\"OchatFollowUps_wrapper__1ry7X\">\n<li class=\"OchatFollowUps_item__Dhyly OchatFollowUps_itemDesktop__R6aBv\">Dlaczego zwyci\u0119zcy licytacji nie odebrali nagrody?<\/li>\n<li class=\"OchatFollowUps_item__Dhyly OchatFollowUps_itemDesktop__R6aBv\">Jak Anna Korcz wspiera WO\u015aP?<\/li>\n<li class=\"OchatFollowUps_item__Dhyly OchatFollowUps_itemDesktop__R6aBv\">Jakie licytacje z udzia\u0142em gwiazd s\u0105 w tym roku?<\/li>\n<li class=\"OchatFollowUps_item__Dhyly OchatFollowUps_itemDesktop__R6aBv\">Dlaczego Anna Korcz nie organizuje prywatnych licytacji?<\/li>\n<\/ul>\n<p>Anna Korcz o WO\u015aP <\/p>\n<p class=\"Paragraph_desktopParagraph__U31Gm\">Anna Korcz tak\u017ce co roku gra z Jurkiem Owsiakiem. W rozmowie z Plejad\u0105 podkre\u015bla, \u017ce co roku wspiera t\u0119 inicjatyw\u0119 i nie rozumie os\u00f3b, kt\u00f3re krytykuj\u0105 t\u0119 akcj\u0119.<\/p>\n<p class=\"Paragraph_desktopParagraph__U31Gm\">\u2014 Zawsze przy okazji stycznia takie opinie si\u0119 ujawniaj\u0105. Te obozy mnie zawsze martwi\u0105, dlatego, \u017ce dziwi\u0119 si\u0119 ludziom, \u017ce w og\u00f3le zastanawiaj\u0105 si\u0119 nad tym, czy pomaga\u0107. Nie ka\u017cdy musi pomaga\u0107 WO\u015aP. Mo\u017cna pomaga\u0107 innym fundacjom, prawda? Oczywi\u015bcie, \u017ce jestem z WO\u015aP-em od pierwszego roku istnienia i Jurek Owsiak jest dla mnie absolutnym autorytetem, bo takiej akcji, jak\u0105 on stworzy\u0142, to nie ma na \u015bwiecie. Nie mamy, co dyskutowa\u0107.<\/p>\n<p class=\"Paragraph_desktopParagraph__U31Gm\">Owszem, pomagam, osobi\u015bcie wp\u0142acam pieni\u0105dze. Nie m\u00f3wi\u0119 o tym, bo to s\u0105 moje prywatne wp\u0142aty. &#8222;Zacisze&#8221; funduje na og\u00f3\u0142 jaki\u015b bon \u2014 pobyt ca\u0142odniowy u nas w Pomiech\u00f3wku. Owszem, raz czy dwa razy zrobi\u0142am prywatn\u0105 licytacj\u0119, ale zobaczy\u0142am, \u017ce koledzy, dziennikarze, aktorzy robi\u0105 tak fantastyczne sprawy, kt\u00f3re osi\u0105gaj\u0105 dziesi\u0105tki tysi\u0119cy z\u0142otych, \u017ce ja, \u017ceby nie by\u0107 konkurencyjn\u0105 w \u017caden spos\u00f3b, to ju\u017c po prostu tego nie robi\u0119 \u2014 zdradza.<\/p>\n<p class=\"Paragraph_desktopParagraph__U31Gm\">Aktorka wspomina licytacje WO\u015aP sprzed lat.<\/p>\n<blockquote>\n<p class=\"Paragraph_desktopParagraph__U31Gm\">Mia\u0142am licytacj\u0119 \u2014 kolacj\u0119 czy obiad ze mn\u0105. Nie dosz\u0142o do spotkania, ale dw\u00f3ch pan\u00f3w wp\u0142aci\u0142o pieni\u0105dze i my wci\u0105\u017c mamy kontakt SMS-owy. Przesy\u0142aj\u0105 \u017cyczenia na urodziny, na imieniny, na \u015bwi\u0119ta. Czasowo termin nam si\u0119 nie zgra\u0142 \u2014 panowie s\u0105 z innych miast, ale bardzo panom dzi\u0119kuj\u0119<\/p>\n<\/blockquote>\n<p class=\"Paragraph_desktopParagraph__U31Gm\">\u2014 dodaje.<\/p>\n<p><img decoding=\"async\" class=\"Image_image__0tuHp Image_autoHeight__f2n87 \" height=\"587\" width=\"880\" src=\"https:\/\/www.europesays.com\/pl\/wp-content\/uploads\/2026\/01\/oQfk9kuTURBXy83YTNmZmQ4ZS01MzlhLTQyNjEtYWZiZC1kMjY5ZGI4Mzc4MjkuanBlZ5OVAwAAzQ-QzQpglQLNA6wAwsOVAgDNA.jpeg\" alt=\"Jerzy Owsiak\" loading=\"lazy\" \/>PAP\/Marcin Obara<\/p>\n<p>Jerzy Owsiak<\/p>\n<p><img decoding=\"async\" class=\"Image_image__0tuHp Image_autoHeight__f2n87 \" height=\"587\" width=\"738\" src=\"https:\/\/www.europesays.com\/pl\/wp-content\/uploads\/2026\/01\/0mHk9kpTURBXy8yZDQ2ODA1ZWRmMTZiNzk4MGU4ZGU0NDVkZDAzOWM4Mi5qcGeSlQLNA6wAwsOVAgDNAkvCw94AA6EwAaExAaEzw.jpeg\" alt=\"Anna Korcz\" loading=\"lazy\" \/>Niemiec \/ AKPA<\/p>\n<p>Anna Korcz<\/p>\n<p class=\"Paragraph_desktopParagraph__U31Gm\">Dzi\u0119kujemy, \u017ce przeczyta\u0142a\u015b\/e\u015b nasz artyku\u0142 do ko\u0144ca. W serwisie Plejada.pl ka\u017cdego dnia piszemy o najwa\u017cniejszych wydarzeniach show-biznesowych. B\u0105d\u017a na bie\u017c\u0105co! <a rel=\"nofollow noopener\" href=\"https:\/\/profile.google.com\/cp\/Cg0vZy8xMWJ6X19wdHBx\" id=\"972644a7-f713-4731-bf8c-d01c525d85d4\" target=\"_blank\">Obserwuj<\/a> Plejad\u0119 w Google. Odwied\u017a nas tak\u017ce na <a rel=\"nofollow noopener\" href=\"https:\/\/www.facebook.com\/plejadapl\" id=\"e2f39207-a4c7-4f7d-9ed1-96f7be879f59\" target=\"_blank\">Facebooku<\/a>, <a rel=\"nofollow noopener\" href=\"https:\/\/www.instagram.com\/plejadapl\/\" id=\"49a1af1b-d090-4402-97de-e02b5a8adf1c\" target=\"_blank\">Instagramie<\/a>, <a rel=\"nofollow noopener\" href=\"https:\/\/www.youtube.com\/c\/plejada\" id=\"71b12d2b-0fe0-4893-ac74-607891829228\" target=\"_blank\">YouTubie<\/a> oraz <a rel=\"nofollow noopener\" href=\"https:\/\/www.tiktok.com\/@plejada_pl\" id=\"9c022053-375e-404b-807b-4df1315ce1da\" target=\"_blank\">TikToku<\/a>.<\/p>\n<p class=\"Paragraph_desktopParagraph__U31Gm\">Chcesz podzieli\u0107 si\u0119 ciekawym newsem lub zaproponowa\u0107 temat? Skontaktuj si\u0119 z nami, pisz\u0105c maila na adres: <a href=\"https:\/\/www.onet.pl\/styl-zycia\/plejada\/zwyciezcy-licytacji-wosp-anny-korcz-nie-odebrali-nagrody-aktorka-tlumaczy-dlaczego\/mailto:plejada@redakcjaonet.pl\" id=\"06fb3689-257b-4ea6-a3f5-9cdbb3a5c701\" rel=\"nofollow noopener\" target=\"_blank\">plejada@redakcjaon<\/a><a rel=\"nofollow noopener\" href=\"https:\/\/et.pl\" id=\"6b5d629b-7138-46b6-84a9-4d39dab5b65a\" target=\"_blank\">et.pl<\/a>.<\/p>\n<p><script async src=\"\/\/www.instagram.com\/embed.js\"><\/script><script async src=\"\/\/www.tiktok.com\/embed.js\"><\/script><\/p>\n","protected":false},"excerpt":{"rendered":"W tym roku Wielka Orkiestra \u015awi\u0105tecznej Pomocy po raz 34. organizuje sw\u00f3j fina\u0142, kt\u00f3ry tradycyjnie przyci\u0105ga t\u0142umy i&hellip;\n","protected":false},"author":2,"featured_media":221126,"comment_status":"","ping_status":"","sticky":false,"template":"","format":"standard","meta":{"footnotes":""},"categories":[22],"tags":[14554,122,67,53,52,68,51,55,42,38,40,39,41,123,47,196,341,338,65,50,24008],"class_list":{"0":"post-221125","1":"post","2":"type-post","3":"status-publish","4":"format-standard","5":"has-post-thumbnail","7":"category-rozrywka","8":"tag-anna_korcz","9":"tag-entertainment","10":"tag-intextvideo_splayer","11":"tag-new_header","12":"tag-onet3","13":"tag-onet3d","14":"tag-onet3d_2i","15":"tag-phx","16":"tag-pl","17":"tag-poland","18":"tag-polish","19":"tag-polska","20":"tag-polski","21":"tag-rozrywka","22":"tag-screening_general","23":"tag-styl_zycia","24":"tag-tylko_w_onecie","25":"tag-tylko_w_plejadzie","26":"tag-update_me","27":"tag-v2021","28":"tag-wielka_orkiestra_swiatecznej_pomocy_wosp"},"share_on_mastodon":{"url":"https:\/\/pubeurope.com\/@pl\/115944900831714818","error":""},"_links":{"self":[{"href":"https:\/\/www.europesays.com\/pl\/wp-json\/wp\/v2\/posts\/221125","targetHints":{"allow":["GET"]}}],"collection":[{"href":"https:\/\/www.europesays.com\/pl\/wp-json\/wp\/v2\/posts"}],"about":[{"href":"https:\/\/www.europesays.com\/pl\/wp-json\/wp\/v2\/types\/post"}],"author":[{"embeddable":true,"href":"https:\/\/www.europesays.com\/pl\/wp-json\/wp\/v2\/users\/2"}],"replies":[{"embeddable":true,"href":"https:\/\/www.europesays.com\/pl\/wp-json\/wp\/v2\/comments?post=221125"}],"version-history":[{"count":0,"href":"https:\/\/www.europesays.com\/pl\/wp-json\/wp\/v2\/posts\/221125\/revisions"}],"wp:featuredmedia":[{"embeddable":true,"href":"https:\/\/www.europesays.com\/pl\/wp-json\/wp\/v2\/media\/221126"}],"wp:attachment":[{"href":"https:\/\/www.europesays.com\/pl\/wp-json\/wp\/v2\/media?parent=221125"}],"wp:term":[{"taxonomy":"category","embeddable":true,"href":"https:\/\/www.europesays.com\/pl\/wp-json\/wp\/v2\/categories?post=221125"},{"taxonomy":"post_tag","embeddable":true,"href":"https:\/\/www.europesays.com\/pl\/wp-json\/wp\/v2\/tags?post=221125"}],"curies":[{"name":"wp","href":"https:\/\/api.w.org\/{rel}","templated":true}]}}