{"id":221151,"date":"2026-01-23T14:44:07","date_gmt":"2026-01-23T14:44:07","guid":{"rendered":"https:\/\/www.europesays.com\/pl\/221151\/"},"modified":"2026-01-23T14:44:07","modified_gmt":"2026-01-23T14:44:07","slug":"bryan-fiabema-odchodzi-z-lecha-poznan-to-juz-oficjalne","status":"publish","type":"post","link":"https:\/\/www.europesays.com\/pl\/221151\/","title":{"rendered":"Bryan Fiabema odchodzi z Lecha Pozna\u0144. To ju\u017c oficjalne"},"content":{"rendered":"<p>Lech Pozna\u0144 pozbywa si\u0119 jednego z\u00a0g\u0142o\u015bnych niewypa\u0142\u00f3w transferowych. Na\u00a0razie tylko\u00a0na\u00a0wypo\u017cyczenie \u2013 Bryan Fiabema do\u00a0ko\u0144ca sezonu b\u0119dzie pi\u0142karzem ADO Den Haag, kt\u00f3re wyst\u0119puje na\u00a0zapleczu holenderskiej Eredivisie.<\/p>\n<p>Transfer m\u0142odzie\u017cowego reprezentanta Norwegii wi\u0105za\u0142 si\u0119 ze\u00a0sporymi nadziejami w\u00a0Lechu Pozna\u0144. Nie\u00a0mo\u017cna powiedzie\u0107, by\u00a0pi\u0142karz nie\u00a0dostawa\u0142 w\u00a0Kolejorzu swoich szans, ale\u00a0nie\u00a0spe\u0142ni\u0142 oczekiwa\u0144.<\/p>\n<p>Bryan Fiabema wypo\u017cyczony do\u00a0ADO Den Haag<\/p>\n<p>Przez\u00a0p\u00f3\u0142tora roku Fiabema rozegra\u0142 dla Lecha Pozna\u0144 48 spotka\u0144, strzelaj\u0105c tylko\u00a0dwa gole i\u00a0notuj\u0105c dwie asysty. Po\u00a0raz pierwszy trafi\u0142 do\u00a0bramki rywala ju\u017c po\u00a0ponad roku w\u00a0Polsce \u2013 w\u00a0sierpniu zesz\u0142ego roku z\u00a0Widzewem \u0141\u00f3d\u017a. Drug\u0105 bramk\u0119 zdoby\u0142 w\u00a0pa\u017adziernikowym meczu z\u00a0GKS-em Katowice.<\/p>\n<p>Cho\u0107 trener Niels Frederiksen d\u0142ugo do\u015b\u0107 regularnie dawa\u0142 Norwegowi szanse, od\u00a0pocz\u0105tku listopada 22-latek rzadko pojawia\u0142 si\u0119 na\u00a0placu gry. Teraz odszed\u0142 z\u00a0Lecha na\u00a0wypo\u017cyczenie.<\/p>\n<p>Przynajmniej do\u00a0ko\u0144ca sezonu Fiabema b\u0119dzie pi\u0142karzem holenderskiego ADO Den Haag, wyst\u0119puj\u0105cego obecnie na\u00a0drugim poziomie rozgrywkowym w\u00a0Holandii. Jego nowy zesp\u00f3\u0142 jest liderem tabeli i\u00a0niemal na\u00a0pewno awansuje do\u00a0Eredivisie. Bezpo\u015bredni awans wywalczaj\u0105 dwa zespo\u0142y, a\u00a0ADO ma\u00a0a\u017c\u00a015 punkt\u00f3w przewagi nad\u00a0trzecim w\u00a0tabeli De\u00a0Graafschaap.<\/p>\n<p>Kontrakt Fiabemy z\u00a0Lechem Pozna\u0144 wygasa 30 czerwca 2027 roku.<\/p>\n<p>CZYTAJ WI\u0118CEJ NA\u00a0WESZ\u0141O:<\/p>\n<p>Fot.\u00a0Newspix<\/p>\n","protected":false},"excerpt":{"rendered":"Lech Pozna\u0144 pozbywa si\u0119 jednego z\u00a0g\u0142o\u015bnych niewypa\u0142\u00f3w transferowych. Na\u00a0razie tylko\u00a0na\u00a0wypo\u017cyczenie \u2013 Bryan Fiabema do\u00a0ko\u0144ca sezonu b\u0119dzie pi\u0142karzem ADO&hellip;\n","protected":false},"author":2,"featured_media":221152,"comment_status":"","ping_status":"","sticky":false,"template":"","format":"standard","meta":{"footnotes":""},"categories":[24],"tags":[27596,41149,215,42,38,40,39,41,127,126],"class_list":{"0":"post-221151","1":"post","2":"type-post","3":"status-publish","4":"format-standard","5":"has-post-thumbnail","7":"category-sport","8":"tag-ado-den-haag","9":"tag-bryan-fiabema","10":"tag-lech-poznan","11":"tag-pl","12":"tag-poland","13":"tag-polish","14":"tag-polska","15":"tag-polski","16":"tag-sport","17":"tag-sports"},"share_on_mastodon":{"url":"https:\/\/pubeurope.com\/@pl\/115944952706148092","error":""},"_links":{"self":[{"href":"https:\/\/www.europesays.com\/pl\/wp-json\/wp\/v2\/posts\/221151","targetHints":{"allow":["GET"]}}],"collection":[{"href":"https:\/\/www.europesays.com\/pl\/wp-json\/wp\/v2\/posts"}],"about":[{"href":"https:\/\/www.europesays.com\/pl\/wp-json\/wp\/v2\/types\/post"}],"author":[{"embeddable":true,"href":"https:\/\/www.europesays.com\/pl\/wp-json\/wp\/v2\/users\/2"}],"replies":[{"embeddable":true,"href":"https:\/\/www.europesays.com\/pl\/wp-json\/wp\/v2\/comments?post=221151"}],"version-history":[{"count":0,"href":"https:\/\/www.europesays.com\/pl\/wp-json\/wp\/v2\/posts\/221151\/revisions"}],"wp:featuredmedia":[{"embeddable":true,"href":"https:\/\/www.europesays.com\/pl\/wp-json\/wp\/v2\/media\/221152"}],"wp:attachment":[{"href":"https:\/\/www.europesays.com\/pl\/wp-json\/wp\/v2\/media?parent=221151"}],"wp:term":[{"taxonomy":"category","embeddable":true,"href":"https:\/\/www.europesays.com\/pl\/wp-json\/wp\/v2\/categories?post=221151"},{"taxonomy":"post_tag","embeddable":true,"href":"https:\/\/www.europesays.com\/pl\/wp-json\/wp\/v2\/tags?post=221151"}],"curies":[{"name":"wp","href":"https:\/\/api.w.org\/{rel}","templated":true}]}}