{"id":221320,"date":"2026-01-23T16:20:18","date_gmt":"2026-01-23T16:20:18","guid":{"rendered":"https:\/\/www.europesays.com\/pl\/221320\/"},"modified":"2026-01-23T16:20:18","modified_gmt":"2026-01-23T16:20:18","slug":"tv-republika-nie-oplacila-koncesji-stacja-teraz-sie-broni","status":"publish","type":"post","link":"https:\/\/www.europesays.com\/pl\/221320\/","title":{"rendered":"TV Republika nie op\u0142aci\u0142a koncesji. Stacja teraz si\u0119 broni"},"content":{"rendered":"<p class=\"Paragraph_desktopParagraph__U31Gm\">Koszt dziesi\u0119cioletniej koncesji naziemnej dla <a href=\"https:\/\/plejada.pl\/temat\/tv-republika-telewizja-republika\/5te8vm3\" id=\"a7a337cf-cab7-4db1-8d16-88bc2609846e\" rel=\"nofollow noopener\" target=\"_blank\">TV Republika<\/a> wynosi 17,85 mln z\u0142. Nadawca zobowi\u0105zany jest do uiszczania op\u0142aty corocznie do 1 wrze\u015bnia, w ratach po 1,85 mln z\u0142. W 2024 r. stacja wywi\u0105za\u0142a si\u0119 z tego obowi\u0105zku, o czym poinformowa\u0142 prezes Tomasz Sakiewicz w mediach spo\u0142eczno\u015bciowych. Takie same zasady dotycz\u0105 wszystkich og\u00f3lnopolskich nadawc\u00f3w naziemnych.<\/p>\n<ul class=\"OchatFollowUps_wrapper__1ry7X\">\n<li class=\"OchatFollowUps_item__Dhyly OchatFollowUps_itemDesktop__R6aBv\">Dlaczego TV Republika nie op\u0142aci\u0142a koncesji?<\/li>\n<li class=\"OchatFollowUps_item__Dhyly OchatFollowUps_itemDesktop__R6aBv\">Jakie s\u0105 koszty koncesji dla TV Republika?<\/li>\n<li class=\"OchatFollowUps_item__Dhyly OchatFollowUps_itemDesktop__R6aBv\">Ile pieni\u0119dzy pozyska\u0142a TV Republika od darczy\u0144c\u00f3w?<\/li>\n<li class=\"OchatFollowUps_item__Dhyly OchatFollowUps_itemDesktop__R6aBv\">Co oznacza wniosek o roz\u0142o\u017cenie op\u0142at na raty?<\/li>\n<\/ul>\n<p>TV Republika boi si\u0119 utraty koncesji. &#8222;B\u0119dziemy p\u0142aci\u0107&#8221; <\/p>\n<p class=\"Paragraph_desktopParagraph__U31Gm\">&#8222;Telewizja Republika op\u0142aci\u0142a za nadawanie swojego programu do ko\u0144ca stycznia 2026. Z\u0142o\u017cy\u0142a r\u00f3wnie\u017c wniosek o roz\u0142o\u017cenie na raty pozosta\u0142ych op\u0142at koncesyjnych. Wniosek ten jest obecnie analizowany przez prawnik\u00f3w KRRiT&#8221; \u2014 powiedzia\u0142a Wirtualnym Mediom Anna Ostrowska, rzecznik prasowy KRRiT. Wed\u0142ug informacji &#8222;Press&#8221;, do sp\u0142aty pozostaje jeszcze ponad 900 tys. z\u0142, a nadawca wnioskuje o p\u0142atno\u015b\u0107 w miesi\u0119cznych ratach.<\/p>\n<p class=\"Paragraph_desktopParagraph__U31Gm\">Jaros\u0142aw Olechowski, szef wydawc\u00f3w Republiki odni\u00f3s\u0142 si\u0119 na portalu X do krytyki stacji w zwi\u0105zku z nieop\u0142acaniem przez stacj\u0119 ca\u0142orocznej raty koncesyjnej.<\/p>\n<blockquote>\n<p class=\"Paragraph_desktopParagraph__U31Gm\">Po decyzji Wojew\u00f3dzkiego S\u0105du Administracyjnego w sprawie koncesji dla Republiki b\u0119dziemy p\u0142aci\u0107 za faktycznie wykorzystany okres koncesyjny<\/p>\n<\/blockquote>\n<p class=\"Paragraph_desktopParagraph__U31Gm\">\u2014 napisa\u0142.<\/p>\n<p class=\"Paragraph_desktopParagraph__U31Gm\">Krajowa Rada Radiofonii i Telewizji zajmowa\u0142a si\u0119 wnioskiem Telewizji Republika podczas ostatniego posiedzenia. &#8222;KRRiT wys\u0142ucha\u0142a informacji dotycz\u0105cych wniosku sp\u00f3\u0142ki Telewizja Republika o roz\u0142o\u017cenie na raty pozosta\u0142ej kwoty II raty op\u0142aty koncesyjnej. Decyzja zapadnie po dostarczeniu przez sp\u00f3\u0142k\u0119 dokumentacji niezb\u0119dnej do rozpatrzenia wniosku&#8221; \u2014 poinformowa\u0142 regulator.<\/p>\n<p class=\"Paragraph_desktopParagraph__U31Gm\">Prezes Tomasz Sakiewicz, pytany przez Wirtualne Media, czy stacja ui\u015bci\u0142a ca\u0142\u0105 wymagan\u0105 rat\u0119, odpowiedzia\u0142: &#8222;Wysy\u0142amy zgodnie z obowi\u0105zuj\u0105cym prawem i podj\u0119tymi decyzjami organ\u00f3w i s\u0105d\u00f3w&#8221; \u2014 napisa\u0142 w SMS-ie Sakiewicz.<\/p>\n<p class=\"Paragraph_desktopParagraph__U31Gm\">TV Republika, mimo pojawiaj\u0105cych si\u0119 w przestrzeni publicznej w\u0105tpliwo\u015bci dotycz\u0105cych p\u0142ynno\u015bci finansowej, podkre\u015bla, \u017ce nie ma w tej kwestii problem\u00f3w. Od stycznia do lipca 2025 r. stacja pozyska\u0142a od darczy\u0144c\u00f3w oko\u0142o 6,5 mln z\u0142. W ostatnim czasie przesta\u0142a jednak informowa\u0107 o zbi\u00f3rkach na konkretne cele, zach\u0119caj\u0105c widz\u00f3w do wsparcia poprzez kody QR wy\u015bwietlane na ekranie.<\/p>\n<p class=\"Paragraph_desktopParagraph__U31Gm\">Sprawa koncesji dla Republiki i wPolsce24 trafi\u0142a w kwietniu 2025 r. do Wojew\u00f3dzkiego S\u0105du Administracyjnego w Warszawie po skardze firmy zwi\u0105zanej z Grup\u0105 MWE Networks. S\u0105d uchyli\u0142 decyzj\u0119 KRRiT, jednak przewodnicz\u0105cy Rady z\u0142o\u017cy\u0142 kasacj\u0119 od wyroku, co umo\u017cliwia obu stacjom dalsze nadawanie do czasu rozstrzygni\u0119cia sprawy przez Naczelny S\u0105d Administracyjny.<\/p>\n<p class=\"Paragraph_desktopParagraph__U31Gm\">Post\u0119powanie przed NSA mo\u017ce potrwa\u0107 jeszcze wiele miesi\u0119cy. &#8222;Z jednej strony dopiero uprawomocnienie si\u0119 wyroku WSA w Warszawie, na skutek oddalenia przez NSA skargi kasacyjnej KRRiT (co mo\u017ce nast\u0105pi\u0107 za ok. 2 lata) doprowadzi do prawomocnego uchylenia decyzji pozwalaj\u0105cej na naziemne nadawanie Republiki i wPolsce24&#8221; \u2014 m\u00f3wi\u0142 portalowi Wojciech Szymczak, partner, radca prawny z Kancelarii Prawnej Media. W\u00f3wczas konieczne by\u0142oby ponowne przeprowadzenie post\u0119powania koncesyjnego na dwa miejsca w MUX-8, co mog\u0142oby otworzy\u0107 drog\u0119 innym programom.<\/p>\n<p class=\"Paragraph_desktopParagraph__U31Gm\">Grupa MWE Networks, kt\u00f3ra przegra\u0142a konkurs m.in. z Republik\u0105, nie zamierza ju\u017c ubiega\u0107 si\u0119 o miejsce na MUX-8. &#8222;B\u0119dziemy dochodzi\u0107 odszkodowania, bo zostali\u015bmy pomini\u0119ci w spos\u00f3b niesprawiedliwy. To nie jest absolutnie, \u017cadna, ale to \u017cadna wojna \u2014 to egzekwowanie naszych praw w pa\u0144stwie prawa. Uczciwo\u015b\u0107 wymaga, by naprawi\u0107 skutki b\u0142\u0119dnych decyzji&#8221; \u2014 m\u00f3wi\u0142 Karol Warda, wiceszef firmy.<\/p>\n<p class=\"Paragraph_desktopParagraph__U31Gm\">Nawet je\u015bli Naczelny S\u0105d Administracyjny wyda niekorzystny dla Republiki wyrok, stacja posiada koncesje satelitarne, kt\u00f3re umo\u017cliwiaj\u0105 jej dalsze nadawanie w sieciach kablowych, na platformach satelitarnych oraz w serwisach streamingowych. To w\u0142a\u015bnie te \u017ar\u00f3d\u0142a stanowi\u0105 g\u0142\u00f3wny spos\u00f3b odbioru dla wi\u0119kszo\u015bci widz\u00f3w stacji.<\/p>\n<p><img decoding=\"async\" class=\"Image_image__0tuHp Image_autoHeight__f2n87 \" height=\"467\" width=\"940\" src=\"https:\/\/www.europesays.com\/pl\/wp-content\/uploads\/2026\/01\/xLfk9kpTURBXy83MTA2YzA2ODlmYjVhMDQ5ZjA4NzdkMWIyMWY1MmY5My5wbmeSlQLNA6wAwsOVAgDNAkvCw94AA6EwAaExAaEzw.jpeg\" alt=\"Kadr z TV Republika\" loading=\"lazy\" \/>TV Republika<\/p>\n<p>Kadr z TV Republika<\/p>\n<p class=\"Paragraph_desktopParagraph__U31Gm\">Dzi\u0119kujemy, \u017ce przeczyta\u0142a\u015b\/e\u015b nasz artyku\u0142 do ko\u0144ca. W serwisie Plejada.pl ka\u017cdego dnia piszemy o najwa\u017cniejszych wydarzeniach show-biznesowych. B\u0105d\u017a na bie\u017c\u0105co! <a rel=\"nofollow noopener\" href=\"https:\/\/profile.google.com\/cp\/Cg0vZy8xMWJ6X19wdHBx\" id=\"36d28ca7-3fb5-4a29-979a-c913b744b710\" target=\"_blank\">Obserwuj<\/a> Plejad\u0119 w Wiadomo\u015bciach Google. Odwied\u017a nas tak\u017ce na <a rel=\"nofollow noopener\" href=\"https:\/\/www.facebook.com\/plejadapl\" id=\"694b1d52-a17d-4234-8570-750df98fc38f\" target=\"_blank\">Facebooku<\/a>, <a rel=\"nofollow noopener\" href=\"https:\/\/www.instagram.com\/plejadapl\/\" id=\"ab64c204-2665-43b9-b828-5ad0e02fdb57\" target=\"_blank\">Instagramie<\/a>, <a rel=\"nofollow noopener\" href=\"https:\/\/www.youtube.com\/c\/plejada\" id=\"7e359d39-0912-4c10-8a2e-21528d52b81c\" target=\"_blank\">YouTube<\/a> oraz <a rel=\"nofollow noopener\" href=\"https:\/\/www.tiktok.com\/@plejada_pl\" id=\"d29c6e41-e2c4-43b6-ba21-f921417a58bd\" target=\"_blank\">TikToku<\/a>.<\/p>\n<p class=\"Paragraph_desktopParagraph__U31Gm\">Chcesz podzieli\u0107 si\u0119 ciekawym newsem lub zaproponowa\u0107 temat? Skontaktuj si\u0119 z nami, pisz\u0105c e-maila na adres: <a href=\"https:\/\/www.onet.pl\/styl-zycia\/plejada\/tv-republika-nie-oplacila-koncesji-stacja-teraz-sie-broni\/mailto:plejada@redakcjaonet.pl\" id=\"dac063c0-51f6-4ca4-ab77-afd3cd4efa45\" rel=\"nofollow noopener\" target=\"_blank\">plejada@redakcjaonet.pl<\/a>.<\/p>\n<p><script async src=\"\/\/www.instagram.com\/embed.js\"><\/script><script async src=\"\/\/www.tiktok.com\/embed.js\"><\/script><\/p>\n","protected":false},"excerpt":{"rendered":"Koszt dziesi\u0119cioletniej koncesji naziemnej dla TV Republika wynosi 17,85 mln z\u0142. Nadawca zobowi\u0105zany jest do uiszczania op\u0142aty corocznie&hellip;\n","protected":false},"author":2,"featured_media":221321,"comment_status":"","ping_status":"","sticky":false,"template":"","format":"standard","meta":{"footnotes":""},"categories":[12],"tags":[32,33,36,37,27,67,261,34,35,28,31,53,25,52,68,51,55,42,38,40,39,41,47,29,30,171,745,65,50,26],"class_list":{"0":"post-221320","1":"post","2":"type-post","3":"status-publish","4":"format-standard","5":"has-post-thumbnail","7":"category-polska","8":"tag-breaking-news","9":"tag-breakingnews","10":"tag-featured-news","11":"tag-featurednews","12":"tag-headlines","13":"tag-intextvideo_splayer","14":"tag-kultura","15":"tag-latest-news","16":"tag-latestnews","17":"tag-naglowki","18":"tag-najwazniejsze-artykuly","19":"tag-new_header","20":"tag-news","21":"tag-onet3","22":"tag-onet3d","23":"tag-onet3d_2i","24":"tag-phx","25":"tag-pl","26":"tag-poland","27":"tag-polish","28":"tag-polska","29":"tag-polski","30":"tag-screening_general","31":"tag-top-stories","32":"tag-topstories","33":"tag-tv_republika","34":"tag-tv_republika_telewizja_republika","35":"tag-update_me","36":"tag-v2021","37":"tag-wiadomosci"},"share_on_mastodon":{"url":"https:\/\/pubeurope.com\/@pl\/115945329421905840","error":""},"_links":{"self":[{"href":"https:\/\/www.europesays.com\/pl\/wp-json\/wp\/v2\/posts\/221320","targetHints":{"allow":["GET"]}}],"collection":[{"href":"https:\/\/www.europesays.com\/pl\/wp-json\/wp\/v2\/posts"}],"about":[{"href":"https:\/\/www.europesays.com\/pl\/wp-json\/wp\/v2\/types\/post"}],"author":[{"embeddable":true,"href":"https:\/\/www.europesays.com\/pl\/wp-json\/wp\/v2\/users\/2"}],"replies":[{"embeddable":true,"href":"https:\/\/www.europesays.com\/pl\/wp-json\/wp\/v2\/comments?post=221320"}],"version-history":[{"count":0,"href":"https:\/\/www.europesays.com\/pl\/wp-json\/wp\/v2\/posts\/221320\/revisions"}],"wp:featuredmedia":[{"embeddable":true,"href":"https:\/\/www.europesays.com\/pl\/wp-json\/wp\/v2\/media\/221321"}],"wp:attachment":[{"href":"https:\/\/www.europesays.com\/pl\/wp-json\/wp\/v2\/media?parent=221320"}],"wp:term":[{"taxonomy":"category","embeddable":true,"href":"https:\/\/www.europesays.com\/pl\/wp-json\/wp\/v2\/categories?post=221320"},{"taxonomy":"post_tag","embeddable":true,"href":"https:\/\/www.europesays.com\/pl\/wp-json\/wp\/v2\/tags?post=221320"}],"curies":[{"name":"wp","href":"https:\/\/api.w.org\/{rel}","templated":true}]}}