{"id":221324,"date":"2026-01-23T16:22:08","date_gmt":"2026-01-23T16:22:08","guid":{"rendered":"https:\/\/www.europesays.com\/pl\/221324\/"},"modified":"2026-01-23T16:22:08","modified_gmt":"2026-01-23T16:22:08","slug":"sondaz-polacy-odpowiedzieli-czy-zamierzaja-wesprzec-wosp","status":"publish","type":"post","link":"https:\/\/www.europesays.com\/pl\/221324\/","title":{"rendered":"Sonda\u017c. Polacy odpowiedzieli, czy zamierzaj\u0105 wesprze\u0107 WO\u015aP"},"content":{"rendered":"\n<p>&#13;<br \/>\nJu\u017c w\u00a0najbli\u017csz\u0105 niedziel\u0119 odb\u0119dzie si\u0119 34. fina\u0142 Wielkiej Orkiestry \u015awi\u0105tecznej Pomocy, tym razem pod\u00a0has\u0142em &#8222;Zdrowe brzuszki naszych dzieci&#8221;. 120 tys. wolontariuszy b\u0119dzie zbiera\u0107 pieni\u0105dze na\u00a0diagnostyk\u0119 i\u00a0leczenie chor\u00f3b przewodu pokarmowego u\u00a0najm\u0142odszych pacjent\u00f3w. &#13;\n<\/p>\n<p>&#13;<br \/>\nW ubieg\u0142ym roku WO\u015aP zbiera\u0142a \u015brodki na\u00a0wsparcie onkologii i\u00a0hematologii dzieci\u0119cej. Uda\u0142o si\u0119 wtedy zgromadzi\u0107 ponad 289 mln z\u0142. Wed\u0142ug danych przekazywanych przez Orkiestr\u0119, do\u00a0tej pory we\u00a0wszystkich fina\u0142ach zebrano \u0142\u0105cznie niemal 2,6 mld z\u0142, a\u00a0do polskich plac\u00f3wek medycznych trafi\u0142o blisko 81 tys. urz\u0105dze\u0144. &#13;\n<\/p>\n<p>Polacy zamierzaj\u0105 wesprze\u0107 WO\u015aP? Sonda\u017c<\/p>\n<p>&#13;<br \/>\nNajnowszy sonda\u017c Instytutu Bada\u0144 Pollster na\u00a0zlecenie &#8222;Super Expressu&#8221; pokazuje, \u017ce\u00a0wi\u0119kszo\u015b\u0107 Polak\u00f3w planuje wesprze\u0107 tegoroczn\u0105 zbi\u00f3rk\u0119 organizowan\u0105 przez Jerzego Owsiaka. 60 proc. ankietowanych deklaruje, \u017ce\u00a0wp\u0142aci na\u00a0WO\u015aP. Niespe\u0142na jedna trzecia respondent\u00f3w (29 proc.) twierdzi, \u017ce\u00a0tego nie\u00a0zrobi. Natomiast co\u00a0dziesi\u0105ty uczestnik badania (11 proc.) nie\u00a0ma\u00a0zdania lub\u00a0nie\u00a0podj\u0105\u0142 jeszcze decyzji w\u00a0tej sprawie. &#13;\n<\/p>\n<p>&#13;<br \/>\nSonda\u017c zosta\u0142 przeprowadzony w\u00a0dniach 31 grudnia 2025\u00a0r. \u2013\u00a01 stycznia 2026\u00a0r. na\u00a0pr\u00f3bie 1002 badanych. &#13;\n<\/p>\n<p>Co Tusk wystawi\u0142 na\u00a0aukcj\u0119 WO\u015aP?<\/p>\n<p>&#13;<br \/>\nW zwi\u0105zku z\u00a0fina\u0142em WO\u015aP w\u00a0przestrzeni publicznej pojawiaj\u0105 si\u0119 coraz bardziej zaskakuj\u0105ce <a href=\"https:\/\/dorzeczy.pl\/opinie\/834893\/aukcja-wosp-dot-aresztu-jablonski-uderza-w-ejchart.html\" rel=\"nofollow noopener\" target=\"_blank\">licytacje<\/a>. Na\u00a0profilu Ministerstwa Sprawiedliwo\u015bci na\u00a0platformie X opublikowano nietypow\u0105 grafik\u0119. Dowiadujemy si\u0119 z\u00a0niej, \u017ce\u00a0mo\u017cna wylicytowa\u0107 spotkanie w\u00a0areszcie \u015bledczym z\u00a0wiceminister Mari\u0105 Ejchart. &#13;\n<\/p>\n<p>&#13;<br \/>\nW akcj\u0119 w\u0142\u0105czy\u0142 si\u0119 te\u017c Donald Tusk. Premier wystawi\u0142 na\u00a0licytacj\u0119 z\u0142ote korki pi\u0142karskie i\u00a0spotkanie w\u00a0Kancelarii Prezesa Rady Ministr\u00f3w. &#13;\n<\/p>\n<p>&#13;<br \/>\nAktorka i\u00a0piosenkarka Julia Wieniawa wystawi\u0142a na\u00a0aukcj\u0119 WO\u015aP <a href=\"https:\/\/rozrywka.dorzeczy.pl\/835091\/julia-wieniawa-wystawila-na-aukcje-wosp-nocowanke-rozpetala-sie-burza.html\" rel=\"nofollow noopener\" target=\"_blank\">&#8222;nocowank\u0119&#8221;<\/a>. W\u00a0mediach spo\u0142eczno\u015bciowych, w\u00a0\u017cartobliwy spos\u00f3b, przedstawi\u0142a jej zasady \u2013\u00a0m.in. wsp\u00f3lny posi\u0142ek i\u00a0\u0107wiczenia. P\u00f3\u017aniej doprecyzowa\u0142a, \u017ce\u00a0spotkanie nie\u00a0odb\u0119dzie si\u0119 w\u00a0jej domu, ale\u00a0w\u00a0luksusowym apartamencie poza miastem. &#13;\n<\/p>\n<p>&#13;<br \/>\nCzytaj te\u017c:<br \/><a href=\"https:\/\/dorzeczy.pl\/opinie\/828794\/tusk-broni-owsiaka-i-wosp-warzecha-zerowa-skutecznosc.html\" rel=\"follow nofollow noopener\" data-schema=\"DORZECZY\" data-image=\"https:\/\/img.dorzeczy.pl\/_thumb\/43\/f9\/0f9e257ed0ab64f0a36ca8bd9b04.jpeg\" target=\"_blank\">Tusk broni Owsiaka i\u00a0WO\u015aP. Warzecha: Hase\u0142ka g\u0142\u0119boko z\u00a0poprzedniej epoki<\/a>Czytaj te\u017c:<br \/><a href=\"https:\/\/rozrywka.dorzeczy.pl\/835157\/owsiak-skonczy-z-fajerwerkami-na-wosp-mocne-slowa-rabczewskiej.html\" rel=\"follow nofollow noopener\" data-schema=\"DORZECZY\" data-image=\"https:\/\/img.dorzeczy.pl\/_thumb\/93\/13\/e393ba562e2c093e733bc80d78c5.jpeg\" target=\"_blank\">Mocne s\u0142owa Dody do\u00a0Owsiaka. &#8222;Nie mo\u017cesz odbiera\u0107 \u017cycia&#8221;<\/a>&#13;<\/p>\n","protected":false},"excerpt":{"rendered":"&#13; Ju\u017c w\u00a0najbli\u017csz\u0105 niedziel\u0119 odb\u0119dzie si\u0119 34. fina\u0142 Wielkiej Orkiestry \u015awi\u0105tecznej Pomocy, tym razem pod\u00a0has\u0142em &#8222;Zdrowe brzuszki naszych&hellip;\n","protected":false},"author":2,"featured_media":221325,"comment_status":"","ping_status":"","sticky":false,"template":"","format":"standard","meta":{"footnotes":""},"categories":[24],"tags":[662,98,105,49,35055,42,38,40,39,41,366,127,126,24147],"class_list":{"0":"post-221324","1":"post","2":"type-post","3":"status-publish","4":"format-standard","5":"has-post-thumbnail","7":"category-sport","8":"tag-dawid-sienkowski","9":"tag-dorzeczy","10":"tag-ekonomia","11":"tag-kraj","12":"tag-owsiak","13":"tag-pl","14":"tag-poland","15":"tag-polish","16":"tag-polska","17":"tag-polski","18":"tag-sondaz","19":"tag-sport","20":"tag-sports","21":"tag-wosp"},"share_on_mastodon":{"url":"https:\/\/pubeurope.com\/@pl\/115945337283818160","error":""},"_links":{"self":[{"href":"https:\/\/www.europesays.com\/pl\/wp-json\/wp\/v2\/posts\/221324","targetHints":{"allow":["GET"]}}],"collection":[{"href":"https:\/\/www.europesays.com\/pl\/wp-json\/wp\/v2\/posts"}],"about":[{"href":"https:\/\/www.europesays.com\/pl\/wp-json\/wp\/v2\/types\/post"}],"author":[{"embeddable":true,"href":"https:\/\/www.europesays.com\/pl\/wp-json\/wp\/v2\/users\/2"}],"replies":[{"embeddable":true,"href":"https:\/\/www.europesays.com\/pl\/wp-json\/wp\/v2\/comments?post=221324"}],"version-history":[{"count":0,"href":"https:\/\/www.europesays.com\/pl\/wp-json\/wp\/v2\/posts\/221324\/revisions"}],"wp:featuredmedia":[{"embeddable":true,"href":"https:\/\/www.europesays.com\/pl\/wp-json\/wp\/v2\/media\/221325"}],"wp:attachment":[{"href":"https:\/\/www.europesays.com\/pl\/wp-json\/wp\/v2\/media?parent=221324"}],"wp:term":[{"taxonomy":"category","embeddable":true,"href":"https:\/\/www.europesays.com\/pl\/wp-json\/wp\/v2\/categories?post=221324"},{"taxonomy":"post_tag","embeddable":true,"href":"https:\/\/www.europesays.com\/pl\/wp-json\/wp\/v2\/tags?post=221324"}],"curies":[{"name":"wp","href":"https:\/\/api.w.org\/{rel}","templated":true}]}}