{"id":221417,"date":"2026-01-23T17:14:14","date_gmt":"2026-01-23T17:14:14","guid":{"rendered":"https:\/\/www.europesays.com\/pl\/221417\/"},"modified":"2026-01-23T17:14:14","modified_gmt":"2026-01-23T17:14:14","slug":"swiat-wedlug-muska-szef-tesli-ma-wizje-dla-swiata-era-dostatku","status":"publish","type":"post","link":"https:\/\/www.europesays.com\/pl\/221417\/","title":{"rendered":"\u015awiat wed\u0142ug Muska. Szef Tesli ma wizj\u0119 dla \u015bwiata. &#8222;Era dostatku&#8221;"},"content":{"rendered":"<p>Przez lata \u015awiatowe Forum Ekonomiczne w Davos by\u0142o dla<a href=\"https:\/\/www.onet.pl\/informacje\/onetwiadomosci\/elon-musk-zazartowal-z-pomyslu-donalda-trumpa-wybuchl-smiechem-nagranie\/0tp13cn,79cfc278\" id=\"0d982d78-7554-4fce-b3ef-1694b5e805db\" rel=\"nofollow noopener\" target=\"_blank\"> Elona Muska<\/a> szczytem nudy \u2014 &#8222;boring as fuck&#8221; (nudne jak cholera), jak kiedy\u015b nazwa\u0142 je na swojej platformie X. Wy\u015bmiewa\u0142 &#8222;samozwa\u0144czy \u015bwiatowy rz\u0105d&#8221;, kt\u00f3rego nikt nie wybra\u0142, i prowokacyjnie pyta\u0142: &#8222;czy oni pr\u00f3buj\u0105 by\u0107 szefami Ziemi!?&#8221;.<\/p>\n<p>Teraz Musk \u0142amie swoje tabu dotycz\u0105ce forum: w ostatniej chwili trafia jednak do programu, i to nie gdziekolwiek, ale do du\u017cej sali centrum kongresowego w Davos.<\/p>\n<p class=\"ods-c-paragraph \">Musk nie by\u0142by sob\u0105, gdyby nie nada\u0142 Davos zupe\u0142nie innego tonu. Podczas gdy niemal wsz\u0119dzie w debatach dominowa\u0142y obawy o partnerstwa polityczne i podzia\u0142 pracy gospodarczej, najbogatszy cz\u0142owiek \u015bwiata og\u0142osi\u0142 prawdopodobnie najbardziej radykaln\u0105 obietnic\u0119, jak\u0105 w tym tygodniu us\u0142yszeli \u015bwiatowi liderzy gospodarczy: nie zmierzamy ku przepa\u015bci, ale ku &#8222;erze dostatku&#8221;.<\/p>\n<p class=\"ods-c-paragraph \">W rozmowie z szefem BlackRock Larrym Finkiem, kt\u00f3ry uzna\u0142 Muska za najbardziej utytu\u0142owanego przedsi\u0119biorc\u0119 stulecia, szef Tesli i SpaceX nakre\u015bli\u0142 przysz\u0142o\u015b\u0107, kt\u00f3ra nie mog\u0142aby by\u0107 ja\u015bniejsza. Oczywi\u015bcie nale\u017cy ostro\u017cnie podchodzi\u0107 do technologii <a href=\"https:\/\/wiadomosci.onet.pl\/sztuczna-inteligencja-czym-jest-i-jak-dziala\/vmxl4sg\" id=\"4c2608d7-a904-41e3-8165-cd08cc9bead5\" rel=\"nofollow noopener\" target=\"_blank\">sztucznej inteligencji<\/a> i robotyki. \u2014 Nie chcemy sko\u0144czy\u0107 jak w filmie Jamesa Camerona \u2014 powiedzia\u0142 Musk, nawi\u0105zuj\u0105c do &#8222;Terminatora&#8221;, by zaraz potem powr\u00f3ci\u0107 do technologicznej euforii.<\/p>\n<p class=\"ods-c-paragraph \">Dla Muska ta przysz\u0142o\u015b\u0107 nie jest odleg\u0142\u0105 utopi\u0105.<\/p>\n<p>&#8222;\u017byjemy w najciekawszym okresie historii&#8221;<\/p>\n<p class=\"ods-c-paragraph \">Wizja Muska jest radykalna: ju\u017c w 2027 r. chce sprzedawa\u0107 humanoidalne roboty osobom prywatnym. \u2014 Kto nie chcia\u0142by mie\u0107 robota, kt\u00f3ry opiekuje si\u0119 dzie\u0107mi, zwierz\u0119tami domowymi lub starszymi rodzicami? \u2014 pyta\u0142 retorycznie. Kiedy humanoidalne roboty przejm\u0105 prac\u0119, produktywno\u015b\u0107 wzro\u015bnie tak bardzo, \u017ce towary i us\u0142ugi b\u0119d\u0105 dost\u0119pne dla ka\u017cdego w nadmiarze, jak stwierdzi\u0142 Musk.<\/p>\n<p class=\"ods-c-paragraph \">Poniewa\u017c wydajno\u015b\u0107 gospodarcza jest iloczynem liczby pracownik\u00f3w, czyli ludzi i robot\u00f3w, oraz ich produktywno\u015bci, \u015bwiatowy produkt krajowy brutto znacznie wzro\u015bnie. Wed\u0142ug niego dzi\u0119ki temu mo\u017cna by skutecznie wyeliminowa\u0107 ub\u00f3stwo.<\/p>\n<p class=\"ods-c-paragraph \">\u2014 \u017byjemy w najciekawszym okresie historii \u2014 zawo\u0142a\u0142 Musk do publiczno\u015bci.<\/p>\n<p class=\"ods-c-paragraph \">Dla Muska ta przysz\u0142o\u015b\u0107 nie jest odleg\u0142\u0105 utopi\u0105, ale namacaln\u0105 rzeczywisto\u015bci\u0105. Wed\u0142ug niego pod koniec 2026 r. roboty maj\u0105 ju\u017c przej\u0105\u0107 bardziej z\u0142o\u017cone zadania w \u015brodowiskach przemys\u0142owych. Samochody autonomiczne s\u0105 &#8222;zasadniczo rozwi\u0105zanym problemem&#8221;, a ich dopuszczenie do ruchu w Europie jest tu\u017c tu\u017c.<\/p>\n<p><img decoding=\"async\" src=\"https:\/\/www.europesays.com\/pl\/wp-content\/uploads\/2026\/01\/gZuk9lBaHR0cHM6Ly9vY2RuLmV1L3B1bHNjbXMvTURBXy80YWFlOGNlODBmYWQwMzM0YWIyY2E0MTJlMDdlYTZlMS5qcGeRlQLNB.jpeg\" height=\"627\" width=\"940\" alt=\"Elon Musk na \u015awiatowym Forum Ekonomicznym w Davos, 22 stycznia 2026 r.\" loading=\"lazy\" class=\"ods-c-image__img ods-c-image__img--viewport-width\"\/><\/p>\n<p>Elon Musk na \u015awiatowym Forum Ekonomicznym w Davos, 22 stycznia 2026 r.Harun Ozalp \/ AFP<\/p>\n<p> Rozwi\u0105zania Muska<\/p>\n<p class=\"ods-c-paragraph \">Jednak jego prognozy wykraczaj\u0105 daleko poza \u015brodki transportu i pomoc domow\u0105. \u2014 W 2030 r. sztuczna inteligencja b\u0119dzie m\u0105drzejsza ni\u017c ca\u0142a ludzko\u015b\u0107 razem wzi\u0119ta \u2014 stwierdzi\u0142. Za dwa do trzech lat wykorzystanie sztucznej inteligencji w kosmosie b\u0119dzie najta\u0144sze, poniewa\u017c energia s\u0142oneczna dzia\u0142a tam pi\u0119\u0107 razy wydajniej ni\u017c na Ziemi.<\/p>\n<p class=\"ods-c-paragraph \">Pomimo ca\u0142ej tej euforii Musk wskaza\u0142 r\u00f3wnie\u017c krytyczne w\u0105skie gard\u0142a swojej wizji. Podczas gdy produkcja chip\u00f3w AI ro\u015bnie wyk\u0142adniczo, produkcja energii elektrycznej wzrasta tylko o trzy do czterech procent rocznie.<\/p>\n<p class=\"ods-c-paragraph \">\u2014 Wkr\u00f3tce b\u0119dziemy produkowa\u0107 wi\u0119cej chip\u00f3w, ni\u017c jeste\u015bmy w stanie zasili\u0107 energi\u0105 elektryczn\u0105 \u2014 by\u0107 mo\u017ce ju\u017c w tym roku \u2014 ostrzeg\u0142. Wyj\u0105tkiem s\u0105 <a href=\"https:\/\/wiadomosci.onet.pl\/politico\/chiny-maja-juz-europe-w-garsci-teraz-wojna-handlowa-pekinu-uderza-w-kluczowy-sektor\/4qj97w8\" id=\"b50cfe47-c797-46ce-bfeb-5be2154a156a\" rel=\"nofollow noopener\" target=\"_blank\">Chiny<\/a>, kt\u00f3re charakteryzuj\u0105 si\u0119 ogromnym wzrostem zu\u017cycia energii elektrycznej i 100 gigawatami energii j\u0105drowej.<\/p>\n<p class=\"ods-c-paragraph \">Musk widzi rozwi\u0105zanie w masowej ekspansji energii s\u0142onecznej. Obliczy\u0142, \u017ce powierzchnia 160 na 160 km paneli s\u0142onecznych wystarczy\u0142aby do zasilania ca\u0142ych Stan\u00f3w Zjednoczonych. Praktycznie ca\u0142a energia w Uk\u0142adzie S\u0142onecznym pochodzi ze S\u0142o\u0144ca.<\/p>\n<p>Optymi\u015bci<\/p>\n<p class=\"ods-c-paragraph \">Jednak optymizm Muska nie ogranicza si\u0119 do gospodarki. M\u00f3wi on o zachowaniu &#8222;\u015bwiat\u0142a \u015bwiadomo\u015bci&#8221;. Jego d\u0105\u017cenie do Marsa i gwiazd nie jest ucieczk\u0105, ale ostatecznym wyrazem ludzkiej ciekawo\u015bci i rado\u015bci \u017cycia. Nawet <a href=\"https:\/\/kobieta.onet.pl\/warto-wiedziec\/jak-poznac-przedwczesne-starzenie-sie-mozgu-oto-piec-najwazniejszych-objawow\/m918z5d\" id=\"c9352779-3041-46cd-82c7-bd6be2976623\" rel=\"nofollow noopener\" target=\"_blank\">starzenie si\u0119<\/a> nie jest dla niego przeznaczeniem, ale &#8222;problemem, kt\u00f3ry mo\u017cna rozwi\u0105za\u0107&#8221;.<\/p>\n<p class=\"ods-c-paragraph \">Musk nie jest jednak jedynym optymist\u0105 w Davos. Na przyk\u0142ad, tu\u017c przed \u015awiatowym Forum Ekonomicznym, McKinsey Global Institute opublikowa\u0142o obszerny raport zatytu\u0142owany &#8222;A Century of Plenty: A Story of Progress for Generations to Come&#8221; (Stulecie dostatku: historia post\u0119pu dla przysz\u0142ych pokole\u0144). Ekonomi\u015bci z tej firmy konsultingowej przewiduj\u0105 w nim &#8222;\u015bwiat, w kt\u00f3rym ka\u017cda osoba b\u0119dzie cieszy\u0107 si\u0119 co najmniej dzisiejszym standardem \u017cycia w <a href=\"https:\/\/www.onet.pl\/turystyka\/dalekowswiatpl\/dlaczego-szwajcaria-jest-neutralna-i-bogata\/084fdwk,30bc1058\" id=\"769010f9-8fcb-4c91-b991-2e6b9ce04069\" rel=\"nofollow noopener\" target=\"_blank\">Szwajcarii<\/a>&#8222;.<\/p>\n<p class=\"ods-c-paragraph \">Ich zdaniem teza ta zosta\u0142a przetestowana i &#8222;tak, jest to fizycznie mo\u017cliwe&#8221;. &#8222;B\u0119dziemy mieli wystarczaj\u0105c\u0105 ilo\u015b\u0107 energii, \u017cywno\u015bci, metali i minera\u0142\u00f3w. B\u0119dziemy wystarczaj\u0105co szybcy w naszych innowacjach \u2014 i mo\u017cemy to wszystko osi\u0105gn\u0105\u0107, chroni\u0105c nasz\u0105 planet\u0119&#8221; \u2014 twierdz\u0105 autorzy.<\/p>\n<p class=\"ods-c-paragraph \">Jest to przes\u0142anie, kt\u00f3re popiera r\u00f3wnie\u017c Elon Musk. \u2014 Optymi\u015bci byli po w\u0142a\u015bciwej stronie historii i wierzymy, \u017ce zn\u00f3w tak b\u0119dzie \u2014 stwierdzi\u0142. Lub, jak powiedzia\u0142 Musk na zako\u0144czenie publicznej cz\u0119\u015bci swojej kr\u00f3tkiej wizyty: &#8222;je\u015bli chodzi o jako\u015b\u0107 \u017cycia, lepiej by\u0107 optymist\u0105 i si\u0119 myli\u0107, ni\u017c pesymist\u0105 i mie\u0107 racj\u0119&#8221;.<\/p>\n","protected":false},"excerpt":{"rendered":"Przez lata \u015awiatowe Forum Ekonomiczne w Davos by\u0142o dla Elona Muska szczytem nudy \u2014 &#8222;boring as fuck&#8221; (nudne&hellip;\n","protected":false},"author":2,"featured_media":221418,"comment_status":"","ping_status":"","sticky":false,"template":"","format":"standard","meta":{"footnotes":""},"categories":[16],"tags":[56,113,112,39947,486,3086,40370,48,46,42,38,40,39,41,47,80,10441],"class_list":{"0":"post-221417","1":"post","2":"type-post","3":"status-publish","4":"format-standard","5":"has-post-thumbnail","7":"category-biznes","8":"tag-article_premium","9":"tag-biznes","10":"tag-business","11":"tag-davos","12":"tag-elon_musk","13":"tag-energia_elektryczna","14":"tag-forum_w_davos","15":"tag-nat_styl","16":"tag-omp","17":"tag-pl","18":"tag-poland","19":"tag-polish","20":"tag-polska","21":"tag-polski","22":"tag-screening_general","23":"tag-swiat","24":"tag-sztuczna_inteligencja"},"share_on_mastodon":{"url":"https:\/\/pubeurope.com\/@pl\/115945541922960679","error":""},"_links":{"self":[{"href":"https:\/\/www.europesays.com\/pl\/wp-json\/wp\/v2\/posts\/221417","targetHints":{"allow":["GET"]}}],"collection":[{"href":"https:\/\/www.europesays.com\/pl\/wp-json\/wp\/v2\/posts"}],"about":[{"href":"https:\/\/www.europesays.com\/pl\/wp-json\/wp\/v2\/types\/post"}],"author":[{"embeddable":true,"href":"https:\/\/www.europesays.com\/pl\/wp-json\/wp\/v2\/users\/2"}],"replies":[{"embeddable":true,"href":"https:\/\/www.europesays.com\/pl\/wp-json\/wp\/v2\/comments?post=221417"}],"version-history":[{"count":0,"href":"https:\/\/www.europesays.com\/pl\/wp-json\/wp\/v2\/posts\/221417\/revisions"}],"wp:featuredmedia":[{"embeddable":true,"href":"https:\/\/www.europesays.com\/pl\/wp-json\/wp\/v2\/media\/221418"}],"wp:attachment":[{"href":"https:\/\/www.europesays.com\/pl\/wp-json\/wp\/v2\/media?parent=221417"}],"wp:term":[{"taxonomy":"category","embeddable":true,"href":"https:\/\/www.europesays.com\/pl\/wp-json\/wp\/v2\/categories?post=221417"},{"taxonomy":"post_tag","embeddable":true,"href":"https:\/\/www.europesays.com\/pl\/wp-json\/wp\/v2\/tags?post=221417"}],"curies":[{"name":"wp","href":"https:\/\/api.w.org\/{rel}","templated":true}]}}