{"id":221441,"date":"2026-01-23T17:29:08","date_gmt":"2026-01-23T17:29:08","guid":{"rendered":"https:\/\/www.europesays.com\/pl\/221441\/"},"modified":"2026-01-23T17:29:08","modified_gmt":"2026-01-23T17:29:08","slug":"donald-trump-wycofuje-sie-z-cel-jest-decyzja-komisji-europejskiej-2","status":"publish","type":"post","link":"https:\/\/www.europesays.com\/pl\/221441\/","title":{"rendered":"Donald Trump wycofuje si\u0119 z ce\u0142. Jest decyzja Komisji Europejskiej"},"content":{"rendered":"<ul class=\"UnorderedList_container__nmfSl\">\n<li class=\"UnorderedList_listElement__Py7xi\" data-id=\"ai-summary-link\">Du\u017co czytania, a ma\u0142o czasu? Sprawd\u017a\u00a0skr\u00f3t\u00a0artyku\u0142u<\/li>\n<\/ul>\n<p class=\"Paragraph_desktopParagraph__U31Gm\">\u2014 Ten tydzie\u0144 pokaza\u0142, \u017ce UE jest w pe\u0142ni gotowa do dzia\u0142ania w razie potrzeby \u2014 stwierdzi\u0142 w pi\u0105tek Olof Gill. \u2014 Osi\u0105gn\u0119li\u015bmy nasz cel \u015brodkami dyplomatycznymi i politycznymi. Zawsze b\u0119dziemy preferowa\u0107 takie rozwi\u0105zanie, zamiast popada\u0107 w spiral\u0119 \u015brodk\u00f3w i kontra\u015brodk\u00f3w \u2014 opisa\u0142.<\/p>\n<p class=\"Paragraph_desktopParagraph__U31Gm\">Rzecznik KE zaznaczy\u0142, \u017ce wraz z usuni\u0119ciem gro\u017aby taryf celnych ze strony USA mo\u017cna powr\u00f3ci\u0107 do &#8222;wa\u017cnego zadania, jakim jest wdra\u017canie porozumienia UE-USA&#8221;.<\/p>\n<p class=\"VideoPlayerText_videoPlayerText__iDwyz\">Dalszy ci\u0105g materia\u0142u pod wideo<\/p>\n<ul class=\"OchatFollowUps_wrapper__1ry7X\">\n<li class=\"OchatFollowUps_item__Dhyly OchatFollowUps_itemDesktop__R6aBv\">Jakie towary s\u0105 obj\u0119te zawieszeniem ce\u0142?<\/li>\n<li class=\"OchatFollowUps_item__Dhyly OchatFollowUps_itemDesktop__R6aBv\">Na jak d\u0142ugo zostanie przed\u0142u\u017cone zawieszenie ce\u0142?<\/li>\n<li class=\"OchatFollowUps_item__Dhyly OchatFollowUps_itemDesktop__R6aBv\">Kto zapowiedzia\u0142 decyzj\u0119 o wycofaniu ce\u0142?<\/li>\n<li class=\"OchatFollowUps_item__Dhyly OchatFollowUps_itemDesktop__R6aBv\">Jakie by\u0142y powody wprowadzenia ce\u0142 odwetowych?<\/li>\n<\/ul>\n<p>Europejskie c\u0142a na USA pozostan\u0105 zawieszone. &#8222;Mo\u017cna cofn\u0105\u0107 decyzj\u0119&#8221; <\/p>\n<p class=\"Paragraph_desktopParagraph__U31Gm\">Rzecznik KE zapowiedzia\u0142, \u017ce Komisja wkr\u00f3tce przedstawi propozycj\u0119 przed\u0142u\u017cenia zawieszenia, najprawdopodobniej na kolejne sze\u015b\u0107 miesi\u0119cy. Decyzj\u0119 podejm\u0105 pa\u0144stwa cz\u0142onkowskie.<\/p>\n<p class=\"Paragraph_desktopParagraph__U31Gm\">\u2014 \u015arodki pozostan\u0105 zawieszone, ale je\u015bli b\u0119dziemy ich potrzebowa\u0107 w przysz\u0142o\u015bci, mo\u017cna b\u0119dzie cofn\u0105\u0107 t\u0119 decyzj\u0119 \u2014 zaznaczy\u0142 Olof Gill.<\/p>\n<p>Europejskie c\u0142a odwetowe. By\u0142y odpowiedzi\u0105 na decyzj\u0119 Donalda Trumpa <\/p>\n<p class=\"Paragraph_desktopParagraph__U31Gm\">Komisja Europejska wycofa\u0142a si\u0119 tym samym z ce\u0142 przygotowanych w odpowiedzi na og\u0142oszenie obostrze\u0144 przez prezydenta USA Donalda Trumpa z 2 kwietnia 2025 r., kt\u00f3ry zosta\u0142 nazwany przez przyw\u00f3dc\u0119 &#8222;dniem wyzwolenia&#8221;.<\/p>\n<p class=\"Paragraph_desktopParagraph__U31Gm\">Ostatecznie ameryka\u0144skie towary nie zosta\u0142y obj\u0119te przez UE taryfami odwetowymi, poniewa\u017c w lipcu 2025 r. przewodnicz\u0105ca KE Ursula von der Leyen zawar\u0142a z Donaldem Trumpem porozumienie celne. Unia Europejska zdecydowa\u0142a si\u0119 w\u00f3wczas na zawieszenie na p\u00f3\u0142 roku decyzji o podniesieniu stawek celnych na ameryka\u0144skie towary. Warto\u015b\u0107 ich rocznego importu do Europy jest szacowana na ponad 92 mld euro. W\u015br\u00f3d nich znajduj\u0105 si\u0119 m.in. produkty rolne takie jak dr\u00f3b, owoce, orzechy i soja, a tak\u017ce motocykle i jachty.<\/p>\n<p class=\"Paragraph_desktopParagraph__U31Gm\">UE powr\u00f3ci\u0142a do tej listy w ostatnich dniach w zwi\u0105zku z <a href=\"https:\/\/wiadomosci.onet.pl\/swiat\/usa-i-europa-lagodza-spor-o-grenlandie-to-polityczne-rozbrojenie-bomby\/f98mtch\" id=\"b1727c2e-59cc-4283-9a9b-d0383d5de968\" rel=\"nofollow noopener\" target=\"_blank\">zapowiedzianym przez Donalda Trumpa uderzeniem c\u0142ami w kilka pa\u0144stw europejskich<\/a>, kt\u00f3re wys\u0142a\u0142y \u017co\u0142nierzy na Grenlandi\u0119. By\u0142a to por\u0119czna opcja w zwi\u0105zku z tym, \u017ce zawieszenie ce\u0142 na ameryka\u0144skie towary wygasa ju\u017c 7 lutego.<\/p>\n<p class=\"Paragraph_desktopParagraph__U31Gm\">Prezydent USA Donald Trump <a href=\"https:\/\/wiadomosci.onet.pl\/tylko-w-onecie\/po-co-trumpowi-grenlandia-usa-maja-dwa-argumenty-ale-nie-da-sie-ich-utrzymac\/xxrs0de\" id=\"3f6b769e-5451-48eb-a396-1b7fd31944a2\" rel=\"nofollow noopener\" target=\"_blank\">zagrozi\u0142 na\u0142o\u017ceniem ce\u0142 na osiem pa\u0144stw europejskich<\/a>, w tym sze\u015b\u0107 nale\u017c\u0105cych do UE, kt\u00f3re zdecydowa\u0142y si\u0119 wys\u0142a\u0107 \u017co\u0142nierzy na Grenlandi\u0119, terytorium zale\u017cne Danii, kt\u00f3re ameryka\u0144ski prezydent chcia\u0142 zaj\u0105\u0107. W \u015brod\u0119 przyw\u00f3dca Stan\u00f3w Zjednoczonych wycofa\u0142 si\u0119 ze swoich gr\u00f3\u017ab.<\/p>\n","protected":false},"excerpt":{"rendered":"Du\u017co czytania, a ma\u0142o czasu? Sprawd\u017a\u00a0skr\u00f3t\u00a0artyku\u0142u \u2014 Ten tydzie\u0144 pokaza\u0142, \u017ce UE jest w pe\u0142ni gotowa do dzia\u0142ania&hellip;\n","protected":false},"author":2,"featured_media":221442,"comment_status":"","ping_status":"","sticky":false,"template":"","format":"standard","meta":{"footnotes":"","_share_on_mastodon":"0"},"categories":[14],"tags":[32,33,17546,58,27,67,34,35,28,31,53,25,52,68,51,55,40,41,47,80,29,30,65,50,26,82,83,84],"class_list":["post-221441","post","type-post","status-publish","format-standard","has-post-thumbnail","category-swiat","tag-breaking-news","tag-breakingnews","tag-clo","tag-donald_trump_prezydent_usa","tag-headlines","tag-intextvideo_splayer","tag-latest-news","tag-latestnews","tag-naglowki","tag-najwazniejsze-artykuly","tag-new_header","tag-news","tag-onet3","tag-onet3d","tag-onet3d_2i","tag-phx","tag-polish","tag-polski","tag-screening_general","tag-swiat","tag-top-stories","tag-topstories","tag-update_me","tag-v2021","tag-wiadomosci","tag-world","tag-world-news","tag-worldnews"],"share_on_mastodon":{"url":"https:\/\/pubeurope.com\/@pl\/115945600708551360","error":""},"_links":{"self":[{"href":"https:\/\/www.europesays.com\/pl\/wp-json\/wp\/v2\/posts\/221441","targetHints":{"allow":["GET"]}}],"collection":[{"href":"https:\/\/www.europesays.com\/pl\/wp-json\/wp\/v2\/posts"}],"about":[{"href":"https:\/\/www.europesays.com\/pl\/wp-json\/wp\/v2\/types\/post"}],"author":[{"embeddable":true,"href":"https:\/\/www.europesays.com\/pl\/wp-json\/wp\/v2\/users\/2"}],"replies":[{"embeddable":true,"href":"https:\/\/www.europesays.com\/pl\/wp-json\/wp\/v2\/comments?post=221441"}],"version-history":[{"count":0,"href":"https:\/\/www.europesays.com\/pl\/wp-json\/wp\/v2\/posts\/221441\/revisions"}],"wp:featuredmedia":[{"embeddable":true,"href":"https:\/\/www.europesays.com\/pl\/wp-json\/wp\/v2\/media\/221442"}],"wp:attachment":[{"href":"https:\/\/www.europesays.com\/pl\/wp-json\/wp\/v2\/media?parent=221441"}],"wp:term":[{"taxonomy":"category","embeddable":true,"href":"https:\/\/www.europesays.com\/pl\/wp-json\/wp\/v2\/categories?post=221441"},{"taxonomy":"post_tag","embeddable":true,"href":"https:\/\/www.europesays.com\/pl\/wp-json\/wp\/v2\/tags?post=221441"}],"curies":[{"name":"wp","href":"https:\/\/api.w.org\/{rel}","templated":true}]}}