{"id":221523,"date":"2026-01-23T18:28:08","date_gmt":"2026-01-23T18:28:08","guid":{"rendered":"https:\/\/www.europesays.com\/pl\/221523\/"},"modified":"2026-01-23T18:28:08","modified_gmt":"2026-01-23T18:28:08","slug":"boniek-skomentowal-samoboja-lewandowskiego-nareszcie-robert-strzelil","status":"publish","type":"post","link":"https:\/\/www.europesays.com\/pl\/221523\/","title":{"rendered":"Boniek skomentowa\u0142 &#8222;samob\u00f3ja&#8221; Lewandowskiego. &#8222;Nareszcie Robert strzeli\u0142&#8221;"},"content":{"rendered":"\n<p class=\"contentpart contentpart--default contentpart--text\" data-position=\"0\">Kapitan reprezentacji Polski pechowo zagra\u0142 w ko\u0144c\u00f3wce pierwszej po\u0142owy starcia Slavii Praga z <a href=\"https:\/\/sportowefakty.wp.pl\/pilka-nozna\/fc-barcelona\" rel=\"nofollow noopener\" target=\"_blank\">FC Barcelon\u0105<\/a>. <a href=\"https:\/\/sportowefakty.wp.pl\/pilka-nozna\/robert-lewandowski\" rel=\"nofollow noopener\" target=\"_blank\">Robert Lewandowski<\/a>\u00a0niefortunnie interweniowa\u0142 po rzucie ro\u017cnym dla rywali i strzeli\u0142 gola samob\u00f3jczego.<\/p>\n<p class=\"contentpart contentpart--default contentpart--text\" data-position=\"1\">Po zmianie stron napastnik trafi\u0142 ju\u017c do w\u0142a\u015bciwej bramki i zaliczy\u0142 swoje 106. trafienie w Lidze Mistrz\u00f3w. Wcze\u015bniejsze zagranie 37-latka w swoim stylu skomentowa\u0142 <a href=\"https:\/\/sportowefakty.wp.pl\/pilka-nozna\/zbigniew-boniek\" rel=\"nofollow noopener\" target=\"_blank\">Zbigniew Boniek<\/a>\u00a0w rozmowie z Polsatem Sport.<\/p>\n<p>  <img decoding=\"async\" src=\"https:\/\/v.wpimg.pl\/X3dwLnN2d1IFFTpdYUl6R0ZNbgcnEHQREVV2TGEGbUtRT2MdOlZ2RBQUKABgQjQcDRotCStBd1IAAWMeIlM7VgwYIAorQAdEFFk_GCkQJQ\" alt=\"\" width=\"45\" height=\"58\" loading=\"lazy\"\/>  <\/p>\n<p class=\"contentpart contentpart--default contentpart--text\" data-position=\"2\">ZOBACZ WIDEO: Grzegorz Krychowiak zn\u00f3w w podr\u00f3\u017cy. Zobaczy\u0142 &#8222;Wrota Piekie\u0142&#8221;<\/p>\n<p class=\"contentpart contentpart--default contentpart--text\" data-position=\"4\">&#8211;\u00a0Nareszcie Robert strzeli\u0142 &#8222;samob\u00f3ja&#8221;, bo nie ma zawodnika, kt\u00f3ry by tego nigdy w \u017cyciu nie zrobi\u0142. Robertowi powoli si\u0119 ko\u0144czy kariera i w ko\u0144cu strzeli\u0142 przypadkowego &#8222;samob\u00f3ja&#8221; &#8211; powiedzia\u0142.<\/p>\n<p class=\"contentpart contentpart--default contentpart--text\" data-position=\"5\">By\u0142y prezes PZPN zwr\u00f3ci\u0142 te\u017c uwag\u0119 na to, \u017ce wa\u017cne dla Lewandowskiego jest trafienie z drugiej po\u0142owy spotkania. &#8211;\u00a0Najwa\u017cniejsze, \u017ce si\u0119 szybko zrehabilitowa\u0142 i po dobrym podaniu Rashforda strzeli\u0142 czwart\u0105 bramk\u0119 dla Barcelony &#8211; stwierdzi\u0142.<\/p>\n<p class=\"contentpart contentpart--default contentpart--text\" data-position=\"6\">Lewandowski rozegra\u0142 ca\u0142e spotkanie. Reprezentant Polski o miejsce w wyj\u015bciowym sk\u0142adzie rywalizuje z Ferranem Torresem, ale Hiszpan jest aktualnie kontuzjowany.<\/p>\n","protected":false},"excerpt":{"rendered":"Kapitan reprezentacji Polski pechowo zagra\u0142 w ko\u0144c\u00f3wce pierwszej po\u0142owy starcia Slavii Praga z FC Barcelon\u0105. Robert Lewandowski\u00a0niefortunnie interweniowa\u0142&hellip;\n","protected":false},"author":2,"featured_media":221524,"comment_status":"","ping_status":"","sticky":false,"template":"","format":"standard","meta":{"footnotes":"","_share_on_mastodon":"0"},"categories":[24],"tags":[1157,779,272,41166,267,538,269,540,278,42,38,40,39,41,4577,273,7803,127,126,4680,4061],"class_list":["post-221523","post","type-post","status-publish","format-standard","has-post-thumbnail","category-sport","tag-barcelona","tag-czechy","tag-fc-barcelona","tag-fortuna-arena-w-pradze","tag-hiszpania","tag-la-liga","tag-pilka-nozna","tag-pilka-nozna-w-hiszpanii","tag-pilka-w-europie","tag-pl","tag-poland","tag-polish","tag-polska","tag-polski","tag-praga","tag-robert-lewandowski","tag-slavia-praga","tag-sport","tag-sports","tag-spotify-camp-nou-w-barcelonie","tag-zbigniew-boniek"],"share_on_mastodon":{"url":"https:\/\/pubeurope.com\/@pl\/115945832842160467","error":""},"_links":{"self":[{"href":"https:\/\/www.europesays.com\/pl\/wp-json\/wp\/v2\/posts\/221523","targetHints":{"allow":["GET"]}}],"collection":[{"href":"https:\/\/www.europesays.com\/pl\/wp-json\/wp\/v2\/posts"}],"about":[{"href":"https:\/\/www.europesays.com\/pl\/wp-json\/wp\/v2\/types\/post"}],"author":[{"embeddable":true,"href":"https:\/\/www.europesays.com\/pl\/wp-json\/wp\/v2\/users\/2"}],"replies":[{"embeddable":true,"href":"https:\/\/www.europesays.com\/pl\/wp-json\/wp\/v2\/comments?post=221523"}],"version-history":[{"count":0,"href":"https:\/\/www.europesays.com\/pl\/wp-json\/wp\/v2\/posts\/221523\/revisions"}],"wp:featuredmedia":[{"embeddable":true,"href":"https:\/\/www.europesays.com\/pl\/wp-json\/wp\/v2\/media\/221524"}],"wp:attachment":[{"href":"https:\/\/www.europesays.com\/pl\/wp-json\/wp\/v2\/media?parent=221523"}],"wp:term":[{"taxonomy":"category","embeddable":true,"href":"https:\/\/www.europesays.com\/pl\/wp-json\/wp\/v2\/categories?post=221523"},{"taxonomy":"post_tag","embeddable":true,"href":"https:\/\/www.europesays.com\/pl\/wp-json\/wp\/v2\/tags?post=221523"}],"curies":[{"name":"wp","href":"https:\/\/api.w.org\/{rel}","templated":true}]}}