{"id":221542,"date":"2026-01-23T18:42:08","date_gmt":"2026-01-23T18:42:08","guid":{"rendered":"https:\/\/www.europesays.com\/pl\/221542\/"},"modified":"2026-01-23T18:42:08","modified_gmt":"2026-01-23T18:42:08","slug":"jagiellonia-z-pierwszym-zimowym-wzmocnieniem","status":"publish","type":"post","link":"https:\/\/www.europesays.com\/pl\/221542\/","title":{"rendered":"Jagiellonia z pierwszym zimowym wzmocnieniem"},"content":{"rendered":"<p>Jagiellonia Bia\u0142ystok oficjalnie potwierdzi\u0142a pierwszy transfer w\u00a0zimowym okienku. Szeregi Dumy Podlasia zasili\u0142 22-letni Guilherme Montoia. Portugalski lewy obro\u0144ca zwi\u0105za\u0142 si\u0119 z\u00a0klubem umow\u0105, kt\u00f3ra\u00a0b\u0119dzie obowi\u0105zywa\u0107 do\u00a0ko\u0144ca czerwca 2029 roku. Kontrakt zawiera opcj\u0119 przed\u0142u\u017cenia o\u00a0kolejne 12 miesi\u0119cy.<\/p>\n<p>Oficjalnie: Jagiellonia z\u00a0nowym lewym obro\u0144c\u0105<\/p>\n<p>Nowy nabytek Jagi urodzi\u0142 si\u0119 w\u00a0Lizbonie i\u00a0jest wychowankiem akademii Benfiki. W\u00a0barwach Or\u0142\u00f3w wyst\u0119powa\u0142 jednak jedynie w\u00a0dru\u017cynach m\u0142odzie\u017cowych oraz\u00a0rezerwach \u2013 w\u00a0pierwszym zespole nie\u00a0uda\u0142o mu\u00a0si\u0119 zadebiutowa\u0107. W\u00a0sierpniu 2023 roku przeni\u00f3s\u0142 si\u0119 do\u00a0Anglii, gdzie trafi\u0142 do\u00a0Norwich City. Tam r\u00f3wnie\u017c nie\u00a0by\u0142o mu\u00a0dane zagra\u0107 w\u00a0seniorskiej dru\u017cynie.<\/p>\n<p>Po\u00a0roku wr\u00f3ci\u0142 do\u00a0ojczyzny, do\u0142\u0105czaj\u0105c do\u00a0Estreli Amadora. W\u00a0trwaj\u0105cym sezonie wyst\u0105pi\u0142 w\u00a012 spotkaniach we\u00a0wszystkich rozgrywkach, a\u00a0\u0142\u0105cznie w\u00a0barwach portugalskiej ekipy rozegra\u0142 24 mecze.<\/p>\n<blockquote class=\"twitter-tweet\">\n<p dir=\"ltr\" lang=\"pl\">Nowym zawodnikiem Jagiellonii Bia\u0142ystok zosta\u0142 Guilherme Montoia. 22-latek przeni\u00f3s\u0142 si\u0119 \u017b\u00f3\u0142to-Czerwonych z\u00a0portugalskiego zespo\u0142u CF\u00a0Estrela Amadora na\u00a0zasadzie transferu definitywnego i\u00a0zwi\u0105za\u0142 si\u0119 z\u00a0klubem kontraktem do\u00a0ko\u0144ca czerwca 2029 roku z\u00a0opcj\u0105 przed\u0142u\u017cenia o\u00a0kolejne 12\u2026 <a href=\"https:\/\/t.co\/THyH6kBraB\" target=\"_blank\" rel=\"noopener noreferrer nofollow\">pic.twitter.com\/THyH6kBraB<\/a><\/p>\n<p>\u2014\u00a0Jagiellonia Bia\u0142ystok (@Jagiellonia1920) <a href=\"https:\/\/twitter.com\/Jagiellonia1920\/status\/2014671266498695491?ref_src=twsrc%5Etfw\" target=\"_blank\" rel=\"noopener noreferrer nofollow\">January 23, 2026<\/a><\/p>\n<\/blockquote>\n<p>W\u00a0Bia\u0142ymstoku Montoia b\u0119dzie rywalizowa\u0107 o\u00a0pierwszy sk\u0142ad z\u00a0Bart\u0142omiejem Wdowikiem, <a href=\"https:\/\/weszlo.com\/bartlomiej-wdowik-chcialby-zostac-wykupiony-przez-jagiellonie-wywiad\/\" rel=\"nofollow noopener\" target=\"_blank\">z\u00a0kt\u00f3rym\u00a0wywiad niedawno pojawi\u0142 si\u0119 na\u00a0naszej stronie.<\/a><\/p>\n<p>Sam zawodnik nie\u00a0kryje zadowolenia z\u00a0transferu.<\/p>\n<p>\u2013 Mam bardzo pozytywne wra\u017cenia. Wszyscy mnie bardzo dobrze przyj\u0119li. (\u2026) Wszystko jest bardzo pozytywne. Jestem bardzo szcz\u0119\u015bliwy, \u017ce\u00a0tu\u00a0jestem \u2013\u00a0powiedzia\u0142, cytowany przez\u00a0media klubowe.<\/p>\n<p>Montoia doda\u0142 r\u00f3wnie\u017c, \u017ce\u00a0jeden z\u00a0pi\u0142karzy polskiego klubu mocno rekomendowa\u0142 mu\u00a0Jagielloni\u0119.<\/p>\n<p>\u2013 Rozmawia\u0142em z\u00a0jednym zawodnikiem, kt\u00f3ry\u00a0tu\u00a0gra\u0142 i\u00a0obecnie jest w\u00a0innym klubie w\u00a0Polsce. Kiedy z\u00a0nim rozmawia\u0142em, od\u00a0razu mi\u00a0powiedzia\u0142, \u017cebym si\u0119 na\u00a0to\u00a0decydowa\u0142, bo\u00a0zesp\u00f3\u0142 walczy o\u00a0najwy\u017csze cele, walczy o\u00a0to, by\u00a0by\u0107 mistrzem. Jeszcze bardziej zmotywowa\u0142 mnie do\u00a0transferu, co\u00a0te\u017c by\u0142o bardzo wa\u017cne \u2013 stwierdzi\u0142.<\/p>\n<blockquote class=\"twitter-tweet\">\n<p dir=\"ltr\" lang=\"pl\">\ud83d\udcf8\ud83c\uddf5\ud83c\uddf9<\/p>\n<p>\u2014<br \/>Partnerami obozu <a href=\"https:\/\/twitter.com\/hashtag\/JagawBelek2026?src=hash&amp;ref_src=twsrc%5Etfw\" target=\"_blank\" rel=\"noopener noreferrer nofollow\">#JagawBelek2026<\/a> s\u0105\u00a0<a href=\"https:\/\/twitter.com\/SuperbetPL?ref_src=twsrc%5Etfw\" target=\"_blank\" rel=\"noopener noreferrer nofollow\">@SuperbetPL<\/a> i\u00a0Kuchnia Vikinga. <a href=\"https:\/\/t.co\/sBZi03USMf\" target=\"_blank\" rel=\"noopener noreferrer nofollow\">pic.twitter.com\/sBZi03USMf<\/a><\/p>\n<p>\u2014\u00a0Jagiellonia Bia\u0142ystok (@Jagiellonia1920) <a href=\"https:\/\/twitter.com\/Jagiellonia1920\/status\/2014680282792648776?ref_src=twsrc%5Etfw\" target=\"_blank\" rel=\"noopener noreferrer nofollow\">January 23, 2026<\/a><\/p>\n<\/blockquote>\n<p>\u2013 My\u015bl\u0119, \u017ce\u00a0m\u00f3j\u00a0cel jest taki sam jak wszystkich, kt\u00f3rzy\u00a0tu\u00a0s\u0105\u00a0\u2013 \u017ce\u00a0chc\u0119 by\u0107 mistrzem i\u00a0gra\u0107 jak najd\u0142u\u017cej w\u00a0Lidze Konferencji \u2013 zako\u0144czy\u0142 Montoia.<\/p>\n<p>To\u00a0pierwszy transfer przychodz\u0105cy do\u00a0Jagiellonii w\u00a0trwaj\u0105cym okienku, natomiast Duma Podlasia ju\u017c wcze\u015bniej og\u0142osi\u0142a rozstanie z\u00a0trzema innymi zawodnikami. Klub opu\u015bcili Marcin Listkowski, a\u00a0tak\u017ce Oskar Pietuszewski, a\u00a0niedawno Bia\u0142ostoczanie poinformowali o\u00a0odej\u015bciu Alejandro Cantero.<\/p>\n<p>CZYTAJ WI\u0118CEJ NA\u00a0WESZ\u0141O:<\/p>\n<p>Fot.\u00a0Newspix<\/p>\n<p>                    <script async src=\"https:\/\/platform.twitter.com\/widgets.js\" charset=\"utf-8\"><\/script><\/p>\n","protected":false},"excerpt":{"rendered":"Jagiellonia Bia\u0142ystok oficjalnie potwierdzi\u0142a pierwszy transfer w\u00a0zimowym okienku. Szeregi Dumy Podlasia zasili\u0142 22-letni Guilherme Montoia. Portugalski lewy obro\u0144ca&hellip;\n","protected":false},"author":2,"featured_media":221543,"comment_status":"","ping_status":"","sticky":false,"template":"","format":"standard","meta":{"footnotes":""},"categories":[24],"tags":[41167,40884,2615,42,38,40,39,41,127,126],"class_list":{"0":"post-221542","1":"post","2":"type-post","3":"status-publish","4":"format-standard","5":"has-post-thumbnail","7":"category-sport","8":"tag-estrela-amadora","9":"tag-guilherme-montoia","10":"tag-jagiellonia-bialystok","11":"tag-pl","12":"tag-poland","13":"tag-polish","14":"tag-polska","15":"tag-polski","16":"tag-sport","17":"tag-sports"},"share_on_mastodon":{"url":"https:\/\/pubeurope.com\/@pl\/115945887766694512","error":""},"_links":{"self":[{"href":"https:\/\/www.europesays.com\/pl\/wp-json\/wp\/v2\/posts\/221542","targetHints":{"allow":["GET"]}}],"collection":[{"href":"https:\/\/www.europesays.com\/pl\/wp-json\/wp\/v2\/posts"}],"about":[{"href":"https:\/\/www.europesays.com\/pl\/wp-json\/wp\/v2\/types\/post"}],"author":[{"embeddable":true,"href":"https:\/\/www.europesays.com\/pl\/wp-json\/wp\/v2\/users\/2"}],"replies":[{"embeddable":true,"href":"https:\/\/www.europesays.com\/pl\/wp-json\/wp\/v2\/comments?post=221542"}],"version-history":[{"count":0,"href":"https:\/\/www.europesays.com\/pl\/wp-json\/wp\/v2\/posts\/221542\/revisions"}],"wp:featuredmedia":[{"embeddable":true,"href":"https:\/\/www.europesays.com\/pl\/wp-json\/wp\/v2\/media\/221543"}],"wp:attachment":[{"href":"https:\/\/www.europesays.com\/pl\/wp-json\/wp\/v2\/media?parent=221542"}],"wp:term":[{"taxonomy":"category","embeddable":true,"href":"https:\/\/www.europesays.com\/pl\/wp-json\/wp\/v2\/categories?post=221542"},{"taxonomy":"post_tag","embeddable":true,"href":"https:\/\/www.europesays.com\/pl\/wp-json\/wp\/v2\/tags?post=221542"}],"curies":[{"name":"wp","href":"https:\/\/api.w.org\/{rel}","templated":true}]}}