{"id":221621,"date":"2026-01-23T19:32:12","date_gmt":"2026-01-23T19:32:12","guid":{"rendered":"https:\/\/www.europesays.com\/pl\/221621\/"},"modified":"2026-01-23T19:32:12","modified_gmt":"2026-01-23T19:32:12","slug":"malgorzata-socha-zdradzila-jak-spedza-ferie-zdecydowala-sie-na-wyjazd-z-kraju","status":"publish","type":"post","link":"https:\/\/www.europesays.com\/pl\/221621\/","title":{"rendered":"Ma\u0142gorzata Socha zdradzi\u0142a, jak sp\u0119dza ferie. Zdecydowa\u0142a si\u0119 na wyjazd z kraju"},"content":{"rendered":"<p class=\"Paragraph_desktopParagraph__U31Gm\"><a href=\"https:\/\/plejada.pl\/malgorzata-socha-aktorka\" id=\"21c34cdf-f144-462f-94ee-fdc900070fa3\" rel=\"nofollow noopener\" target=\"_blank\">Ma\u0142gorzata Socha<\/a> nieustannie dzia\u0142a w bran\u017cy filmowej i wyst\u0105pi\u0142a w wielu hitach kinowych. Prywatnie jest zwi\u0105zana z Krzysztofem Wi\u015bniewskim i wychowuje tr\u00f3jk\u0119 dzieci \u2014 dwie c\u00f3rki, Zofi\u0119 i Barbar\u0119, oraz syna Stanis\u0142awa. Aktorka ch\u0119tnie dzieli si\u0119 w mediach spo\u0142eczno\u015bciowych chwilami sp\u0119dzonymi z rodzin\u0105.<\/p>\n<ul class=\"OchatFollowUps_wrapper__1ry7X\">\n<li class=\"OchatFollowUps_item__Dhyly OchatFollowUps_itemDesktop__R6aBv\">Gdzie Ma\u0142gorzata Socha sp\u0119dza ferie?<\/li>\n<li class=\"OchatFollowUps_item__Dhyly OchatFollowUps_itemDesktop__R6aBv\">Z kim Ma\u0142gorzata Socha wyjecha\u0142a w g\u00f3ry?<\/li>\n<li class=\"OchatFollowUps_item__Dhyly OchatFollowUps_itemDesktop__R6aBv\">Jakie s\u0105 plany Ma\u0142gorzaty Sochy na wyjazd poza Polsk\u0119?<\/li>\n<li class=\"OchatFollowUps_item__Dhyly OchatFollowUps_itemDesktop__R6aBv\">Jakie dzieci ma Ma\u0142gorzata Socha?<\/li>\n<\/ul>\n<p>Ma\u0142gorzata Socha sp\u0119dza ferie z bliskimi. Planuje wylecie\u0107 z Polski <\/p>\n<p class=\"Paragraph_desktopParagraph__U31Gm\">Do ko\u0144ca miesi\u0105ca w wojew\u00f3dztwach mazowieckim, pomorskim, podlaskim, \u015bwi\u0119tokrzyskim i warmi\u0144sko-mazurskim trwaj\u0105 ferie zimowe. W rozmowie z Plejad\u0105 Ma\u0142gorzata Socha zdradza, jak zamierza sp\u0119dzi\u0107 ten czas.<\/p>\n<p class=\"Paragraph_desktopParagraph__U31Gm\">Okazuje si\u0119, \u017ce gwiazda wyjecha\u0142a do Zakopanego razem z rodzin\u0105. To jednak nie koniec \u2014 Ma\u0142gorzata Socha planuje tak\u017ce wyjazd za granic\u0119.<\/p>\n<blockquote>\n<p class=\"Paragraph_desktopParagraph__U31Gm\">Jeste\u015bmy w g\u00f3rach Zakopanem, w\u0142a\u015bnie idziemy na Kalat\u00f3wki. P\u00f3\u017aniej b\u0119dziemy szuka\u0107 \u015bniegu we W\u0142oszech. Na razie w Polsce jest wi\u0119cej \u015bniegu ni\u017c tam. Zobaczymy, co z tego wyjdzie<\/p>\n<\/blockquote>\n<p class=\"Paragraph_desktopParagraph__U31Gm\">.\u2014 wyjawia. Aktorka podkre\u015bla, \u017ce zale\u017cy jej, aby pojawi\u0107 si\u0119 w miejscu, w kt\u00f3rym nie zabraknie zimowej aury i \u015bniegu, kt\u00f3rego b\u0119d\u0105 szuka\u0107 w rejonach Alp. Dodatkowo na czas ferii postanowi\u0142a na chwil\u0119 odpocz\u0105\u0107 od pracy aktorskiej.<\/p>\n<p class=\"Paragraph_desktopParagraph__U31Gm\">\u2014 Zale\u017cy, kto ma jakie dzieci, w jakim wieku \u2014 m\u00f3wi, stwierdzaj\u0105c, \u017ce poszczeg\u00f3lne osoby w rozmaity spos\u00f3b mog\u0105 sp\u0119dza\u0107 ferie.<\/p>\n<p><img decoding=\"async\" class=\"Image_image__0tuHp Image_autoHeight__f2n87 \" height=\"587\" width=\"391\" src=\"https:\/\/www.europesays.com\/pl\/wp-content\/uploads\/2026\/01\/D8wk9kpTURBXy84MzhhMGI3NDE0ZWJlNmEzMWRlODYxNzdlZTY0MDkyNC5qcGeSlQLNA6wAwsOVAgDNAkvCw94AA6EwAaExAaEzw.jpeg\" alt=\"Ma\u0142gorzata Socha\" loading=\"lazy\" \/>Andras Szilagyi \/ MW Media<\/p>\n<p>Ma\u0142gorzata Socha<\/p>\n<p class=\"Paragraph_desktopParagraph__U31Gm\">Dzi\u0119kujemy, \u017ce przeczyta\u0142a\u015b\/e\u015b nasz artyku\u0142 do ko\u0144ca. W serwisie Plejada.pl ka\u017cdego dnia piszemy o najwa\u017cniejszych wydarzeniach show-biznesowych. B\u0105d\u017a na bie\u017c\u0105co! <a rel=\"nofollow noopener\" href=\"https:\/\/news.google.com\/publications\/CAAiEF0PeAlb7W1llpV_mwV2rL4qFAgKIhBdD3gJW-1tZZaVf5sFdqy-?hl=pl&amp;gl=PL&amp;ceid=PL%3Apl\" id=\"d78cbd9c-4ced-4803-b96f-0991c11d0d2d\" target=\"_blank\">Obserwuj<\/a> Plejad\u0119 w Google. Odwied\u017a nas tak\u017ce na <a rel=\"nofollow noopener\" href=\"https:\/\/www.facebook.com\/plejadapl\" id=\"b9d8ad3d-9b9c-4784-a946-581cb142d74a\" target=\"_blank\">Facebooku<\/a>, <a rel=\"nofollow noopener\" href=\"https:\/\/www.instagram.com\/plejadapl\/\" id=\"30d3fc34-21d5-4cf4-b9f8-a96cab8a3974\" target=\"_blank\">Instagramie<\/a>, <a rel=\"nofollow noopener\" href=\"https:\/\/www.youtube.com\/c\/plejada\" id=\"14734a0c-1f00-484d-9012-0a62f7919be7\" target=\"_blank\">YouTubie<\/a> oraz <a rel=\"nofollow noopener\" href=\"https:\/\/www.tiktok.com\/@plejada_pl\" id=\"8ceca526-0575-4053-9589-757e0c683225\" target=\"_blank\">TikToku<\/a>.<\/p>\n<p class=\"Paragraph_desktopParagraph__U31Gm\">Chcesz podzieli\u0107 si\u0119 ciekawym newsem lub zaproponowa\u0107 temat? Skontaktuj si\u0119 z nami, pisz\u0105c e-maila na adres: <a href=\"https:\/\/www.onet.pl\/styl-zycia\/plejada\/malgorzata-socha-zdradzila-jak-spedza-ferie-zdecydowala-sie-na-wyjazd-z-kraju\/mailto:plejada@redakcjaonet.pl\" id=\"f52dd6e9-c298-4214-b5f1-a44aa576688f\" rel=\"nofollow noopener\" target=\"_blank\">plejada@redakcjaonet.pl<\/a>.<\/p>\n<p><script async src=\"\/\/www.instagram.com\/embed.js\"><\/script><script async src=\"\/\/www.tiktok.com\/embed.js\"><\/script><\/p>\n","protected":false},"excerpt":{"rendered":"Ma\u0142gorzata Socha nieustannie dzia\u0142a w bran\u017cy filmowej i wyst\u0105pi\u0142a w wielu hitach kinowych. Prywatnie jest zwi\u0105zana z Krzysztofem&hellip;\n","protected":false},"author":2,"featured_media":221622,"comment_status":"","ping_status":"","sticky":false,"template":"","format":"standard","meta":{"footnotes":""},"categories":[22],"tags":[122,32496,67,17202,53,52,68,51,55,42,38,40,39,41,123,47,196,341,338,65,50],"class_list":{"0":"post-221621","1":"post","2":"type-post","3":"status-publish","4":"format-standard","5":"has-post-thumbnail","7":"category-rozrywka","8":"tag-entertainment","9":"tag-ferie","10":"tag-intextvideo_splayer","11":"tag-malgorzata_socha_aktorka","12":"tag-new_header","13":"tag-onet3","14":"tag-onet3d","15":"tag-onet3d_2i","16":"tag-phx","17":"tag-pl","18":"tag-poland","19":"tag-polish","20":"tag-polska","21":"tag-polski","22":"tag-rozrywka","23":"tag-screening_general","24":"tag-styl_zycia","25":"tag-tylko_w_onecie","26":"tag-tylko_w_plejadzie","27":"tag-update_me","28":"tag-v2021"},"share_on_mastodon":{"url":"https:\/\/pubeurope.com\/@pl\/115946084285713410","error":""},"_links":{"self":[{"href":"https:\/\/www.europesays.com\/pl\/wp-json\/wp\/v2\/posts\/221621","targetHints":{"allow":["GET"]}}],"collection":[{"href":"https:\/\/www.europesays.com\/pl\/wp-json\/wp\/v2\/posts"}],"about":[{"href":"https:\/\/www.europesays.com\/pl\/wp-json\/wp\/v2\/types\/post"}],"author":[{"embeddable":true,"href":"https:\/\/www.europesays.com\/pl\/wp-json\/wp\/v2\/users\/2"}],"replies":[{"embeddable":true,"href":"https:\/\/www.europesays.com\/pl\/wp-json\/wp\/v2\/comments?post=221621"}],"version-history":[{"count":0,"href":"https:\/\/www.europesays.com\/pl\/wp-json\/wp\/v2\/posts\/221621\/revisions"}],"wp:featuredmedia":[{"embeddable":true,"href":"https:\/\/www.europesays.com\/pl\/wp-json\/wp\/v2\/media\/221622"}],"wp:attachment":[{"href":"https:\/\/www.europesays.com\/pl\/wp-json\/wp\/v2\/media?parent=221621"}],"wp:term":[{"taxonomy":"category","embeddable":true,"href":"https:\/\/www.europesays.com\/pl\/wp-json\/wp\/v2\/categories?post=221621"},{"taxonomy":"post_tag","embeddable":true,"href":"https:\/\/www.europesays.com\/pl\/wp-json\/wp\/v2\/tags?post=221621"}],"curies":[{"name":"wp","href":"https:\/\/api.w.org\/{rel}","templated":true}]}}