{"id":221770,"date":"2026-01-23T21:08:14","date_gmt":"2026-01-23T21:08:14","guid":{"rendered":"https:\/\/www.europesays.com\/pl\/221770\/"},"modified":"2026-01-23T21:08:14","modified_gmt":"2026-01-23T21:08:14","slug":"wagary-rakieta-zlote-korki-10-najdrozszych-aukcji-na-rzecz-wosp","status":"publish","type":"post","link":"https:\/\/www.europesays.com\/pl\/221770\/","title":{"rendered":"Wagary, rakieta, z\u0142ote korki. 10 najdro\u017cszych aukcji na rzecz WO\u015aP"},"content":{"rendered":"<p class=\"ods-c-paragraph \">Ju\u017c w najbli\u017csz\u0105 niedziel\u0119 <a href=\"https:\/\/wiadomosci.onet.pl\/warszawa\/znamy-juz-wszystkie-gwiazdy-finalowego-koncertu-wosp\/c8y2c03\" id=\"1644e614-b017-4d66-a001-009843ee0851\" rel=\"nofollow noopener\" target=\"_blank\">34. Fina\u0142 Wielkiej Orkiestry \u015awi\u0105tecznej Pomocy<\/a>. Tym razem Fundacja Jurka Owsiaka i tysi\u0105ce jej wolontariuszy b\u0119d\u0105 zbiera\u0107 pieni\u0105dze na diagnostyk\u0119 i leczenie chor\u00f3b przewodu pokarmowego u najm\u0142odszych pacjent\u00f3w.<\/p>\n<p class=\"ods-c-paragraph \">Akcji przy\u015bwieca\u0107 b\u0119dzie has\u0142o: <a href=\"https:\/\/wiadomosci.onet.pl\/warszawa\/34-final-wosp-wiemy-na-co-beda-zbierane-pieniadze\/dfrnclt\" id=\"192b99f0-dcb2-487e-904d-27042fcf7934\" rel=\"nofollow noopener\" target=\"_blank\">&#8222;Zdrowe brzuszki naszych dzieci&#8221;<\/a>. Jej efektem mo\u017ce by\u0107 wsparcie dla nawet 1,5 mn najm\u0142odszych pacjent\u00f3w, cierpi\u0105cych na schorzenia gastroenterologiczne.<\/p>\n<p> Dalszy ci\u0105g artyku\u0142u pod materia\u0142em wideo    <\/p>\n<p> Jakie przedmioty wystawiono na aukcj\u0119 WO\u015aP? <\/p>\n<p> Kto przekaza\u0142 z\u0142ote korki na aukcj\u0119? <\/p>\n<p> Ile kosztuje wagary z Omen\u0105 Mensah? <\/p>\n<p> Jakie cele ma 34. Fina\u0142 WO\u015aP? <\/p>\n<p class=\"ods-c-paragraph \">Nieod\u0142\u0105cznym elementem tej akcji charytatywnej s\u0105 aukcje Allegro na rzecz WO\u015aP. Niekt\u00f3re z nich osi\u0105gaj\u0105 gigantyczne kwoty. Poni\u017cej prezentujemy 10 najdro\u017cszych aukcji. Zaznaczamy jednocze\u015bnie, \u017ce to s\u0105 dane na ten moment. Sytuacja jest dynamiczna i zmianie mog\u0105 ulec zar\u00f3wno same kwoty, jak i pozycje w tym rankingu.<\/p>\n<p>10. Dzie\u0144 z \u017cycia pilota w 22. Bazie Lotnictwa Taktycznego w Malborku<\/p>\n<p class=\"ods-c-paragraph \">To prawdziwa gratka dla mi\u0142o\u015bnik\u00f3w lotnictwa. Przedmiotem aukcji jest wyj\u0105tkowa wizyta na lotnisku wojskowym nale\u017c\u0105cym do 22. Bazy Lotnictwa Taktycznego, po\u0142o\u017conym nieopodal Malborka. Zaprasza na ni\u0105 jej dow\u00f3dca p\u0142k pil. Grzegorz Czubski. Zwyci\u0119zca licytacji uzyska mo\u017cliwo\u015b\u0107 zabrania kilku os\u00f3b tam, gdzie na co dzie\u0144 wej\u015b\u0107 si\u0119 nie da, czyli do &#8222;domu&#8221; polskich my\u015bliwc\u00f3w wielozadaniowych MiG-29.<\/p>\n<p class=\"ods-c-paragraph \">Oto program wizyty w bazie: udzia\u0142 w pokazowej obs\u0142udze samolotu, obserwacja start\u00f3w i l\u0105dowa\u0144 my\u015bliwc\u00f3w MiG-29, dostarczaj\u0105cych wra\u017ce\u0144 wizualnych i akustycznych (w zale\u017cno\u015bci od warunk\u00f3w atmosferycznych danego dnia), wizyta na wie\u017cy, sk\u0105d rozci\u0105ga si\u0119 niesamowity widok na pas startowy, spotkanie i rozmowa z pilotami MiG-29, wykonanie pami\u0105tkowych zdj\u0119\u0107.<\/p>\n<p>   <img decoding=\"async\" src=\"https:\/\/www.europesays.com\/pl\/wp-content\/uploads\/2026\/01\/JIck9lBaHR0cHM6Ly9vY2RuLmV1L3B1bHNjbXMvTURBXy85ZTJiZWI5ZTkzMWFjOGEyYzM1ZWY1NTUxMGRkOGVkNC5qcGeRlQLNB.jpeg\" height=\"480\" width=\"720\" alt=\"34. Fina\u0142 WO\u015aP. Na aukcj\u0119 trafi\u0142 dzie\u0144 z \u017cycia pilota w 22. Bazie Lotnictwa Taktycznego\" loading=\"lazy\" class=\"ods-c-image__img ods-c-image__img--viewport-width\"\/><\/p>\n<p>34. Fina\u0142 WO\u015aP. Na aukcj\u0119 trafi\u0142 dzie\u0144 z \u017cycia pilota w 22. Bazie Lotnictwa TaktycznegoAllegro WO\u015aP \/ mat. prasowe<\/p>\n<p class=\"ods-c-paragraph \">Zwyci\u0119zca aukcji, kt\u00f3remu mo\u017ce towarzyszy\u0107 maksymalnie pi\u0119\u0107 os\u00f3b, zobacz\u0105 te\u017c historyczne statki powietrzne 22. BLT, kt\u00f3re s\u0105 wa\u017cnym \u015bwiadectwem tradycji lotniczych, odwiedz\u0105 domek pilota i wojskow\u0105 stra\u017c po\u017carn\u0105. Dla g\u0142\u00f3wnego zwyci\u0119zcy licytacji dow\u00f3dca bazy przewidzia\u0142 tak\u017ce dodatkowe niespodzianki.<\/p>\n<p class=\"ods-c-paragraph \">Co wa\u017cne, w wycieczce mog\u0105 uczestniczy\u0107 wy\u0142\u0105cznie obywatele RP. Termin wizyty do ustalenia. Czas pobytu b\u0119dzie wynosi\u0142 oko\u0142o czterech godzin. Licytacja nie obejmuje koszt\u00f3w transportu do Malborka oraz noclegu. W momencie publikacji tego materia\u0142u kwota aukcji wynosi 55 tys. 805 z\u0142. Licytowa\u0107 mo\u017cna <a rel=\"nofollow noopener\" href=\"https:\/\/allegro.pl\/oferta\/dzien-z-zycia-pilota-w-22-bazie-lotnictwa-taktycznego-w-malborku-18201313472\" id=\"66801898-e932-4b78-b6ad-a13bfaa2e096\" target=\"_blank\">pod tym linkiem<\/a>.<\/p>\n<p>9. Koszulka meczowa Roberta Lewandowskiego<\/p>\n<p class=\"ods-c-paragraph \">Na aukcj\u0119 WO\u015aP trafi\u0142a r\u00f3wnie\u017c oryginalna koszulka meczowa najlepszego polskiego pi\u0142karza Roberta Lewandowskiego, w kt\u00f3rej wyst\u0105pi\u0142 podczas fina\u0142u Superpucharu Hiszpanii, rozegranego 11 stycznia 2026 r. w Arabii Saudyjskiej. W tym presti\u017cowym spotkaniu FC Barcelona pokona\u0142a Real Madryt 3:2, si\u0119gaj\u0105c po trofeum po emocjonuj\u0105cym i niezwykle intensywnym meczu. Jedn\u0105 z bramek zdoby\u0142 sam Lewandowski.<\/p>\n<p><img decoding=\"async\" src=\"https:\/\/www.europesays.com\/pl\/wp-content\/uploads\/2026\/01\/dAnk9lBaHR0cHM6Ly9vY2RuLmV1L3B1bHNjbXMvTURBXy81MDIyYzU1OTI0NzcyNjBiNzA0OTRiMzQ3YWFkMTc2NS5qcGeRlQLNB.jpeg\" height=\"720\" width=\"720\" alt=\"34. Fina\u0142 WO\u015aP. Na aukcji mo\u017cna zdoby\u0107 koszulk\u0119 Roberta Lewandowskiego\" loading=\"lazy\" class=\"ods-c-image__img ods-c-image__img--viewport-width\"\/><\/p>\n<p>34. Fina\u0142 WO\u015aP. Na aukcji mo\u017cna zdoby\u0107 koszulk\u0119 Roberta LewandowskiegoAllegro WO\u015aP \/ mat. prasowe<\/p>\n<p class=\"ods-c-paragraph \">&#8222;Koszulka to unikatowy przedmiot kolekcjonerski dla kibic\u00f3w FC Barcelony, fan\u00f3w Roberta Lewandowskiego oraz mi\u0142o\u015bnik\u00f3w wielkich pi\u0142karskich moment\u00f3w. Rozmiar: L&#8221; \u2014 czytamy w opisie aukcji.<\/p>\n<p class=\"ods-c-paragraph \">W chwili publikacji tego materia\u0142u cena wynosi 60 tys. 250 z\u0142. Licytowa\u0107 mo\u017cna <a rel=\"nofollow noopener\" href=\"https:\/\/allegro.pl\/oferta\/koszulka-meczowa-roberta-lewandowskiego-18244384153\" id=\"56d704d9-457f-4287-b941-aaa533ddb7e1\" target=\"_blank\">pod tym linkiem<\/a>.<\/p>\n<p>8. Wesele marze\u0144 o warto\u015bci 100 tys. z\u0142<\/p>\n<p class=\"ods-c-paragraph \">Przedmiotem tej aukcji jest kompleksowa organizacja przyj\u0119cia weselnego dla maksymalnie 150 os\u00f3b. Oznacza to, \u017ce zwyci\u0119ska para m\u0142oda otrzyma pe\u0142en pakiet us\u0142ug na t\u0119 okazj\u0119, przygotowany przez profesjonalist\u00f3w z bran\u017cy \u015blubnej. Licytacj\u0119 organizuj\u0105 Sztab WO\u015aP #262 w Kielcach przy redakcji Echo Dnia oraz restauracja Wilaneska.<\/p>\n<p class=\"ods-c-paragraph \">Organizatorzy zapewniaj\u0105, \u017ce zwyci\u0119zcy aukcji otrzymaj\u0105 kompletny pakiet weselny, kt\u00f3ry obejmuje: autorskie menu skomponowane przez szefa kuchni Wilaneski, profesjonalny drink bar, opraw\u0119 wizualn\u0105 przyj\u0119cia, pobyt w eleganckim hotelu dla pary m\u0142odej oraz go\u015bci weselnych, wsparcie do\u015bwiadczonego wedding plannera na ka\u017cdym etapie, s\u0142odko\u015bci z rzemie\u015blniczej pracowni artystycznej oraz autorskie bufety tematyczne.<\/p>\n<p><img decoding=\"async\" src=\"https:\/\/www.europesays.com\/pl\/wp-content\/uploads\/2026\/01\/Ilmk9lBaHR0cHM6Ly9vY2RuLmV1L3B1bHNjbXMvTURBXy9kMGQzZTBlZTJlODNkOWYwYTFkNGYzZTM5NWFkMGE2OS5qcGeRlQLNB.jpeg\" height=\"627\" width=\"940\" alt=\"34. Fina\u0142 WO\u015aP. Do wylicytowania jest wesele marze\u0144\" loading=\"lazy\" class=\"ods-c-image__img ods-c-image__img--viewport-width\"\/><\/p>\n<p>34. Fina\u0142 WO\u015aP. Do wylicytowania jest wesele marze\u0144Allegro WO\u015aP \/ mat. prasowe<\/p>\n<p class=\"ods-c-paragraph \">Wesele odb\u0119dzie si\u0119 w restauracji Wilaneska w miejscowo\u015bci Tokarnia, na terenie Parku Etnograficznego (Muzeum Wsi Kieleckiej). Termin uroczysto\u015bci przewidziano na tydzie\u0144 przed Fina\u0142em WO\u015aP 2027 (stycze\u0144 2027 r.). &#8222;To idealny czas, by rozpocz\u0105\u0107 nowy rok od celebrowania mi\u0142o\u015bci i dobroczynno\u015bci&#8221; \u2014 przekonuj\u0105 organizatorzy.<\/p>\n<p class=\"ods-c-paragraph \">Aukcja w momencie publikacji tego materia\u0142u osi\u0105gn\u0119\u0142a 61,5 tys. z\u0142. Licytowa\u0107 mo\u017cna <a rel=\"nofollow noopener\" href=\"https:\/\/allegro.pl\/oferta\/wesele-marzen-o-wartosci-100-000-zl-18242206625\" id=\"fab67055-3fa3-4bea-9e5c-378d5593b2e9\" target=\"_blank\">pod tym linkiem<\/a>.<\/p>\n<p>7. Rower z Radkiem Sikorskim<\/p>\n<p class=\"ods-c-paragraph \">W 34. Fina\u0142 WO\u015aP zaanga\u017cowa\u0142 si\u0119 tak\u017ce znany polityk Rados\u0142aw Sikorski, od 2023 roku minister spraw zagranicznych, a od lipca 2025 pe\u0142ni\u0105cy tak\u017ce funkcj\u0119 wiceprezesa Rady Ministr\u00f3w. Na aukcj\u0119 wystawi\u0142 propozycj\u0119 sp\u0119dzenia z nim aktywnie wolnego czasu.<\/p>\n<p class=\"ods-c-paragraph \">&#8222;Siema! Zapraszam na przeja\u017cd\u017ck\u0119 rowerow\u0105 i rozmow\u0119 o Polsce i polityce mi\u0119dzynarodowej. Rower to moja pasja i ulubiony spos\u00f3b aktywnego sp\u0119dzania czasu. Z ch\u0119ci\u0105 podziel\u0119 si\u0119 ni\u0105 z Pa\u0144stwem w szczytnym celu. Gramy razem ju\u017c 34. raz&#8221; \u2014 zach\u0119ca polityk.<\/p>\n<p><img decoding=\"async\" src=\"https:\/\/www.europesays.com\/pl\/wp-content\/uploads\/2026\/01\/c6jk9lBaHR0cHM6Ly9vY2RuLmV1L3B1bHNjbXMvTURBXy9jYWUwZGI5Y2U3YmQ5ZWVmNTg3NTk2MWRmMWZlMTM3MS5qcGeRlQLNA.jpeg\" height=\"529\" width=\"940\" alt=\"34. Fina\u0142 WO\u015aP. Rados\u0142aw Sikorski zaprasza na rowerow\u0105 przeja\u017cd\u017ck\u0119\" loading=\"lazy\" class=\"ods-c-image__img ods-c-image__img--vertical\"\/><\/p>\n<p>34. Fina\u0142 WO\u015aP. Rados\u0142aw Sikorski zaprasza na rowerow\u0105 przeja\u017cd\u017ck\u0119Allegro WO\u015aP \/ mat. prasowe<\/p>\n<p class=\"ods-c-paragraph \">Przeja\u017cd\u017cka obejmuje maksymalnie cztery osoby i odb\u0119dzie si\u0119 w okolicach Warszawy lub Bydgoszczy. Szczeg\u00f3\u0142y do ustalenia po zako\u0144czeniu aukcji. Termin realizacji do 30 wrze\u015bnia br. W tym momencie aukcja osi\u0105gn\u0119\u0142a ju\u017c 63 tys. 750 z\u0142. Licytowa\u0107 mo\u017cna <a rel=\"nofollow noopener\" href=\"https:\/\/allegro.pl\/oferta\/rower-z-radkiem-sikorskim-18232226892\" id=\"d62f4cf1-56a6-430b-9082-f5390a487b7b\" target=\"_blank\">pod tym linkiem<\/a>.<\/p>\n<p>6. Zegarek Ronaldinho wr\u0119czony osobi\u015bcie i pe\u0142ny VIP Weekend<\/p>\n<p class=\"ods-c-paragraph \">Bracia Collins przekazali na aukcj\u0119 WO\u015aP wyj\u0105tkowy zestaw: luksusowy zegarek oraz ekskluzywne do\u015bwiadczenie odbioru go na murawie podczas Galacticos Show. Chodzi o model Tismo Geneve R10 Edition nr 1\/3. Jeden egzemplarz trafi do Ronaldinho. Drugi zostanie sprzedany na zamkni\u0119tej aukcji. Ten trzeci \u2014 jedyny dla publiczno\u015bci \u2014 mo\u017ce by\u0107 tw\u00f3j. Zwyci\u0119zca aukcji b\u0119dzie mia\u0142 te\u017c okazj\u0119 pojawi\u0107 si\u0119 na zamkni\u0119tym treningu, blisko legend.<\/p>\n<p class=\"ods-c-paragraph \">&#8222;Wchodzisz na boisko, na kt\u00f3rym nie ma przypadkowych os\u00f3b. Tylko Ty oraz zawodnicy Galacticos \u2014 w tym Edgar Davids i inni pi\u0142karze, kt\u00f3rych pami\u0119tasz z najlepszych moment\u00f3w futbolu. Nie ma tu dystansu telewizji. Jeste\u015b kilka metr\u00f3w od nich. Czujesz energi\u0119, s\u0142yszysz ka\u017cdy komentarz, widzisz ka\u017cdy u\u015bmiech. A pi\u0142ka, kt\u00f3r\u0105 b\u0119d\u0105 gra\u0107 w trakcie treningu, zostanie p\u00f3\u017aniej poci\u0119ta na fragmenty \u2014 a jej kawa\u0142ek umieszczony na szlufce paska Twojego zegarka&#8221; \u2014 czytamy w opisie aukcji.<\/p>\n<p><img decoding=\"async\" src=\"https:\/\/www.europesays.com\/pl\/wp-content\/uploads\/2026\/01\/J92k9lBaHR0cHM6Ly9vY2RuLmV1L3B1bHNjbXMvTURBXy9hYThjYjM0ZDM0M2JlYjQzMmM2MTQ1OGZlMThmZjViNi5qcGeRlQLNB.jpeg\" height=\"480\" width=\"720\" alt=\"34. Fina\u0142 WO\u015aP. Mo\u017cna zdoby\u0107 zegarek od Ronaldinho\" loading=\"lazy\" class=\"ods-c-image__img ods-c-image__img--viewport-width\"\/><\/p>\n<p>34. Fina\u0142 WO\u015aP. Mo\u017cna zdoby\u0107 zegarek od RonaldinhoAllegro WO\u015aP \/ mat. prasowe<\/p>\n<p class=\"ods-c-paragraph \">Dzie\u0144 p\u00f3\u017aniej zwyci\u0119zca licytacji we\u017amie udzia\u0142 w konferencji prasowej Galacticos Show. W ramach wygranej otrzyma kompletny weekend VIP, w tym dwa bilety VIP na Galacticos Show, dwa bilety na uroczyst\u0105 gal\u0119 dzie\u0144 wcze\u015bniej, dost\u0119p do stref VIP, wspomniany udzia\u0142 w konferencji prasowej i wej\u015bcie na zamkni\u0119ty trening Galacticos. W tym momencie aukcja osi\u0105gn\u0119\u0142a 70 tys. 250 z\u0142, a <a rel=\"nofollow noopener\" href=\"https:\/\/allegro.pl\/oferta\/zegarek-ronaldinho-tismo-geneve-wreczony-osobiscie-18243700037\" id=\"7a1997ee-7d07-421c-b84a-91ba990eb606\" target=\"_blank\">licytowa\u0107 mo\u017cna tuta<\/a>j.<\/p>\n<p>5. &#8222;Nocowanka&#8221; z Juli\u0105 Wieniaw\u0105<\/p>\n<p class=\"ods-c-paragraph \">&#8222;Cze\u015b\u0107, tu Julia! Zabior\u0119 Ciebie i grup\u0119 Twoich znajomych (do pi\u0119ciu os\u00f3b) na nocowank\u0119 w jednym z malowniczych, chillowych miejsc na mapie Mazowsza. W planie m.in kolacja, wsp\u00f3lny maraton filmowy, karaoke, zdrowe przek\u0105ski i poranne aeroby&#8221; \u2014 zach\u0119ca w opisie swojej aukcji Julia Wieniawa, popularna aktorka, piosenkarka, autorka tekst\u00f3w, kompozytorka i osobowo\u015b\u0107 medialna.<\/p>\n<p class=\"ods-c-paragraph \">Na TikToku artystka zamie\u015bci\u0142a \u017cartobliwe nagranie, na kt\u00f3rym t\u0142umaczy zasady &#8222;nocowanki&#8221;. &#8222;Najpierw saunujemy i robimy cold plunge. Nie musisz si\u0119 martwi\u0107 o str\u00f3j k\u0105pielowy, bo saunujemy na golasa&#8221; \u2014 zaczyna Wieniawa.<\/p>\n<p class=\"ods-c-paragraph \">Potem na uczestnik\u00f3w czeka klasyczny polski ros\u00f3\u0142 (w wersji bez glutenu i laktozy) i puree ziemniaczane. &#8222;Po wsp\u00f3lnym jedzeniu przechodzimy do wsp\u00f3lnego ogl\u0105dania film\u00f3w. U mnie na \u00bbnocowance\u00ab ogl\u0105damy zawsze filmy ze mn\u0105. Mo\u017cesz wybra\u0107 kt\u00f3ry, ale to mo\u017ce by\u0107: \u00bbW lesie dzi\u015b nie za\u015bnie nikt 1\u00ab, \u00bbW lesie dzi\u015b nie za\u015bnie nikt 2\u00ab albo \u00bbWszyscy moi przyjaciele nie \u017cyj\u0105\u00ab. Ewentualnie mo\u017cemy sobie zrobi\u0107 nocny maraton ogl\u0105dania \u00bbRodzinki.pl\u00ab, ale dopiero od pi\u0105tego sezonu, poniewa\u017c dopiero wtedy dosz\u0142am do obsady. Uwaga, je\u015bli \u00bbnocowanka\u00ab odbywa si\u0119 w sobot\u0119, no to o 20:00 ogl\u0105damy \u00bbMam talent!\u00ab. Je\u017celi nie ma nowych odcink\u00f3w, to ogl\u0105damy powt\u00f3rki na Playerze&#8221; \u2014 wylicza celebrytka.<\/p>\n<p><img decoding=\"async\" src=\"https:\/\/www.europesays.com\/pl\/wp-content\/uploads\/2026\/01\/Ahak9lBaHR0cHM6Ly9vY2RuLmV1L3B1bHNjbXMvTURBXy9lMDI2MWU1MjRiNGZiOTViOWE3NmQ1NGZkN2M5OTVlZS5qcGeRlQLNA.jpeg\" height=\"529\" width=\"940\" alt=\"34. Fina\u0142 WO\u015aP. Na aukcj\u0119 trafi\u0142a &quot;nocowanka&quot; z Juli\u0105 Wieniaw\u0105\" loading=\"lazy\" class=\"ods-c-image__img ods-c-image__img--vertical\"\/><\/p>\n<p>34. Fina\u0142 WO\u015aP. Na aukcj\u0119 trafi\u0142a &#8222;nocowanka&#8221; z Juli\u0105 Wieniaw\u0105Allegro WO\u015aP \/ mat. prasowe<\/p>\n<p class=\"ods-c-paragraph \">Artystka zaplanowa\u0142a r\u00f3wnie\u017c, co uczestnicy b\u0119d\u0105 robi\u0107 przed snem. &#8222;Po ogl\u0105daniu idziemy do \u0142\u00f3\u017cka. Przy \u0142\u00f3\u017cku b\u0119dzie czeka\u0142 na ciebie dzban z wod\u0105, maseczki w p\u0142achcie. Mam r\u00f3wnie\u017c kapcie dla swoich go\u015bci. Przed spaniem piszemy sobie tak\u0105 list\u0119 wdzi\u0119czno\u015bci. Ty np. mo\u017cesz napisa\u0107, \u017ce jeste\u015b wdzi\u0119czny za to, \u017ce masz tak\u0105 przyjaci\u00f3\u0142k\u0119, jak ja. Nie martw si\u0119 o pi\u017cam\u0119, w razie czego mog\u0119 ci da\u0107 koszulk\u0119 z mojego merchu. Przed snem puszczamy sobie muzyk\u0119 relaksacyjna. Mo\u017ce by\u0107 piosenka \u00bbKolor\u00ab z p\u0142yty \u00bb\u015awiat\u0142ocienie\u00ab Julii Wieniawy&#8221; \u2014 zapowiada.<\/p>\n<p class=\"ods-c-paragraph \">Na koniec Wieniawa zdradza, \u017ce &#8222;nocowanka&#8221; ko\u0144czy si\u0119 o godz. 7.00, a ju\u017c o 7.30 czekaj\u0105 na uczestnik\u00f3w wsp\u00f3lne \u0107wiczenia. &#8222;Potem ewentualnie mog\u0119 pocz\u0119stowa\u0107 ci\u0119 \u015bniadaniem bia\u0142kowo-t\u0142uszczowym bez w\u0119glowodan\u00f3w, czyli np. omlet z dw\u00f3ch jaj i sa\u0142atka z fet\u0105&#8221; \u2014 opisuje aukcj\u0119, kt\u00f3ra w momencie publikacji tekstu osi\u0105gn\u0119\u0142a kwot\u0119 86 tys., a <a rel=\"nofollow noopener\" href=\"https:\/\/allegro.pl\/oferta\/nocowanka-z-julia-wieniawa-18243771859\" id=\"aca77b9c-2f04-4084-8adc-5096100a7a75\" target=\"_blank\">licytowa\u0107 mo\u017cna tutaj.<\/a><\/p>\n<p>4. Polski Fiat 127p z 1973 r.<\/p>\n<p class=\"ods-c-paragraph \">To prawdziwa okazja dla mi\u0142o\u015bnik\u00f3w motoryzacji. Przedmiotem aukcji jest Polski Fiat 127p z 1973 roku, czyli pierwszego roku produkcji tego modelu w FSO na warszawskim \u017beraniu. Jest to jeden z 2700 egzemplarzy z tego rocznika. Pojazd podarowany zosta\u0142 na rzecz WO\u015aP przez firm\u0119 Segments. Dane techniczne: silnik \u2014 900 cm3; moc \u2014 47KM; skrzynia bieg\u00f3w \u2014 manualna 4-biegowa.<\/p>\n<p class=\"ods-c-paragraph \">&#8222;Prace renowacyjne zosta\u0142y powierzone w 2025 roku specjalistom z Gang Garage Warsaw, kt\u00f3rzy podj\u0119li si\u0119 zadania charytatywnie i podj\u0119li decyzj\u0119 o pe\u0142nej renowacji od podstaw. Fiat zosta\u0142 najpierw w ca\u0142o\u015bci roz\u0142o\u017cony. Karoseria poddana zosta\u0142a obr\u00f3bce \u015bciernej, a nast\u0119pnie wykonane zosta\u0142y kompleksowe prace blacharskie z napraw\u0105 wszelkich ognisk korozji oraz po\u0142o\u017cony zosta\u0142 lakier akrylowy w kolorze bia\u0142ym z czarnym, matowym wyko\u0144czeniem pokrywy silnika. Podwozie i elementy zawieszenia r\u00f3wnie\u017c zosta\u0142y odpowiednio zabezpieczone&#8221; \u2014 czytamy w opisie aukcji.<\/p>\n<p><img decoding=\"async\" src=\"https:\/\/www.europesays.com\/pl\/wp-content\/uploads\/2026\/01\/VoUk9lBaHR0cHM6Ly9vY2RuLmV1L3B1bHNjbXMvTURBXy8zNmEyOGJkM2ZkZjVhNTQ1NDNhOWQxODMzNzdkYThiMy5qcGeRlQLNB.jpeg\" height=\"480\" width=\"720\" alt=\"34. Fina\u0142 WO\u015aP. Do zdobycia jest Fiat 127p z 1973 roku\" loading=\"lazy\" class=\"ods-c-image__img ods-c-image__img--viewport-width\"\/><\/p>\n<p>34. Fina\u0142 WO\u015aP. Do zdobycia jest Fiat 127p z 1973 rokuAllegro WO\u015aP \/ mat. prasowe<\/p>\n<p class=\"ods-c-paragraph \">Renowacj\u0119 przesz\u0142a tak\u017ce tapicerka. Fotele, kanapa i deska rozdzielcza otrzyma\u0142y nowe poszycie, odnowione zosta\u0142y boczki drzwiowe i elementy z tworzyw. Silnik zosta\u0142 od\u015bwie\u017cony i pomalowany, wraz z wymian\u0105 uszczelek i p\u0142yn\u00f3w eksploatacyjnych, renowacj\u0105 o\u015bwietlenia, akcesori\u00f3w i element\u00f3w wn\u0119trza, konserwacj\u0105 uk\u0142adu hamulcowego i zawieszenia oraz dorobieniem instalacji elektrycznej. Samoch\u00f3d otrzyma\u0142 oryginalne 50-letnie felgi rajdowe, lampy przeciwmgielne i dalekosi\u0119\u017cne oraz komplet opon ca\u0142orocznych. Po powrocie z lakierni zosta\u0142 ponownie z\u0142o\u017cony.<\/p>\n<p class=\"ods-c-paragraph \">Najwa\u017cniejszym elementem sta\u0142a si\u0119 deska rozdzielcza, na kt\u00f3rej Piotr i Tomek z Gang Garage osobi\u015bcie zebrali podpisy legend polskich rajd\u00f3w. W\u015br\u00f3d nich znale\u017ali si\u0119: Andrzej D\u0105browski, B\u0142a\u017cej Krupa, Longin Bielak, Tomasz Ciecierzy\u0144ski, Jacek R\u00f3\u017ca\u0144ski, Maciej Stawowiak, Romuald Cha\u0142as, Artur Skwarzy\u0144ski, Janusz Siniarski, Zbigniew Bieniewski, Miros\u0142aw Staniszewski, Jan Czy\u017cyk. Na listwie dekoracyjnej sw\u00f3j autograf wraz z dedykacj\u0105 dla zwyci\u0119zcy aukcji z\u0142o\u017cy\u0142 Kajetan Kajetanowicz.<\/p>\n<p class=\"ods-c-paragraph \">&#8222;Wielokrotne jazdy pr\u00f3bne oraz wykonana zbie\u017cno\u015b\u0107 wykaza\u0142y brak jakichkolwiek problem\u00f3w. Fiat pracuje i wygl\u0105da jak fabrycznie nowy pojazd i przez wiele kolejnych dekad b\u0119dzie s\u0142u\u017cy\u0142 przysz\u0142emu w\u0142a\u015bcicielowi&#8221; \u2014 czytamy w opisie aukcji, kt\u00f3ra obecnie osi\u0105gn\u0119\u0142a 100 tys. 250 z\u0142, a <a rel=\"nofollow noopener\" href=\"https:\/\/allegro.pl\/oferta\/polski-fiat-127p-z-1973-roku-18207122513\" id=\"d009f037-fdd7-44e1-be0c-8dcb995f0155\" target=\"_blank\">licytowa\u0107 mo\u017cna tutaj<\/a>.<\/p>\n<p>3. Z\u0142ote korki od Donalda Tuska i spotkanie w Kancelarii Premiera<\/p>\n<p class=\"ods-c-paragraph \">W akcj\u0119 WO\u015aP zaanga\u017cowa\u0142 si\u0119 ju\u017c tradycyjnie tak\u017ce Donald Tusk. Na aukcj\u0119 Allegro premier RP przekaza\u0142 wyj\u0105tkowe buty oraz spotkanie z nim.<\/p>\n<p class=\"ods-c-paragraph \">\u2014 Czas znowu zdj\u0105\u0107 buty z ko\u0142ka. Ale nie, nie b\u00f3jcie si\u0119, nie wracam do kariery pi\u0142karskiej. Te z\u0142ote korki, n\u00f3wki sztuki nie\u015bmigane, to jest prezent od moich przyjaci\u00f3\u0142, dla mnie bardzo cenny. Dlatego postanowi\u0142em je przekaza\u0107 na aukcj\u0119 Wielkiej Orkiestry \u015awi\u0105tecznej Pomocy \u2014 m\u00f3wi na nagraniu umieszczonym w sieci Donald Tusk.<\/p>\n<p><img decoding=\"async\" src=\"https:\/\/www.europesays.com\/pl\/wp-content\/uploads\/2026\/01\/6xAk9lBaHR0cHM6Ly9vY2RuLmV1L3B1bHNjbXMvTURBXy85MmExYjEwNmI3ZmI4YTA3ZTA1MmQ3YTBhMmEzNTgwNi5qcGeRlQLNB.jpeg\" height=\"480\" width=\"720\" alt=\"34. Fina\u0142 WO\u015aP. Donald Tusk przekaza\u0142 na aukcj\u0119 z\u0142ote korki i spotkanie z nim\" loading=\"lazy\" class=\"ods-c-image__img ods-c-image__img--viewport-width\"\/><\/p>\n<p>34. Fina\u0142 WO\u015aP. Donald Tusk przekaza\u0142 na aukcj\u0119 z\u0142ote korki i spotkanie z nimAllegro WO\u015aP \/ mat. prasowe<\/p>\n<p class=\"ods-c-paragraph \">Zwyci\u0119zca aukcji spotka si\u0119 tak\u017ce z premierem w Sali Zegarowej Kancelarii Prezesa Rady Ministr\u00f3w, w kt\u00f3rej go\u015bcili m.in. prezydent USA Barack Obama, Kr\u00f3l Karol III czy prezydent Francji Emmanuel Macron. \u2014 Wypijemy kaw\u0119, b\u0119d\u0105 ciastka i porozmawiamy \u2014 zapewnia Donald Tusk.<\/p>\n<p class=\"ods-c-paragraph \">Na ten moment kwota aukcji wynosi 104 tys. 999 z\u0142. Licytowa\u0107 mo\u017cna <a rel=\"nofollow noopener\" href=\"https:\/\/allegro.pl\/oferta\/donald-tusk-zlote-korki-i-spotkanie-w-kprm-18240443014\" id=\"4fd8b7a7-068b-4ded-9a7d-df39354296b3\" target=\"_blank\">pod tym linkiem<\/a>.<\/p>\n<p>2. Rakieta oraz r\u0119cznik z Wimbledonu 2025 od Igi \u015awi\u0105tek<\/p>\n<p class=\"ods-c-paragraph \">To wyj\u0105tkowa gratka dla fan\u00f3w tenisa i sportowych emocji. Na aukcj\u0119 WO\u015aP trafi\u0142a rakieta, kt\u00f3r\u0105 Iga \u015awi\u0105tek, najlepsza polska tenisistka, wygra\u0142a historyczny Wimbledon 2025, opatrzona jej w\u0142asnor\u0119cznym podpisem oraz oryginalny r\u0119cznik z tego legendarnego turnieju.<\/p>\n<p><img decoding=\"async\" src=\"https:\/\/www.europesays.com\/pl\/wp-content\/uploads\/2026\/01\/zBik9lBaHR0cHM6Ly9vY2RuLmV1L3B1bHNjbXMvTURBXy8wNjA5MDc4NmZhMDQwMTViZmJjNzkxNDRmMGY1ZmEyZi5qcGeRlQLNA.jpeg\" height=\"529\" width=\"940\" alt=\"34. Fina\u0142 WO\u015aP. Iga \u015awi\u0105tek przekaza\u0142a na aukcj\u0119 rakiet\u0119, kt\u00f3r\u0105 wygra\u0142a Wimbledon 2025\" loading=\"lazy\" class=\"ods-c-image__img ods-c-image__img--vertical\"\/><\/p>\n<p>34. Fina\u0142 WO\u015aP. Iga \u015awi\u0105tek przekaza\u0142a na aukcj\u0119 rakiet\u0119, kt\u00f3r\u0105 wygra\u0142a Wimbledon 2025Allegro WO\u015aP \/ mat. prasowe<\/p>\n<p class=\"ods-c-paragraph \">&#8222;To autentyczne pami\u0105tki zwi\u0105zane z jednym z najwi\u0119kszych sukces\u00f3w w historii polskiego sportu. Niepowtarzalna okazja, by sta\u0107 si\u0119 w\u0142a\u015bcicielem fragmentu tenisowej historii i jednocze\u015bnie wesprze\u0107 szczytny cel&#8221; \u2014 czytamy w opisie aukcji.<\/p>\n<p class=\"ods-c-paragraph \">W momencie publikacji tego artyku\u0142u licytacja osi\u0105gn\u0119\u0142a kwot\u0119 110 tys. 250 z\u0142 i zajmuje drugie miejsca w naszym rankingu. Mo\u017cna wzi\u0105\u0107 w niej udzia\u0142 <a rel=\"nofollow noopener\" href=\"https:\/\/allegro.pl\/oferta\/rakieta-i-recznik-z-wimbledonu-2025-od-igi-swiatek-18231673803\" id=\"46d25da6-afef-42ff-8076-dcbccba89aed\" target=\"_blank\">pod tym linkiem<\/a>.<\/p>\n<p>1. Wagary z Omen\u0105 Mensah i Rafa\u0142em Brzosk\u0105<\/p>\n<p class=\"ods-c-paragraph \">To jedno z tych spotka\u0144, kt\u00f3re nie trafiaj\u0105 do kalendarzy i wymykaj\u0105 si\u0119 codziennym zasadom. Zwyci\u0119zcy tej licytacji sp\u0119dz\u0105 czas w prywatnym \u015bwiecie Omeny Mensah i Rafa\u0142a Brzoski \u2014 dok\u0142adnie tam, gdzie na co dzie\u0144 bywaj\u0105 tylko najbli\u017csi. To kameralne spotkanie w swobodnej, nieformalnej atmosferze. Bez fleszy, bez oficjalnej oprawy i bez scenariusza.<\/p>\n<p class=\"ods-c-paragraph \">&#8222;Gospodarze ugoszcz\u0105 swoich go\u015bci i zaprosz\u0105 do wsp\u00f3lnego sp\u0119dzania czasu tak, jak robi\u0105 to prywatnie \u2014 naturalnie, bez dystansu i bez po\u015bpiechu. Spotkanie pop\u0142ynie w\u0142asnym rytmem: rozmowy, kt\u00f3re same si\u0119 rozwijaj\u0105, chwile przy stole, spontanicznie wyci\u0105gane plansz\u00f3wki i niespodzianki, kt\u00f3rych nie da si\u0119 zapowiedzie\u0107 wcze\u015bniej&#8221; \u2014 czytamy w opisie aukcji.<\/p>\n<p><img decoding=\"async\" src=\"https:\/\/www.europesays.com\/pl\/wp-content\/uploads\/2026\/01\/rJPk9lBaHR0cHM6Ly9vY2RuLmV1L3B1bHNjbXMvTURBXy83MjJiYWY2MGYwMTU0NWU3ZWNjMDY2ZGY5NjQyMjEyNC5qcGeRlQLNA.jpeg\" height=\"529\" width=\"940\" alt=\"34. Fina\u0142 WO\u015aP. Omenaa Mensah i Rafa\u0142 Brzoska zapraszaj\u0105 na wagary\" loading=\"lazy\" class=\"ods-c-image__img ods-c-image__img--vertical\"\/><\/p>\n<p>34. Fina\u0142 WO\u015aP. Omenaa Mensah i Rafa\u0142 Brzoska zapraszaj\u0105 na wagaryAllegro WO\u015aP \/ mat. prasowe<\/p>\n<p class=\"ods-c-paragraph \">Muzyczn\u0105 opraw\u0119 zapewni specjalny set DJ Sharka, przygotowany wy\u0142\u0105cznie na t\u0119 okazj\u0119. A na deser pojawi si\u0119 domowa szarlotka wypiekana osobi\u015bcie przez Omen\u0119 \u2014 prosty, symboliczny akcent, kt\u00f3ry najlepiej oddaje charakter tego spotkania. Aukcja przeznaczona jest dla dw\u00f3ch os\u00f3b, a jej realizacja mo\u017cliwa b\u0119dzie do ko\u0144ca 2026 r.<\/p>\n<p class=\"ods-c-paragraph \">To absolutny lider tego rankingu, kt\u00f3ry zostawi\u0142 &#8222;rywali&#8221; daleko w tyle. W chwili publikacji tego artyku\u0142u Wagary z Omen\u0105 Mensah i Rafa\u0142em Brzosk\u0105 osi\u0105gn\u0119\u0142y ju\u017c cen\u0119 201 tys. 250 z\u0142. Licytowa\u0107 mo\u017cna <a rel=\"nofollow noopener\" href=\"https:\/\/allegro.pl\/oferta\/wagary-z-omena-mensah-i-rafalem-brzoska-18257204331\" id=\"0baea06f-dea5-494e-a43a-c1f635d960a5\" target=\"_blank\">pod tym linkiem<\/a>.<\/p>\n<p class=\"ods-c-paragraph \">Fundacja WO\u015aP to ciesz\u0105ca si\u0119 ogromnym zaufaniem spo\u0142ecznym organizacja pozarz\u0105dowa w Polsce. Za\u0142o\u017cona zosta\u0142a przez Jurka Owsiaka w 1993 r. Od tego czasu co roku w styczniu organizuje zbi\u00f3rk\u0119 pieni\u0119dzy, nazywan\u0105 Fina\u0142em WO\u015aP.<\/p>\n<p class=\"ods-c-paragraph \">Za zebrane \u015brodki Fundacja kupuje i przekazuje w darze szpitalom w Polsce najnowocze\u015bniejszy sprz\u0119t medyczny. Do tej pory, w trakcie 32 Fina\u0142\u00f3w, Orkiestra zebra\u0142a blisko 2,6 mld z\u0142. Kupi\u0142a za to i przekaza\u0142a polskiej s\u0142u\u017cbie zdrowia ponad 75 tys. urz\u0105dze\u0144 medycznych.<\/p>\n","protected":false},"excerpt":{"rendered":"Ju\u017c w najbli\u017csz\u0105 niedziel\u0119 34. Fina\u0142 Wielkiej Orkiestry \u015awi\u0105tecznej Pomocy. Tym razem Fundacja Jurka Owsiaka i tysi\u0105ce jej&hellip;\n","protected":false},"author":2,"featured_media":221771,"comment_status":"","ping_status":"","sticky":false,"template":"","format":"standard","meta":{"footnotes":""},"categories":[5],"tags":[23190,41200,32,33,212,36,37,205,27,24148,1654,34,35,28,31,48,25,1114,46,42,38,40,39,41,1118,16970,300,41201,23859,47,29,30,435,26,24147],"class_list":{"0":"post-221770","1":"post","2":"type-post","3":"status-publish","4":"format-standard","5":"has-post-thumbnail","7":"category-naglowki","8":"tag-aukcje","9":"tag-aukcje_internetowe","10":"tag-breaking-news","11":"tag-breakingnews","12":"tag-donald_tusk","13":"tag-featured-news","14":"tag-featurednews","15":"tag-fiat","16":"tag-headlines","17":"tag-jerzy_owsiak","18":"tag-julia_wieniawa","19":"tag-latest-news","20":"tag-latestnews","21":"tag-naglowki","22":"tag-najwazniejsze-artykuly","23":"tag-nat_styl","24":"tag-news","25":"tag-omenaa_mensah","26":"tag-omp","27":"tag-pl","28":"tag-poland","29":"tag-polish","30":"tag-polska","31":"tag-polski","32":"tag-radoslaw_sikorski","33":"tag-rafal_brzoska","34":"tag-robert_lewandowski","35":"tag-ronaldinho","36":"tag-rower","37":"tag-screening_general","38":"tag-top-stories","39":"tag-topstories","40":"tag-warszawa","41":"tag-wiadomosci","42":"tag-wosp"},"share_on_mastodon":{"url":"","error":"Validation failed: Text character limit of 500 exceeded"},"_links":{"self":[{"href":"https:\/\/www.europesays.com\/pl\/wp-json\/wp\/v2\/posts\/221770","targetHints":{"allow":["GET"]}}],"collection":[{"href":"https:\/\/www.europesays.com\/pl\/wp-json\/wp\/v2\/posts"}],"about":[{"href":"https:\/\/www.europesays.com\/pl\/wp-json\/wp\/v2\/types\/post"}],"author":[{"embeddable":true,"href":"https:\/\/www.europesays.com\/pl\/wp-json\/wp\/v2\/users\/2"}],"replies":[{"embeddable":true,"href":"https:\/\/www.europesays.com\/pl\/wp-json\/wp\/v2\/comments?post=221770"}],"version-history":[{"count":0,"href":"https:\/\/www.europesays.com\/pl\/wp-json\/wp\/v2\/posts\/221770\/revisions"}],"wp:featuredmedia":[{"embeddable":true,"href":"https:\/\/www.europesays.com\/pl\/wp-json\/wp\/v2\/media\/221771"}],"wp:attachment":[{"href":"https:\/\/www.europesays.com\/pl\/wp-json\/wp\/v2\/media?parent=221770"}],"wp:term":[{"taxonomy":"category","embeddable":true,"href":"https:\/\/www.europesays.com\/pl\/wp-json\/wp\/v2\/categories?post=221770"},{"taxonomy":"post_tag","embeddable":true,"href":"https:\/\/www.europesays.com\/pl\/wp-json\/wp\/v2\/tags?post=221770"}],"curies":[{"name":"wp","href":"https:\/\/api.w.org\/{rel}","templated":true}]}}