{"id":221793,"date":"2026-01-23T21:24:10","date_gmt":"2026-01-23T21:24:10","guid":{"rendered":"https:\/\/www.europesays.com\/pl\/221793\/"},"modified":"2026-01-23T21:24:10","modified_gmt":"2026-01-23T21:24:10","slug":"znamy-koncertowe-stawki-skolima-menedzer-nagle-wspomnial-o-helikopterze","status":"publish","type":"post","link":"https:\/\/www.europesays.com\/pl\/221793\/","title":{"rendered":"Znamy koncertowe stawki Skolima. Mened\u017cer nagle wspomnia\u0142 o helikopterze"},"content":{"rendered":"<p class=\"Paragraph_desktopParagraph__U31Gm\"><a href=\"https:\/\/plejada.pl\/temat\/skolim\/vxt7jl3\" id=\"1473ab83-c369-46a5-a91b-fb7a139a82c8\" rel=\"nofollow noopener\" target=\"_blank\">Skolim<\/a> jest jednym z najch\u0119tniej s\u0142uchanych artyst\u00f3w w Polsce. Przeb\u00f3j &#8222;Wygl\u0105dasz idealnie&#8221; otworzy\u0142 mu drzwi do muzycznej kariery, a kolejne utwory tylko umocni\u0142y jego pozycj\u0119 na rynku. Popularno\u015b\u0107 przek\u0142ada si\u0119 na zainteresowanie koncertami \u2014 fani wype\u0142niaj\u0105 sale, a Skolim potrafi zagra\u0107 nawet kilka wyst\u0119p\u00f3w dziennie.<\/p>\n<ul class=\"OchatFollowUps_wrapper__1ry7X\">\n<li class=\"OchatFollowUps_item__Dhyly OchatFollowUps_itemDesktop__R6aBv\">Jakie s\u0105 stawki Skolima za koncerty?<\/li>\n<li class=\"OchatFollowUps_item__Dhyly OchatFollowUps_itemDesktop__R6aBv\">Czy Skolim wyst\u0119puje na weselach?<\/li>\n<li class=\"OchatFollowUps_item__Dhyly OchatFollowUps_itemDesktop__R6aBv\">Czy stawki za koncerty Skolima s\u0105 sta\u0142e?<\/li>\n<li class=\"OchatFollowUps_item__Dhyly OchatFollowUps_itemDesktop__R6aBv\">Jakie czynniki wp\u0142ywaj\u0105 na zarobki Skolima?<\/li>\n<\/ul>\n<p>Tyle Skolim zarabia za jeden koncert. Mened\u017cer si\u0119 wygada\u0142 <\/p>\n<p class=\"Paragraph_desktopParagraph__U31Gm\">W rozmowie z radiem VOX FM mened\u017cer Skolima, Wojciech Woner, nie pozostawia w\u0105tpliwo\u015bci. Skolim nie ma jednej, sztywnej stawki za koncert.<\/p>\n<blockquote>\n<p class=\"Paragraph_desktopParagraph__U31Gm\">Czasem mo\u017cemy zagra\u0107 za 20 tysi\u0119cy z\u0142otych, a czasem za 40 tysi\u0119cy. Wszystko zale\u017cy od miejsca, terminu i logistyki<\/p>\n<\/blockquote>\n<p class=\"Paragraph_desktopParagraph__U31Gm\">\u2014 t\u0142umaczy\u0142.<\/p>\n<p class=\"Paragraph_desktopParagraph__U31Gm\">Jak podkre\u015bla, ostateczna kwota jest zawsze ustalana indywidualnie. &#8222;Czy gramy gdzie\u015b w pobli\u017cu, jak wygl\u0105da dojazd \u2014 samochodem czy helikopterem \u2014 to wszystko ma znaczenie&#8221; \u2014 dodaje.<\/p>\n<p class=\"Paragraph_desktopParagraph__U31Gm\">Przypomnijmy, \u017ce Skolim nie uzale\u017cnia swoich zarobk\u00f3w wy\u0142\u0105cznie do sceny. W ostatnich miesi\u0105cach g\u0142o\u015bno by\u0142o o jego w\u0142asnej stacji benzynowej oraz autorskiej marce perfum. Coraz wi\u0119kszym zainteresowaniem cieszy si\u0119 tak\u017ce nadmorska willa muzyka w Mi\u0119dzyzdrojach, w kt\u00f3rej mo\u017cna wynaj\u0105\u0107 nocleg.<\/p>\n<p class=\"Paragraph_desktopParagraph__U31Gm\">Jak zdradzi\u0142 kilka miesi\u0119cy temu Wojciech Woner w rozmowie z &#8222;Faktem&#8221;, Skolim wyst\u0119puje r\u00f3wnie\u017c na weselach. Taka atrakcja to koszt od 25 tys. z\u0142 za 30-minutowy koncert.<\/p>\n<p><img decoding=\"async\" class=\"Image_image__0tuHp Image_autoHeight__f2n87 \" height=\"587\" width=\"882\" src=\"https:\/\/www.europesays.com\/pl\/wp-content\/uploads\/2026\/01\/Jl7k9kpTURBXy8yNjEwNGQ3M2UwNDY0MmJkN2ZiYmNkY2I2MzI5YmRlYy5qcGeSlQLNA6wAwsOVAgDNAkvCw94AA6EwAaExAaEzw.jpeg\" alt=\"Skolim\" loading=\"lazy\" \/>Piotr Andrzejczak \/ MW Media<\/p>\n<p>Skolim<\/p>\n<p class=\"Paragraph_desktopParagraph__U31Gm\">Dzi\u0119kujemy, \u017ce przeczyta\u0142a\u015b\/e\u015b nasz artyku\u0142 do ko\u0144ca. W serwisie Plejada.pl ka\u017cdego dnia piszemy o najwa\u017cniejszych wydarzeniach show-biznesowych. B\u0105d\u017a na bie\u017c\u0105co! <a rel=\"nofollow noopener\" href=\"https:\/\/profile.google.com\/cp\/Cg0vZy8xMWJ6X19wdHBx\" id=\"30d4e5c4-3077-47b2-8360-55c1858c3037\" target=\"_blank\">Obserwuj<\/a> Plejad\u0119 w Google. Odwied\u017a nas tak\u017ce na <a rel=\"nofollow noopener\" href=\"https:\/\/www.facebook.com\/plejadapl\" id=\"1329239e-29a1-42d0-b41f-a27d33bc9571\" target=\"_blank\">Facebooku<\/a>, <a rel=\"nofollow noopener\" href=\"https:\/\/www.instagram.com\/plejadapl\/\" id=\"eb8c01fe-9acc-4b8e-83d8-fa25192af5e0\" target=\"_blank\">Instagramie<\/a>, <a rel=\"nofollow noopener\" href=\"https:\/\/www.youtube.com\/c\/plejada\" id=\"6387517b-c93d-4971-a689-266fe3d92d32\" target=\"_blank\">YouTubie<\/a> oraz <a rel=\"nofollow noopener\" href=\"https:\/\/www.tiktok.com\/@plejada_pl\" id=\"4ae3fe1b-4df6-4ead-ad11-733152ee03ce\" target=\"_blank\">TikToku<\/a>.<\/p>\n<p class=\"Paragraph_desktopParagraph__U31Gm\">Chcesz podzieli\u0107 si\u0119 ciekawym newsem lub zaproponowa\u0107 temat? Skontaktuj si\u0119 z nami, pisz\u0105c maila na adres: <a href=\"https:\/\/www.onet.pl\/styl-zycia\/plejada\/znamy-koncertowe-stawki-skolima-menedzer-nagle-wspomnial-o-helikopterze\/mailto:plejada@redakcjaonet.pl\" id=\"25e7c905-c63e-43be-9822-c2241bedac9a\" rel=\"nofollow noopener\" target=\"_blank\">plejada@redakcjaon<\/a><a rel=\"nofollow noopener\" href=\"http:\/\/et.pl\" id=\"1f15ee63-676f-4384-8301-d2e4aefcb64c\" target=\"_blank\">et.pl<\/a>.<\/p>\n<p><script async src=\"\/\/www.instagram.com\/embed.js\"><\/script><script async src=\"\/\/www.tiktok.com\/embed.js\"><\/script><\/p>\n","protected":false},"excerpt":{"rendered":"Skolim jest jednym z najch\u0119tniej s\u0142uchanych artyst\u00f3w w Polsce. Przeb\u00f3j &#8222;Wygl\u0105dasz idealnie&#8221; otworzy\u0142 mu drzwi do muzycznej kariery,&hellip;\n","protected":false},"author":2,"featured_media":221794,"comment_status":"","ping_status":"","sticky":false,"template":"","format":"standard","meta":{"footnotes":""},"categories":[22],"tags":[122,67,261,53,52,68,51,55,4707,42,38,40,39,41,123,47,6566,65,50],"class_list":{"0":"post-221793","1":"post","2":"type-post","3":"status-publish","4":"format-standard","5":"has-post-thumbnail","7":"category-rozrywka","8":"tag-entertainment","9":"tag-intextvideo_splayer","10":"tag-kultura","11":"tag-new_header","12":"tag-onet3","13":"tag-onet3d","14":"tag-onet3d_2i","15":"tag-phx","16":"tag-pieniadze_pieniadz_finanse","17":"tag-pl","18":"tag-poland","19":"tag-polish","20":"tag-polska","21":"tag-polski","22":"tag-rozrywka","23":"tag-screening_general","24":"tag-skolim","25":"tag-update_me","26":"tag-v2021"},"share_on_mastodon":{"url":"https:\/\/pubeurope.com\/@pl\/115946524685478886","error":""},"_links":{"self":[{"href":"https:\/\/www.europesays.com\/pl\/wp-json\/wp\/v2\/posts\/221793","targetHints":{"allow":["GET"]}}],"collection":[{"href":"https:\/\/www.europesays.com\/pl\/wp-json\/wp\/v2\/posts"}],"about":[{"href":"https:\/\/www.europesays.com\/pl\/wp-json\/wp\/v2\/types\/post"}],"author":[{"embeddable":true,"href":"https:\/\/www.europesays.com\/pl\/wp-json\/wp\/v2\/users\/2"}],"replies":[{"embeddable":true,"href":"https:\/\/www.europesays.com\/pl\/wp-json\/wp\/v2\/comments?post=221793"}],"version-history":[{"count":0,"href":"https:\/\/www.europesays.com\/pl\/wp-json\/wp\/v2\/posts\/221793\/revisions"}],"wp:featuredmedia":[{"embeddable":true,"href":"https:\/\/www.europesays.com\/pl\/wp-json\/wp\/v2\/media\/221794"}],"wp:attachment":[{"href":"https:\/\/www.europesays.com\/pl\/wp-json\/wp\/v2\/media?parent=221793"}],"wp:term":[{"taxonomy":"category","embeddable":true,"href":"https:\/\/www.europesays.com\/pl\/wp-json\/wp\/v2\/categories?post=221793"},{"taxonomy":"post_tag","embeddable":true,"href":"https:\/\/www.europesays.com\/pl\/wp-json\/wp\/v2\/tags?post=221793"}],"curies":[{"name":"wp","href":"https:\/\/api.w.org\/{rel}","templated":true}]}}