{"id":221911,"date":"2026-01-23T23:01:09","date_gmt":"2026-01-23T23:01:09","guid":{"rendered":"https:\/\/www.europesays.com\/pl\/221911\/"},"modified":"2026-01-23T23:01:09","modified_gmt":"2026-01-23T23:01:09","slug":"kolejny-transfer-z-bialegostoku-obronca-moze-odejsc-do-klubu-z-mls","status":"publish","type":"post","link":"https:\/\/www.europesays.com\/pl\/221911\/","title":{"rendered":"Kolejny transfer z Bia\u0142egostoku? Obro\u0144ca mo\u017ce odej\u015b\u0107 do klubu z MLS"},"content":{"rendered":"<p data-start=\"0\" data-end=\"187\">Dusan Stojinovi\u0107 stoi przed\u00a0realn\u0105 szans\u0105 na\u00a0zmian\u0119 barw klubowych. Defensorem Jagiellonii Bia\u0142ystok bardzo mocno zainteresowany jest zesp\u00f3\u0142 MLS \u2013 Orlando City.<\/p>\n<p data-start=\"189\" data-end=\"572\">Zimowe okno transferowe ju\u017c przynios\u0142o spore zmiany w\u00a0bia\u0142ostockim klubie. Na\u00a0pocz\u0105tku stycznia z\u00a0Jagielloni\u0105 po\u017cegna\u0142 si\u0119 Oskar Pietuszewski, kt\u00f3ry\u00a0przeni\u00f3s\u0142 si\u0119 do\u00a0FC Porto. Kilka dni p\u00f3\u017aniej rozwi\u0105zano r\u00f3wnie\u017c umow\u0119 z\u00a0Alejandro Cantero. Wszystko wskazuje jednak na\u00a0to, \u017ce\u00a0to\u00a0nie\u00a0koniec roszad kadrowych. Jak informuje portal Meczyki, z\u00a0Podlasia mo\u017ce odej\u015b\u0107 tak\u017ce jeden ze\u00a0\u015brodkowych obro\u0144c\u00f3w \u2013 Dusan Stojinovi\u0107.<\/p>\n<p>Stojinovi\u0107 na\u00a0celowniku klubu z\u00a0MLS. Kolejny transfer z\u00a0Bia\u0142egostoku?<\/p>\n<p data-start=\"574\" data-end=\"857\">S\u0142owe\u0144ski pi\u0142karz znalaz\u0142 si\u0119 wysoko na\u00a0li\u015bcie transferowych priorytet\u00f3w Orlando City. Ameryka\u0144ski klub chcia\u0142by sfinalizowa\u0107 jego transfer jeszcze podczas trwaj\u0105cego zimowego okna. Wed\u0142ug informacji p\u0142yn\u0105cych ze\u00a0Stan\u00f3w Zjednoczonych rozmowy s\u0105\u00a0zaawansowane i\u00a0zbli\u017caj\u0105 si\u0119 do\u00a0fina\u0142u.<\/p>\n<p data-start=\"859\" data-end=\"1077\">Stojinovi\u0107 reprezentuje barwy Jagiellonii od\u00a02023 roku. Do\u00a0tej\u00a0pory wyst\u0105pi\u0142 w\u00a088 spotkaniach, w\u00a0kt\u00f3rych\u00a0strzeli\u0142 jednego gola i\u00a0do\u0142o\u017cy\u0142 dwie asysty. Jego trafienie pad\u0142o w\u00a0meczu Ligi Konferencji przeciwko Strasbourgowi.<\/p>\n<p data-start=\"1079\" data-end=\"1312\" data-is-last-node=\"\" data-is-only-node=\"\">Ewentualne odej\u015bcie 25-latka znacz\u0105co wp\u0142yn\u0119\u0142oby na\u00a0sytuacj\u0119 kadrow\u0105 Dumy Podlasia. W\u00a0przypadku \u015brodkowych obro\u0144c\u00f3w trener Adrian Siemieniec mia\u0142by do\u00a0dyspozycji jedynie Bernardo Vitala, Yukiego Kobayashiego oraz\u00a0Andy\u2019ego Pelmarda.<\/p>\n<p>CZYTAJ WI\u0118CEJ NA\u00a0WESZ\u0141O:<\/p>\n<p>fot.\u00a0Newspix<\/p>\n","protected":false},"excerpt":{"rendered":"Dusan Stojinovi\u0107 stoi przed\u00a0realn\u0105 szans\u0105 na\u00a0zmian\u0119 barw klubowych. Defensorem Jagiellonii Bia\u0142ystok bardzo mocno zainteresowany jest zesp\u00f3\u0142 MLS \u2013&hellip;\n","protected":false},"author":2,"featured_media":221912,"comment_status":"","ping_status":"","sticky":false,"template":"","format":"standard","meta":{"footnotes":""},"categories":[24],"tags":[41226,2615,16673,41227,42,38,40,39,41,127,126],"class_list":{"0":"post-221911","1":"post","2":"type-post","3":"status-publish","4":"format-standard","5":"has-post-thumbnail","7":"category-sport","8":"tag-dusan-stojinovic","9":"tag-jagiellonia-bialystok","10":"tag-mls","11":"tag-orlando-city","12":"tag-pl","13":"tag-poland","14":"tag-polish","15":"tag-polska","16":"tag-polski","17":"tag-sport","18":"tag-sports"},"share_on_mastodon":{"url":"https:\/\/pubeurope.com\/@pl\/115946906111639904","error":""},"_links":{"self":[{"href":"https:\/\/www.europesays.com\/pl\/wp-json\/wp\/v2\/posts\/221911","targetHints":{"allow":["GET"]}}],"collection":[{"href":"https:\/\/www.europesays.com\/pl\/wp-json\/wp\/v2\/posts"}],"about":[{"href":"https:\/\/www.europesays.com\/pl\/wp-json\/wp\/v2\/types\/post"}],"author":[{"embeddable":true,"href":"https:\/\/www.europesays.com\/pl\/wp-json\/wp\/v2\/users\/2"}],"replies":[{"embeddable":true,"href":"https:\/\/www.europesays.com\/pl\/wp-json\/wp\/v2\/comments?post=221911"}],"version-history":[{"count":0,"href":"https:\/\/www.europesays.com\/pl\/wp-json\/wp\/v2\/posts\/221911\/revisions"}],"wp:featuredmedia":[{"embeddable":true,"href":"https:\/\/www.europesays.com\/pl\/wp-json\/wp\/v2\/media\/221912"}],"wp:attachment":[{"href":"https:\/\/www.europesays.com\/pl\/wp-json\/wp\/v2\/media?parent=221911"}],"wp:term":[{"taxonomy":"category","embeddable":true,"href":"https:\/\/www.europesays.com\/pl\/wp-json\/wp\/v2\/categories?post=221911"},{"taxonomy":"post_tag","embeddable":true,"href":"https:\/\/www.europesays.com\/pl\/wp-json\/wp\/v2\/tags?post=221911"}],"curies":[{"name":"wp","href":"https:\/\/api.w.org\/{rel}","templated":true}]}}