{"id":222088,"date":"2026-01-24T01:39:06","date_gmt":"2026-01-24T01:39:06","guid":{"rendered":"https:\/\/www.europesays.com\/pl\/222088\/"},"modified":"2026-01-24T01:39:06","modified_gmt":"2026-01-24T01:39:06","slug":"wojsko-wladimira-putina-atakuje-byly-wiceprezes-wisly-krakow-alarmuje-z-charkowa","status":"publish","type":"post","link":"https:\/\/www.europesays.com\/pl\/222088\/","title":{"rendered":"Wojsko W\u0142adimira Putina atakuje. By\u0142y wiceprezes Wis\u0142y Krak\u00f3w alarmuje z Charkowa"},"content":{"rendered":"<p class=\"ods-c-paragraph \">W pi\u0105tek wieczorem agencja Reutera poinformowa\u0142a, \u017ce zako\u0144czy\u0142 si\u0119 pierwszy dzie\u0144 rozm\u00f3w USA, Ukrainy i Rosji w Abu Zabi na temat wojny w Ukrainie. Wed\u0142ug \u017ar\u00f3d\u0142a w Bia\u0142ym Domu ukrai\u0144skiej stacji Suspilne &#8222;rozmowy by\u0142y produktywne&#8221;.<\/p>\n<p> Dalszy ci\u0105g artyku\u0142u pod materia\u0142em wideo    <\/p>\n<p> Jakie miasta zosta\u0142y zaatakowane przez wojsko Putina? <\/p>\n<p> Kto alarmowa\u0142 o sytuacji w Charkowie? <\/p>\n<p> Jakie obiekty zosta\u0142y trafione w Kijowie? <\/p>\n<p> Czy rozmowy pokojowe w Abu Zabi zako\u0144czy\u0142y si\u0119 sukcesem? <\/p>\n<p class=\"ods-c-paragraph \">Trwaj\u0105ce rozmowy pokojowe nie sk\u0142oni\u0142y Rosjan do zaprzestania atak\u00f3w na Ukrain\u0119. &#8222;S\u0142ycha\u0107 wiele wybuch\u00f3w w Kijowie. Wygl\u0105da na pot\u0119\u017cny ostrza\u0142. Zobaczymy rano, jak Kreml widzi \u00bbpok\u00f3j z widokiem na wojn\u0119\u00ab. S\u0142ysz\u0119 za oknem bas. To ewidentnie nie jest dyskoteka. Ch\u0119tnych na tak\u0105 imprez\u0119, zapraszamy&#8221; \u2014 pisa\u0142 Piotr Kaszuwara.<\/p>\n<p class=\"ods-c-paragraph \">Kilka minut p\u00f3\u017aniej przekaza\u0142 informacje z Charkowa. Przebywa tam Jerzy Jurczy\u0144ski, by\u0142y wiceprezes i rzecznik prasowy Wis\u0142y Krak\u00f3w. <a href=\"https:\/\/przegladsportowy.onet.pl\/pilka-nozna\/wielki-eksperyment-rosjan-w-ukrainie-wyciagneli-brutalne-wnioski\/xdje9m2\" id=\"67db966f-01a2-4901-99f1-d84c563124ff\" rel=\"nofollow noopener\" target=\"_blank\">Porzuci\u0142 on wygodne \u017cycie i uda\u0142 si\u0119 do Ukrainy, do Charkowa, by niemal na pierwszej linii frontu ratowa\u0107 zwyk\u0142ych ludzi.<\/a> Na miejsca tragedii je\u017adzi z ukrai\u0144skimi stra\u017cakami i codziennie ryzykuje swoje \u017cycie.<\/p>\n<p>Chark\u00f3w i Kij\u00f3w pod ostrza\u0142em. Pociski spad\u0142y na szpital<\/p>\n<p class=\"ods-c-paragraph \">&#8222;Nasza rzeczywisto\u015b\u0107. Przed chwil\u0105 rozmawiali\u015bmy z Jurkiem Jurczy\u0144skim przez telefon. Godzin\u0119 temu \u017cyczyli\u015bmy sobie spokojnej nocy. Minut\u0119 temu Jurek wysy\u0142a\u0142 mi wideo i m\u00f3wi: \u00bbmamy zmasowany atak na Chark\u00f3w\u00ab, bo Jurek jest tam stra\u017cakiem. M\u00f3wi\u0119: \u00bbu nas to samo, s\u0142ysz\u0119 wybuch za wybuchem\u00ab. Po nas te\u017c bij\u0105 Rosjanie. To pocz\u0105tek trudnej nocy. Jednej z setek&#8221; \u2014 relacjonowa\u0142 Kaszuwara. <\/p>\n<p class=\"ods-c-paragraph \">W Charkowie mia\u0142 zosta\u0107 trafiony szpital, porod\u00f3wka i akademik dla uchod\u017ac\u00f3w.<\/p>\n<p class=\"ods-c-paragraph \">.&#8221;Elektrociep\u0142ownia nr 5 i 6 zosta\u0142y trafione w Kijowie&#8221; \u2014 napisa\u0142 z kolei analityk geopolityczny Artur Micek. &#8222;Wytwarzanie energii elektrycznej w Kijowie zosta\u0142o niemal wstrzymane \u2014 donosz\u0105 lokalne media&#8221; \u2014 doda\u0142 w kolejnym wpisie.<\/p>\n<p class=\"ods-c-paragraph \">Micek oceni\u0142, \u017ce &#8222;obecny atak na Kij\u00f3w jest jednym z najwi\u0119kszych od wielu miesi\u0119cy, albo przynajmniej w pierwszej tr\u00f3jce&#8221;.<\/p>\n<p class=\"ods-c-paragraph \">&#8222;Trwa zmasowany rosyjski atak z powietrza na Kij\u00f3w. W mie\u015bcie s\u0142ycha\u0107 kolejne eksplozje. Najpierw nast\u0105pi\u0142a fala dron\u00f3w, a nast\u0119pnie uderzenie rakietami balistycznymi, w tym \u2014 jak informuj\u0105 ukrai\u0144skie media \u2014 dwoma pociskami &#8222;Cyrkon&#8221;, a tak\u017ce pociskami manewruj\u0105cymi. Atakowano przede wszystkim lewy brzeg Kijowa, gdzie sytuacja z pr\u0105dem, ogrzewaniem i wod\u0105 do tej pory by\u0142a najtrudniejsza. Alarm trwa w ca\u0142ej Ukrainie. Rosjanie ostrzelali szereg ukrai\u0144skich miast, powoduj\u0105c po\u017cary m.in. w Charkowie&#8221; \u2014 pisa\u0142 by\u0142y korespondent TVP w Kijowie Mateusz Lachowski.<\/p>\n<p class=\"ods-c-paragraph \">Doniesienia te potwierdzi\u0142a ukrai\u0144ska ekspertka ds. bezpiecze\u0144stwa Maria Avdeeva na X. &#8222;Rosja masowo atakuje Ukrain\u0119 zaraz po pierwszym dniu rozm\u00f3w w Abu Zabi. Niebo pe\u0142ne dron\u00f3w. 12 eksplozji w Charkowie w ci\u0105gu 15 minut. Roje dron\u00f3w zmierzaj\u0105 w kierunku Kijowa&#8221; \u2014 napisa\u0142a na X.<\/p>\n<p class=\"ods-c-paragraph \">Szef Kijowskiej Miejskiej Administracji Wojskowej, Tymur Tkaczenko, zaapelowa\u0142 do mieszka\u0144c\u00f3w, by nie ignorowali sygna\u0142\u00f3w ostrzegawczych, niezw\u0142ocznie udali si\u0119 do schron\u00f3w i przebywali tam do czasu otrzymania wiadomo\u015bci o odwo\u0142aniu alarmu lotniczego.<\/p>\n<p class=\"ods-c-paragraph \">Burmistrz Charkowa Ihor Terechow poinformowa\u0142 o uszkodzeniu przez rosyjskie drony budynk\u00f3w mieszkalnych i biurowych. Co najmniej 11 os\u00f3b zosta\u0142o rannych.<\/p>\n<p>Wojna w Ukrainie. Trwaj\u0105 negocjacje w Zjednoczonych Emiratach Arabskich<\/p>\n<p class=\"ods-c-paragraph \">W Zjednoczonych Emiratach Arabskich odby\u0142y si\u0119 ju\u017c pierwsze rozmowy przedstawicieli Ukrainy, USA i Rosji w sprawie mo\u017cliwego porozumienia pokojowego; na razie jeszcze za wcze\u015bnie na wnioski \u2014 <a href=\"https:\/\/wiadomosci.onet.pl\/swiat\/pierwsze-takie-rozmowy-od-ponad-roku-ruszylo-spotkanie-w-sprawie-ukrainy\/t85tqwv\" id=\"47c31fe6-4e59-4785-876e-bab8aaa9cce0\" rel=\"nofollow noopener\" target=\"_blank\">powiadomi\u0142 w pi\u0105tek wieczorem ukrai\u0144ski prezydent Wo\u0142odymyr Ze\u0142enski.<\/a><\/p>\n<p class=\"ods-c-paragraph \">&#8222;Je\u015bli chodzi o tre\u015b\u0107 rozm\u00f3w, dzi\u015b jest jeszcze za wcze\u015bnie, by wyci\u0105ga\u0107 wnioski \u2014 zobaczymy, jak rozmowa potoczy si\u0119 jutro i jakie b\u0119d\u0105 jej wyniki. Trzeba, aby nie tylko po stronie ukrai\u0144skiej by\u0142o pragnienie zako\u0144czenia tej wojny i osi\u0105gni\u0119cia pe\u0142nego bezpiecze\u0144stwa \u2014 (trzeba), aby po stronie Rosji r\u00f3wnie\u017c narodzi\u0142o si\u0119 w jaki\u015b spos\u00f3b podobne pragnienie&#8221; \u2014 napisa\u0142 Ze\u0142enski na platformach spo\u0142eczno\u015bciowych.<\/p>\n<p class=\"ods-c-paragraph \">Poinformowa\u0142, \u017ce niemal co godzin\u0119 otrzymuje raporty na temat rozm\u00f3w od swoich przedstawicieli, kt\u00f3rzy prowadz\u0105 negocjacje w Abu Zabi. &#8222;Rozmawiaj\u0105 o parametrach zako\u0144czenia wojny. Teraz powinni mie\u0107 przynajmniej cz\u0119\u015b\u0107 odpowiedzi ze strony Rosji, a najwa\u017cniejsze jest to, aby Rosja by\u0142a gotowa zako\u0144czy\u0107 t\u0119 wojn\u0119, kt\u00f3r\u0105 sama rozpocz\u0119\u0142a&#8221; \u2014 podkre\u015bli\u0142.<\/p>\n<p class=\"ods-c-paragraph \">Bia\u0142y Dom powiadomi\u0142 w czwartek, \u017ce negocjatorami po stronie ameryka\u0144skiej s\u0105: specjalny wys\u0142annik ds. misji pokojowych Steve Witkoff, zi\u0119\u0107 prezydenta Donalda Trumpa Jared Kushner i wiceszef Pentagonu ds. si\u0142 l\u0105dowych Dan Driscoll.<\/p>\n<p class=\"ods-c-paragraph \">Witkoff i Kushner spotkali si\u0119 w pi\u0105tek wieczorem w Moskwie z Putinem oraz jego doradcami Kiri\u0142\u0142em Dmitrijewem i Jurijem Uszakowem. Doradcy Putina powiedzieli po spotkaniu, \u017ce rozmowa by\u0142a &#8222;konstruktywna i wa\u017cna&#8221;, ale nie przekazali dalszych szczeg\u00f3\u0142\u00f3w.<\/p>\n<p class=\"ods-c-paragraph \">Wed\u0142ug rosyjskich medi\u00f3w Moskw\u0119 reprezentuj\u0105 specjalny wys\u0142annik Putina ds. inwestycji i wsp\u00f3\u0142pracy gospodarczej Kiri\u0142\u0142 Dmitrijew oraz szef wywiadu wojskowego GRU Igor Kostiukow.<\/p>\n","protected":false},"excerpt":{"rendered":"W pi\u0105tek wieczorem agencja Reutera poinformowa\u0142a, \u017ce zako\u0144czy\u0142 si\u0119 pierwszy dzie\u0144 rozm\u00f3w USA, Ukrainy i Rosji w Abu&hellip;\n","protected":false},"author":2,"featured_media":222089,"comment_status":"","ping_status":"","sticky":false,"template":"","format":"standard","meta":{"footnotes":""},"categories":[14],"tags":[32,33,27,76,34,35,28,31,48,25,46,40,41,87,47,80,29,30,415,26,2354,82,83,84],"class_list":{"0":"post-222088","1":"post","2":"type-post","3":"status-publish","4":"format-standard","5":"has-post-thumbnail","7":"category-swiat","8":"tag-breaking-news","9":"tag-breakingnews","10":"tag-headlines","11":"tag-inwazja_rosji_na_ukraine","12":"tag-latest-news","13":"tag-latestnews","14":"tag-naglowki","15":"tag-najwazniejsze-artykuly","16":"tag-nat_styl","17":"tag-news","18":"tag-omp","19":"tag-polish","20":"tag-polski","21":"tag-rosja","22":"tag-screening_general","23":"tag-swiat","24":"tag-top-stories","25":"tag-topstories","26":"tag-ukraina","27":"tag-wiadomosci","28":"tag-wisla_krakow","29":"tag-world","30":"tag-world-news","31":"tag-worldnews"},"share_on_mastodon":{"url":"https:\/\/pubeurope.com\/@pl\/115947527346464209","error":""},"_links":{"self":[{"href":"https:\/\/www.europesays.com\/pl\/wp-json\/wp\/v2\/posts\/222088","targetHints":{"allow":["GET"]}}],"collection":[{"href":"https:\/\/www.europesays.com\/pl\/wp-json\/wp\/v2\/posts"}],"about":[{"href":"https:\/\/www.europesays.com\/pl\/wp-json\/wp\/v2\/types\/post"}],"author":[{"embeddable":true,"href":"https:\/\/www.europesays.com\/pl\/wp-json\/wp\/v2\/users\/2"}],"replies":[{"embeddable":true,"href":"https:\/\/www.europesays.com\/pl\/wp-json\/wp\/v2\/comments?post=222088"}],"version-history":[{"count":0,"href":"https:\/\/www.europesays.com\/pl\/wp-json\/wp\/v2\/posts\/222088\/revisions"}],"wp:featuredmedia":[{"embeddable":true,"href":"https:\/\/www.europesays.com\/pl\/wp-json\/wp\/v2\/media\/222089"}],"wp:attachment":[{"href":"https:\/\/www.europesays.com\/pl\/wp-json\/wp\/v2\/media?parent=222088"}],"wp:term":[{"taxonomy":"category","embeddable":true,"href":"https:\/\/www.europesays.com\/pl\/wp-json\/wp\/v2\/categories?post=222088"},{"taxonomy":"post_tag","embeddable":true,"href":"https:\/\/www.europesays.com\/pl\/wp-json\/wp\/v2\/tags?post=222088"}],"curies":[{"name":"wp","href":"https:\/\/api.w.org\/{rel}","templated":true}]}}