{"id":222108,"date":"2026-01-24T02:10:09","date_gmt":"2026-01-24T02:10:09","guid":{"rendered":"https:\/\/www.europesays.com\/pl\/222108\/"},"modified":"2026-01-24T02:10:09","modified_gmt":"2026-01-24T02:10:09","slug":"aryna-sabalenka-przeszla-do-historii-kobiecego-tenisa-oto-co-zrobila-w-australian-open-przeglad-sportowy-onet","status":"publish","type":"post","link":"https:\/\/www.europesays.com\/pl\/222108\/","title":{"rendered":"Aryna Sabalenka przesz\u0142a do historii kobiecego tenisa. Oto co zrobi\u0142a w Australian Open &#8211; Przegl\u0105d Sportowy Onet"},"content":{"rendered":"<ol>\n<li><a href=\"https:\/\/news.google.com\/rss\/articles\/CBMi3AFBVV95cUxOUFNXZms4M0M5YVJCY193bi00NHNjTFh5ZlVpbVRlLTh0V1c0TXh6NW9zN092VDFyYnRNVEgyOHJ5NFJCcDg4NF91a1ZPYkM3bWs2ZXA4REViVFNJeHpIODU2RWpVbnl5aHVFNnlaTURabVdqU3E4UlJNNVhxVlQ2TzR2Tk5EYXlkRGdLc1dSVEFGWTJnTkEtalVjUmM3eU9lUm9rT1RyLWZvMmh5OGQtblpTbWk1aERPcmllVlNsZk9nRTR0Vlc3a3YxRDFNbnFiRUhDYUFrSVRSM0l6?oc=5\" target=\"_blank\" rel=\"nofollow noopener\">Aryna Sabalenka przesz\u0142a do historii kobiecego tenisa. Oto co zrobi\u0142a w Australian Open<\/a>&nbsp;&nbsp;Przegl\u0105d Sportowy Onet<\/li>\n<li><a href=\"https:\/\/news.google.com\/rss\/articles\/CBMi3AFBVV95cUxQUTJWODR3S3l6WHBwWnI2Vkpsb3lScWtYMFdDMzhITXJlY1FlYTA4Z2FTQk1ZUlBhVlJhS29MdGRCd3JBZE9UdUVxVTU0Z1FNX3R4TEk1YmYwcTZqRlp2c3FFTWRDeS1CNkcySmlhZGI5LURIZ0dPbjRidWphaW5telNoZElPVktlaFgwbG00LXRMUGg0SUtvbk1wc1BaZ3YzVnRqTVFKaUdrdDVFNmdIX3BLZkxyTVN3MDc3bUFEOUlsLWpTRGU2R2JpMFdwSWxnVVh3Q0lhN1VfeXF6?oc=5\" target=\"_blank\" rel=\"nofollow noopener\">Szok w Australii. Po 4:0 Aryna Sabalenka nie mog\u0142a nic zrobi\u0107. I ten tie-break!<\/a>&nbsp;&nbsp;Przegl\u0105d Sportowy Onet<\/li>\n<li><a href=\"https:\/\/news.google.com\/rss\/articles\/CBMirwFBVV95cUxNNWxKYUdLbmRFaTZzSVFCcUd4MVN1NUxKS24xWUNRZlRveUVDOVpLNXctcy1vTnFHMG9jSGtkMlVtR1ZydklHSkdtbTJTVXE0ZnkweWRDbDZHS3hwczVVQVFvY1ZnSHpEZi1Kd1BFd25jUy1xOGNWWkVNZjRLUUJSX212dGhMZGtZT3RpQUJ3NVBWMXY5QldRTVVGdl9NcnQ3OHFIM1FBRkRfM202d1dj?oc=5\" target=\"_blank\" rel=\"nofollow noopener\">Sensacyjny mecz Sabalenki! By\u0142o ju\u017c 4:0 w drugim secie i sta\u0142o si\u0119 to Tenis<\/a>&nbsp;&nbsp;Sport.pl<\/li>\n<li><a href=\"https:\/\/news.google.com\/rss\/articles\/CBMiwwFBVV95cUxNWFZLQ2pmeGVid3ZoX0Y4S2xlMGRyY09LQzRtNUJUbnMtVUNoaXhuQzBHekhqRnIyZEdyRFVjRzkyenltSzVGRVY2ZXpaN2NzN1NnQWZNSGVoMjhDam9weFZsSmwyc0hNZ1I4UUM2SHJEYktnN2JkckN4R0M3WmdEX0RIWWtZYTNKRVV2ekE4MUpqTFk5bjV2WGVDd2lSX0NFbk1jWjFpdjcyOVdLY1lKTnIzSnkxMVFZcE1pZmxVTTNxQnM?oc=5\" target=\"_blank\" rel=\"nofollow noopener\">Tytu\u0142 w US Open, w Melbourne nie b\u0119dzie. &#8222;1&#8221; za burt\u0105 Australian Open<\/a>&nbsp;&nbsp;Sport w INTERIA.PL<\/li>\n<li><a href=\"https:\/\/news.google.com\/rss\/articles\/CBMisAFBVV95cUxOWi14VTU2YW1mU0txNjRRMTNqRUlfSFpfMVM5eGdNVVgwZERDRG1QRXBWRjN4NXNncHA2MHFlUnpKTWVLSkgyeVZaU1dBcGFOSWJ4TVpWMk5tQnQzOTVrd1kwS1E4QXZBakZGSnRsRGc0am5DaWx2Q2dDNW96UzNnZnliZTQ1WkVhRnhOdjNiNVNMLTh5bGhpdy1yOW5xRzBKNHMyT3pDVmQ3Q1pWcnNKLQ?oc=5\" target=\"_blank\" rel=\"nofollow noopener\">M\u0119czarnie Sabalenki w Australii. Dwa tie-breaki, jeden po drugim<\/a>&nbsp;&nbsp;www.polsatsport.pl<\/li>\n<\/ol>\n","protected":false},"excerpt":{"rendered":"Aryna Sabalenka przesz\u0142a do historii kobiecego tenisa. Oto co zrobi\u0142a w Australian Open&nbsp;&nbsp;Przegl\u0105d Sportowy Onet Szok w Australii.&hellip;\n","protected":false},"author":2,"featured_media":222109,"comment_status":"","ping_status":"","sticky":false,"template":"","format":"standard","meta":{"footnotes":""},"categories":[24],"tags":[1352,12889,67,194,42,38,40,39,41,136,128,47,127,135,126,156,130,157],"class_list":{"0":"post-222108","1":"post","2":"type-post","3":"status-publish","4":"format-standard","5":"has-post-thumbnail","7":"category-sport","8":"tag-aryna_sabalenka","9":"tag-australian_open","10":"tag-intextvideo_splayer","11":"tag-maja","12":"tag-pl","13":"tag-poland","14":"tag-polish","15":"tag-polska","16":"tag-polski","17":"tag-ps_detal_new","18":"tag-psv2","19":"tag-screening_general","20":"tag-sport","21":"tag-sport_sport","22":"tag-sports","23":"tag-tenis","24":"tag-wiadomosci_sportowe","25":"tag-wta"},"share_on_mastodon":{"url":"https:\/\/pubeurope.com\/@pl\/115947649315015870","error":""},"_links":{"self":[{"href":"https:\/\/www.europesays.com\/pl\/wp-json\/wp\/v2\/posts\/222108","targetHints":{"allow":["GET"]}}],"collection":[{"href":"https:\/\/www.europesays.com\/pl\/wp-json\/wp\/v2\/posts"}],"about":[{"href":"https:\/\/www.europesays.com\/pl\/wp-json\/wp\/v2\/types\/post"}],"author":[{"embeddable":true,"href":"https:\/\/www.europesays.com\/pl\/wp-json\/wp\/v2\/users\/2"}],"replies":[{"embeddable":true,"href":"https:\/\/www.europesays.com\/pl\/wp-json\/wp\/v2\/comments?post=222108"}],"version-history":[{"count":0,"href":"https:\/\/www.europesays.com\/pl\/wp-json\/wp\/v2\/posts\/222108\/revisions"}],"wp:featuredmedia":[{"embeddable":true,"href":"https:\/\/www.europesays.com\/pl\/wp-json\/wp\/v2\/media\/222109"}],"wp:attachment":[{"href":"https:\/\/www.europesays.com\/pl\/wp-json\/wp\/v2\/media?parent=222108"}],"wp:term":[{"taxonomy":"category","embeddable":true,"href":"https:\/\/www.europesays.com\/pl\/wp-json\/wp\/v2\/categories?post=222108"},{"taxonomy":"post_tag","embeddable":true,"href":"https:\/\/www.europesays.com\/pl\/wp-json\/wp\/v2\/tags?post=222108"}],"curies":[{"name":"wp","href":"https:\/\/api.w.org\/{rel}","templated":true}]}}