{"id":222112,"date":"2026-01-24T02:17:07","date_gmt":"2026-01-24T02:17:07","guid":{"rendered":"https:\/\/www.europesays.com\/pl\/222112\/"},"modified":"2026-01-24T02:17:07","modified_gmt":"2026-01-24T02:17:07","slug":"nowa-praca-igi-swiatek-w-australian-open-az-trudno-uwierzyc-czym-sie-zajmuje-poza-kortem-przeglad-sportowy-onet","status":"publish","type":"post","link":"https:\/\/www.europesays.com\/pl\/222112\/","title":{"rendered":"Nowa praca Igi \u015awi\u0105tek w Australian Open. A\u017c trudno uwierzy\u0107, czym si\u0119 zajmuje poza kortem &#8211; Przegl\u0105d Sportowy Onet"},"content":{"rendered":"<ol>\n<li><a href=\"https:\/\/news.google.com\/rss\/articles\/CBMiyAFBVV95cUxQMVNDT3dvRlZlbENYTWk3bkNKMTdCb3U2YXo1Y1JJWDBFdnNLN1puZEV6RjlmNm5aWmh0R1FjVDJvSEdiNDNPbmUzZmsyVnFmanJRM193Qml1WGZLMFRnR1dleTNjbEQ4WFhidkJzbXRqa2lrbjdQSDE3VUVoakZ1UWhTSHJaTHhkTzEtYXNpeGh0WXhyY25SenFjak9tQ1B4c3M4UmJUZFVSRTFsQUROSTBWNUNKVUxuN2lCZVZKSmhJRG1uRzZkNg?oc=5\" target=\"_blank\" rel=\"nofollow noopener\">Nowa praca Igi \u015awi\u0105tek w Australian Open. A\u017c trudno uwierzy\u0107, czym si\u0119 zajmuje poza kortem<\/a>&nbsp;&nbsp;Przegl\u0105d Sportowy Onet<\/li>\n<li><a href=\"https:\/\/news.google.com\/rss\/articles\/CBMitgFBVV95cUxNaE9kUll4d3YzcHpPR2pNTE4tRjFfNTMzYUx1S0NURHBJVXBNdW82T0NqS212a3VsRklSckRZNTFrTERQV1JYN1l5YjRNMWhYcktwSE9FRll1RDBibGZqYkNUd0dpQTFYcWM0ZWlNRFZhRS1FZ3haOGlYMk9oV01NU1NfLXlyUTB0QVlTYU52WTdoTFlsbUt6ektuWVBaMjdLOXdYZy1DelBVVi1jZ2YxRm9USC1zdw?oc=5\" target=\"_blank\" rel=\"nofollow noopener\">Metamorfoza Igi \u015awi\u0105tek, wielkie poruszenie w Melbourne. Polacy jej nie poznali<\/a>&nbsp;&nbsp;Sport w INTERIA.PL<\/li>\n<li><a href=\"https:\/\/news.google.com\/rss\/articles\/CBMiugFBVV95cUxPN3ZnZUVSSUVZNXFRSWRnbU1EVEpSYWF5Z0dFUDRzOUFmbUJRZ2h4eVhJV1FKTXFETjN0LXFTZG1mT3JOOUhRN2M2SU0zQjVRU0FleERXV3Q4TmpFUXlhanN5a2JwNk45Z0lDOWk4NXBZWFNZT2p0WWE4a3lIUlFxNVVKSTNpZmphVzJGUVlabjBQX1JYa2FzcXZLREtXNjZlLWRaTW9uYk9WMi1OTWF4YURESlNOOUZUekE?oc=5\" target=\"_blank\" rel=\"nofollow noopener\">Iga \u015awi\u0105tek zamieni\u0142a serwis tenisowy na kelnerski. Zaskoczy\u0142a go\u015bci restauracji [WIDEO]<\/a>&nbsp;&nbsp;Plejada<\/li>\n<li><a href=\"https:\/\/news.google.com\/rss\/articles\/CBMifEFVX3lxTE52MTd3eXBZUHBzVDVuZ3NQYnpHaFN6V3JlenZCRFo5MHo3NEJCaWNWdHowRTE2d0lwUzJZLXpiZ1doNXYteDVHajgyN1FiRnZCNnhDZkk5aG04ZVRHRkdsZDF4RWJyMHFESGxUdjNhc1JVV29CZll6UXFmeFQ?oc=5\" target=\"_blank\" rel=\"nofollow noopener\">Poznajesz? Nagranie robi furor\u0119<\/a>&nbsp;&nbsp;SportoweFakty<\/li>\n<li><a href=\"https:\/\/news.google.com\/rss\/articles\/CBMisAFBVV95cUxOejJwSkFLX251cWZ2YS0tb21DMkc5VDAxVUxGZ3dzbjRLTjdUeTM2M1BLSThZRFlrU0xqY2FZcTliWkVvYTBVNUdSYm5lVlhMRFF4eXcxNTBuNlVFS3lwcXA0YzZmdThvZjlPN2lzVEwyY1I3RU1GUXNQTmlQeHRTbG8xMnJFckx6aFU3eDhPMFg0d2hnb3dtVDc1VXBNdmQ3Z09yNE5ubG16bmdqU25nRQ?oc=5\" target=\"_blank\" rel=\"nofollow noopener\">Iga \u015awi\u0105tek kelnerk\u0105! Takiego czego\u015b jeszcze nie widzieli\u015bcie<\/a>&nbsp;&nbsp;www.polsatsport.pl<\/li>\n<\/ol>\n","protected":false},"excerpt":{"rendered":"Nowa praca Igi \u015awi\u0105tek w Australian Open. A\u017c trudno uwierzy\u0107, czym si\u0119 zajmuje poza kortem&nbsp;&nbsp;Przegl\u0105d Sportowy Onet Metamorfoza&hellip;\n","protected":false},"author":2,"featured_media":222113,"comment_status":"","ping_status":"","sticky":false,"template":"","format":"standard","meta":{"footnotes":""},"categories":[24],"tags":[12889,252,67,129,42,38,40,39,41,136,128,47,127,135,126,156,130],"class_list":{"0":"post-222112","1":"post","2":"type-post","3":"status-publish","4":"format-standard","5":"has-post-thumbnail","7":"category-sport","8":"tag-australian_open","9":"tag-iga_swiatek","10":"tag-intextvideo_splayer","11":"tag-ofsajd","12":"tag-pl","13":"tag-poland","14":"tag-polish","15":"tag-polska","16":"tag-polski","17":"tag-ps_detal_new","18":"tag-psv2","19":"tag-screening_general","20":"tag-sport","21":"tag-sport_sport","22":"tag-sports","23":"tag-tenis","24":"tag-wiadomosci_sportowe"},"share_on_mastodon":{"url":"https:\/\/pubeurope.com\/@pl\/115947676798510263","error":""},"_links":{"self":[{"href":"https:\/\/www.europesays.com\/pl\/wp-json\/wp\/v2\/posts\/222112","targetHints":{"allow":["GET"]}}],"collection":[{"href":"https:\/\/www.europesays.com\/pl\/wp-json\/wp\/v2\/posts"}],"about":[{"href":"https:\/\/www.europesays.com\/pl\/wp-json\/wp\/v2\/types\/post"}],"author":[{"embeddable":true,"href":"https:\/\/www.europesays.com\/pl\/wp-json\/wp\/v2\/users\/2"}],"replies":[{"embeddable":true,"href":"https:\/\/www.europesays.com\/pl\/wp-json\/wp\/v2\/comments?post=222112"}],"version-history":[{"count":0,"href":"https:\/\/www.europesays.com\/pl\/wp-json\/wp\/v2\/posts\/222112\/revisions"}],"wp:featuredmedia":[{"embeddable":true,"href":"https:\/\/www.europesays.com\/pl\/wp-json\/wp\/v2\/media\/222113"}],"wp:attachment":[{"href":"https:\/\/www.europesays.com\/pl\/wp-json\/wp\/v2\/media?parent=222112"}],"wp:term":[{"taxonomy":"category","embeddable":true,"href":"https:\/\/www.europesays.com\/pl\/wp-json\/wp\/v2\/categories?post=222112"},{"taxonomy":"post_tag","embeddable":true,"href":"https:\/\/www.europesays.com\/pl\/wp-json\/wp\/v2\/tags?post=222112"}],"curies":[{"name":"wp","href":"https:\/\/api.w.org\/{rel}","templated":true}]}}