{"id":222411,"date":"2026-01-24T08:45:13","date_gmt":"2026-01-24T08:45:13","guid":{"rendered":"https:\/\/www.europesays.com\/pl\/222411\/"},"modified":"2026-01-24T08:45:13","modified_gmt":"2026-01-24T08:45:13","slug":"zalamanie-pogody-w-weekend-w-polsce-niz-przyniesie-sniezyce-10-15-cm-sniegu-i-gololedz","status":"publish","type":"post","link":"https:\/\/www.europesays.com\/pl\/222411\/","title":{"rendered":"Za\u0142amanie pogody w weekend w Polsce. Ni\u017c przyniesie \u015bnie\u017cyce 10-15 cm \u015bniegu i go\u0142oled\u017a"},"content":{"rendered":"<p>Niestety nie mam dla Was dobrych wie\u015bci. Do Polski zbli\u017ca si\u0119 za\u0142amanie pogody. W weekend z po\u0142udnia dotrze do nas o\u015brodek niskiego ci\u015bnienia, kt\u00f3ry przyniesie wszelkiem ma\u015bci opady, jakie mog\u0105\u00a0u nas wyst\u0119powa\u0107\u00a0w miesi\u0105cach zimowych. \u015anie\u017cyca przetoczy si\u0119 przez wiele region\u00f3w kraju. W innych regionach pada\u0142 b\u0119dzie deszcz ze \u015bniegiem. Wyst\u0105pi\u0105\u00a0r\u00f3wnie\u017c opady marzn\u0105ce, kt\u00f3re b\u0119d\u0105\u00a0najbardziej niebezpieczne poniewa\u017c\u00a0przynios\u0105\u00a0go\u0142oled\u017a. Na drogach i chodnikach w wielu regionach kraju zrobi si\u0119 niebezpiecznie. W dzisiejszej prognozie pogody sprawdzimy, gdzie w weekend pogoda b\u0119dzie najs\u0142absza. Popatrzymy r\u00f3wnie\u017c\u00a0na mapy opad\u00f3w na przysz\u0142y tydzie\u0144. Czy czeka nas d\u0142u\u017cszy nawr\u00f3t \u015bnie\u017cnej, nie tylko mro\u017anej zimy? Zapraszam na dzisiejsz\u0105 prognoz\u0119.<\/p>\n<p>Za\u0142amanie pogody w weekend. Co b\u0119dzie przyczyn\u0105? Sytuacja synoptyczna<\/p>\n<p>Na wst\u0119pie zobaczmy dlaczego w weekend czeka nas za\u0142amanie pogody w cz\u0119\u015bci kraju. Wyja\u015bni\u0107\u00a0to pomo\u017ce nam oczywi\u015bcie mapa synoptyczna, kt\u00f3r\u0105\u00a0zamieszczam poni\u017cej. Przez wiele ostatnich dni ca\u0142y kraj znajdowa\u0142 si\u0119 pod wp\u0142ywem o\u015brodka wysokiego ci\u015bnienia znad wschodniej Europy. Wy\u017c\u00a0ten przynosi\u0142 nam bardzo niskie temperatury na wschodzie kraju, jednak przynosi\u0142 nam r\u00f3wnie\u017c wspania\u0142\u0105, s\u0142oneczn\u0105 aur\u0119 za dnia oraz bezchmurne noce. Co teraz zmieni si\u0119\u00a0w pogodzie, \u017ce czeka nas za\u0142amanie pogody?<\/p>\n<p><img loading=\"lazy\" src=\"https:\/\/www.europesays.com\/pl\/wp-content\/uploads\/2026\/01\/zalamanie-pogody-w-weekend-sytuacja-synoptyczna.jpg\" height=\"653\" width=\"800\"   class=\"wp-image-145295 sp-no-webp\" alt=\"Za\u0142amanie pogody w cz\u0119\u015bci Polski. Czym b\u0119dzie spowodowane?\" decoding=\"async\"\/> Za\u0142amanie pogody w weekend w cz\u0119\u015bci Polski. Czym b\u0119dzie spowodowane?<\/p>\n<p>Powy\u017cej mapa synoptyczna na noc z pi\u0105tku na sobot\u0119. Widzimy tu, \u017ce wy\u017c ze wschodu Europy b\u0119dzie mia\u0142 si\u0119 nadal doskonale. Jednak do Polski z po\u0142udnia dotrze o\u015brodek niskiego ci\u015bnienia. Nie b\u0119dzie to ni\u017c\u00a0bardzo g\u0142\u0119boki, czy pot\u0119\u017cny. Jednak nadej\u015bcie ni\u017cu nad po\u0142udniow\u0105\u00a0Polsk\u0119 wystarczy, by przynie\u015b\u0107\u00a0tu za\u0142amanie pogody. Widzimy, \u017ce wraz z ni\u017cem przemieszcza\u0142 b\u0119dzie si\u0119 front ciep\u0142y. I to w\u0142a\u015bnie front atmosferyczny o charakterze ciep\u0142ym b\u0119dzie przyczyn\u0105 niebezpiecznej pogody, jaka w weekend pojawi si\u0119\u00a0w cz\u0119\u015bci kraju.<\/p>\n<p><img loading=\"lazy\" src=\"https:\/\/www.europesays.com\/pl\/wp-content\/uploads\/2026\/01\/zalamanie-pogody-ocieplenie-w-weekend.jpg\" height=\"787\" width=\"1125\"   class=\"wp-image-145299 sp-no-webp\" alt=\"Weekend przyniesie za\u0142amanie pogody i ocieplenie w weekend\" decoding=\"async\"\/> Za\u0142amanie pogody i ocieplenie w weekend w Polsce<\/p>\n<p>Wraz z frontem ciep\u0142ym na po\u0142udnie kraju dotrze znacznie cieplejsze powietrze z po\u0142udnia Europy. I to w\u0142a\u015bnie ten cieplejszy sektor powietrza b\u0119dzie sprawdz\u0105 tego, \u017ce pogoda w wielu regionach Polski w weekend mo\u017ce by\u0107\u00a0niebezpieczna.<\/p>\n<p>Za\u0142amanie pogody w weekend. Przebieg zjawisko pogodowych<\/p>\n<p>Wiemy ju\u017c, dlaczego przed nami wi\u0119cej dynamiki w pogodzie nad Polsk\u0105. Teraz sprawd\u017amy jaki przebieg, kiedy i gdzie za\u0142amanie pogody w Polsce b\u0119dzie najbardziej gro\u017ane. W tym celu przejrzyjmy animacj\u0119\u00a0prognoz opad\u00f3w dla naszego kraju.<\/p>\n<p>Gdzie i kiedy w weekend pojawi si\u0119 za\u0142amanie pogody<\/p>\n<p>Jeszcze dwie aktualizacje prognoz temu strefa opad\u00f3w, kt\u00f3ra dotrze nad Polsk\u0119 w weekend mia\u0142a by\u0107\u00a0bardziej rozleg\u0142a. Dzi\u015b\u00a0widzimy, \u017ce za\u0142amanie pogody ograniczy si\u0119\u00a0wy\u0142\u0105cznie do Polski po\u0142udniowo wschodniej. Pozosta\u0142e regiony pozostan\u0105 nadal pod wp\u0142ywem o\u015brodka wysokiego ci\u015bnienia. W sobot\u0119 w Ma\u0142opolsce, na Podkarpaciu oraz Lubelszczy\u017anie pada\u0142\u00a0b\u0119dzie \u015bnieg. Lokalnie opady mog\u0105 by\u0107\u00a0do\u015b\u0107 intensywne. W po\u0142\u0105czeniu z odczuwalnym w weekend wiatrem ni\u017c nie\u015b\u0107\u00a0mo\u017ce zawieje i zamiecie \u015bnie\u017cne. Niebezpieczna pogoda mo\u017ce nadej\u015b\u0107 w nocy z soboty na niedziel\u0119, kiedy to do kraju dotrze ciep\u0142y sektor powietrza z po\u0142udnia. Opady zaczn\u0105\u00a0przechodzi\u0107\u00a0w opady mieszane. Na po\u0142udniu i po\u0142udniowym wschodzie, wschodzie pojawi\u0105\u00a0si\u0119 marzn\u0105ce opady deszczu przynosz\u0105ce go\u0142oled\u017a.<\/p>\n<p><img src=\"https:\/\/www.europesays.com\/pl\/wp-content\/uploads\/2026\/01\/zalamanie-pogody-w-czesci-kraju-opady-marznace-gololedz.jpg\" height=\"787\" width=\"1125\"   class=\"wp-image-145302 sp-no-webp\" alt=\"Za\u0142amanie pogody, opady marzn\u0105ce i go\u0142oled\u017a\" loading=\"lazy\" decoding=\"async\"\/> Za\u0142amanie pogody przyniesie opady marzn\u0105ce. Mo\u017cliwa go\u0142oled\u017a<\/p>\n<p>W niedziel\u0119 w dzie\u0144 opady zaczn\u0105\u00a0zanika\u0107 i odsuwa\u0107 si\u0119 na wsch\u00f3d od Polski. Widzimy wi\u0119c, ze ca\u0142e weekendowe zamieszanie z za\u0142amaniem pogody ograniczy si\u0119 do po\u0142udniowych, a przede wszystkim po\u0142udniowo wschodnich region\u00f3w naszego kraju. W pozosta\u0142ej cz\u0119\u015bci Polski czeka nas raczej spokojna pogoda przez ca\u0142y weekend. Jak wygl\u0105da\u0142a b\u0119dzie sprawa z temperaturami powietrza? Sp\u00f3jrzmy.<\/p>\n<p>Prognoza temperatury na weekend dla Polski<\/p>\n<p>Podobnie jak prognozy widzia\u0142y jeszcze dzie\u0144\u00a0temu do\u015b\u0107\u00a0g\u0142\u0119boki i aktywny ni\u017c, kt\u00f3ry obj\u0105\u0107 mia\u0142\u00a0opadami niemal ca\u0142\u0105\u00a0wschodni\u0105 po\u0142ow\u0119 kraju, tak mapy pogodowe pokazywa\u0142y r\u00f3wnie\u017c\u00a0do\u015b\u0107\u00a0silne ocieplenie. Poniewa\u017c\u00a0ni\u017c\u00a0z po\u0142udnia nie b\u0119dzie a\u017c\u00a0tak silny, jak widzia\u0142y to poprzednie aktualizacje modeli pogodowych, to r\u00f3wnie\u017c a\u017c tak silne nie b\u0119dzie ocieplenie nad Polsk\u0105. Oczywi\u015bcie, zrobi si\u0119 cieplej. Na po\u0142udniu kraju temperatury b\u0119d\u0105\u00a0wr\u0119cz ca\u0142kiem wysokie, jak na ostatnie standardy. Jednak dodatnie temperatury powietrza pojawi\u0105\u00a0si\u0119 w weekend wy\u0142\u0105cznie na po\u0142udniu kraju.<\/p>\n<p><img src=\"https:\/\/www.europesays.com\/pl\/wp-content\/uploads\/2026\/01\/ocieplenie-w-weekend-nie-bedzie-tak-silne-jak-widziamy-to-prognozy.jpg\" height=\"787\" width=\"1125\"   class=\"wp-image-145306 sp-no-webp\" alt=\"Ocieplenie w weekend na po\u0142udniu kraju\" loading=\"lazy\" decoding=\"async\"\/> Ocieplenie w Polsce wy\u0142\u0105cznie na po\u0142udniu kraju<\/p>\n<p>W zasadzie przez ca\u0142y weekend minimalnie na plusie poka\u017c\u0105\u00a0termometry w pasie od \u015al\u0105ska i Opolszczyzny, przez Ma\u0142opolsk\u0119, po Podkarpacie. W okolicach zera b\u0119dzie na po\u0142udniu Lubelszczyzny, Mazowsza, czy Ziemi \u015awi\u0119tokrzyskiej. I to tutaj wydaje si\u0119, \u017ce za\u0142amanie pogody b\u0119dzie najgro\u017aniejsze na drogach i chodnikach z powodu opad\u00f3w marzn\u0105cych. Najch\u0142odniej w weekend na p\u00f3\u0142nocy kraju. W dzie\u0144 temperatury nie podskocz\u0105 powy\u017cej -5 stopni Celsjusza. Nocami, wskutek rozpogodze\u0144 mr\u00f3z nadal b\u0119dzie dwucyfrowy. P\u00f3\u0142noc Polski kompletnie nie odczuje zmiany pogody jaka na weekend szykuje si\u0119 w Polsce Po\u0142udniowej, a zw\u0142aszcza na po\u0142udniowym wschodzie, wschodzie. Na pocz\u0105tku tygodnia przez zach\u00f3d ma przej\u015b\u0107 \u015bnie\u017cyca zwi\u0105zana z ni\u017cem \u015br\u00f3dziemnomorskim.<\/p>\n<p><a class=\"m-a-box-avatar-url\" href=\"https:\/\/fanipogody.pl\/author\/admin\/\" rel=\"nofollow noopener\" target=\"_blank\"><img src=\"https:\/\/www.europesays.com\/pl\/wp-content\/uploads\/2025\/09\/mike.jpg\" height=\"150\" width=\"150\" class=\"attachment-150x150 size-150x150 sp-no-webp\" alt=\"autor_mike\" loading=\"lazy\" decoding=\"async\" itemprop=\"image\"\/> <\/a><\/p>\n<p>Fan pogody praktycznie od zawsze. Pogoda i prognozowanie pogody jest jego pasj\u0105. Dodatkowo kocha burze. Gdy burza nadci\u0105ga, bierze aparat w d\u0142o\u0144 i goni za burz\u0105. Na portalu zajmuje si\u0119 wpisami w kategoriach gro\u017anych zjawisk pogodowych, dniowych prognoz pogody oraz pisze o pogodzie na \u015awiecie<\/p>\n","protected":false},"excerpt":{"rendered":"Niestety nie mam dla Was dobrych wie\u015bci. Do Polski zbli\u017ca si\u0119 za\u0142amanie pogody. W weekend z po\u0142udnia dotrze&hellip;\n","protected":false},"author":2,"featured_media":222412,"comment_status":"","ping_status":"","sticky":false,"template":"","format":"standard","meta":{"footnotes":""},"categories":[5],"tags":[20179,32,33,36,37,23120,17007,27,34,35,28,31,25,41273,41274,42,78,18564,38,40,39,41,25480,29,30,26,41275],"class_list":{"0":"post-222411","1":"post","2":"type-post","3":"status-publish","4":"format-standard","5":"has-post-thumbnail","7":"category-naglowki","8":"tag-atak-zimy","9":"tag-breaking-news","10":"tag-breakingnews","11":"tag-featured-news","12":"tag-featurednews","13":"tag-gololedz","14":"tag-google-discover","15":"tag-headlines","16":"tag-latest-news","17":"tag-latestnews","18":"tag-naglowki","19":"tag-najwazniejsze-artykuly","20":"tag-news","21":"tag-niz","22":"tag-opady-marznace","23":"tag-pl","24":"tag-pogoda","25":"tag-pogoda-polska","26":"tag-poland","27":"tag-polish","28":"tag-polska","29":"tag-polski","30":"tag-sniezyce","31":"tag-top-stories","32":"tag-topstories","33":"tag-wiadomosci","34":"tag-zalamanie-pogody"},"share_on_mastodon":{"url":"https:\/\/pubeurope.com\/@pl\/115949202568563834","error":""},"_links":{"self":[{"href":"https:\/\/www.europesays.com\/pl\/wp-json\/wp\/v2\/posts\/222411","targetHints":{"allow":["GET"]}}],"collection":[{"href":"https:\/\/www.europesays.com\/pl\/wp-json\/wp\/v2\/posts"}],"about":[{"href":"https:\/\/www.europesays.com\/pl\/wp-json\/wp\/v2\/types\/post"}],"author":[{"embeddable":true,"href":"https:\/\/www.europesays.com\/pl\/wp-json\/wp\/v2\/users\/2"}],"replies":[{"embeddable":true,"href":"https:\/\/www.europesays.com\/pl\/wp-json\/wp\/v2\/comments?post=222411"}],"version-history":[{"count":0,"href":"https:\/\/www.europesays.com\/pl\/wp-json\/wp\/v2\/posts\/222411\/revisions"}],"wp:featuredmedia":[{"embeddable":true,"href":"https:\/\/www.europesays.com\/pl\/wp-json\/wp\/v2\/media\/222412"}],"wp:attachment":[{"href":"https:\/\/www.europesays.com\/pl\/wp-json\/wp\/v2\/media?parent=222411"}],"wp:term":[{"taxonomy":"category","embeddable":true,"href":"https:\/\/www.europesays.com\/pl\/wp-json\/wp\/v2\/categories?post=222411"},{"taxonomy":"post_tag","embeddable":true,"href":"https:\/\/www.europesays.com\/pl\/wp-json\/wp\/v2\/tags?post=222411"}],"curies":[{"name":"wp","href":"https:\/\/api.w.org\/{rel}","templated":true}]}}