{"id":222514,"date":"2026-01-24T09:49:07","date_gmt":"2026-01-24T09:49:07","guid":{"rendered":"https:\/\/www.europesays.com\/pl\/222514\/"},"modified":"2026-01-24T09:49:07","modified_gmt":"2026-01-24T09:49:07","slug":"naomi-osaka-rezygnuje-z-australian-open-potezne-konsekwencje-dla-igi-swiatek-przeglad-sportowy-onet","status":"publish","type":"post","link":"https:\/\/www.europesays.com\/pl\/222514\/","title":{"rendered":"Naomi Osaka rezygnuje z Australian Open! Pot\u0119\u017cne konsekwencje dla Igi \u015awi\u0105tek &#8211; Przegl\u0105d Sportowy Onet"},"content":{"rendered":"<ol>\n<li><a href=\"https:\/\/news.google.com\/rss\/articles\/CBMi1gFBVV95cUxOb0RaY1FNNW8zQjFIVE9uS013U3VrU3NYS1RrZWZPWk14alRTa3JnSm5lRzlGOGRxT2w4RDhBOFg5aWFrWXEtc25uMEtxX3pRY1BLblE0YUU1Nmp4WjVMbDF2cmtJOTQzY2NVVnpXU25mcHJfNTlPOXRhMlFtY0VNTldsdko1dWJjNnU5VjcxT0hhVFFqY0FPUkhJWUtVXzYtZnBkM2dRM3dIekI2dVl2eHVBdG40SXNWaER3WEVETlhOM2h4NHJmTUladVNOMFpiblE0VUp3?oc=5\" target=\"_blank\" rel=\"nofollow noopener\">Naomi Osaka rezygnuje z Australian Open! Pot\u0119\u017cne konsekwencje dla Igi \u015awi\u0105tek<\/a>&nbsp;&nbsp;Przegl\u0105d Sportowy Onet<\/li>\n<li><a href=\"https:\/\/news.google.com\/rss\/articles\/CBMiwgFBVV95cUxOOVNFcG1xNGtPN3RSWVNxZUlyZmpabGpXWFFQLVZ6QzJnLXg3a29MNWM1MGx4WF9yNU1Va21YSUY5UC12ekxQTHlFaHRzb2QyNmYycFBqMkUyanNTeXlsbktZbi1rbjJjYnExNFVaX0ExQUZHajhfc014RFdHU003aGRqU0pzTnVpNENSWlA0Sy1RQU50eEN0N3JFWGI4MDJCblRmMzZMcGlVbUF6MWFCaTJielV4WWtFOFBFZ0ExU2F3QQ?oc=5\" target=\"_blank\" rel=\"nofollow noopener\">Cios dla Wiktorowskiego. Nag\u0142a rezygnacja. Nie b\u0119dzie starcia ze \u015awi\u0105tek w Melbourne<\/a>&nbsp;&nbsp;Sport w INTERIA.PL<\/li>\n<li><a href=\"https:\/\/news.google.com\/rss\/articles\/CBMi4AFBVV95cUxObUg2eThsTV8zOVR6eUlsTjVVZFRhQlJ5TGt6dWtBMHprYlRBQUdFRGxJMFVPVEdabGp5bW1LZkdOd0lna2Zaa21seFFDeGZpalJyRkxNOTlfTUEwNTZIM1U4aFJSZmtNb2lKQ1c1Y1NaRE5FTzZuZFpoVXJsbVZmbTBkMjBucjh2UnlyWWh3R2h0aG9DdVUzYjJpWVFlUVgtZS1hd0xaeUJVYnJpT1NvUktpVUk4am5tY1hhaEc3Q3ZPQnVvMkpJdmpYMENXYWhla3FEMVJoTURhd2ZsVktPVQ?oc=5\" target=\"_blank\" rel=\"nofollow noopener\">Trudna decyzja. Naomi Osaka wycofa\u0142a si\u0119 z Australian Open<\/a>&nbsp;&nbsp;Eurosport Polska<\/li>\n<li><a href=\"https:\/\/news.google.com\/rss\/articles\/CBMirAFBVV95cUxQOEZBVlZfU1hQU0NyUElkd004azNCV0s1Ym1KVHE4MC1Ebk5PUE1OTVh2b1E1RDRMZVp1NVVLY3gtZkNPYUpLZFF6eGVCYl83TmJuMnA2WThNbXRmUE9QajRRUUR3QkVMZUJZUnM4M0FJQ09ZNzV1OWpNUlp4bDFmQ05EdnFVdU5YUWotbXotM1BZaVJ0aS1FcHZIMlUwOFh0dndRc2Q1Q25MUHhW?oc=5\" target=\"_blank\" rel=\"nofollow noopener\">Wa\u017cna wiadomo\u015b\u0107 dla \u015awi\u0105tek. Gwiazda wycofa\u0142a si\u0119 z Australian Open<\/a>&nbsp;&nbsp;SportoweFakty<\/li>\n<li><a href=\"https:\/\/news.google.com\/rss\/articles\/CBMirgFBVV95cUxONjFkZENLblA4amVidDBEQUNMVXZwMVlEckpaQUhiZVpMTVB3QXpZcXNQSjUtcTFvaFhwa3lUTzdZNmRRT0E2WnJQWDFkU3o4b3lqLThNdWU0TlUzakNNTk1Yb2c2QmhjTll3WGlFajRPZ1E2VUtTY3BycGNlUVdfd3dsaWRvaHdUcVlNdEFDVWgwZkg1QmxSZHl1WUxoRHU1MUp6ZTNPbkJ0WmxNbWc?oc=5\" target=\"_blank\" rel=\"nofollow noopener\">Nag\u0142y komunikat Osaki! \u015awi\u0105tek pozna\u0142a potencjalna rywalk\u0119 w IV rundzie AO Tenis<\/a>&nbsp;&nbsp;Sport.pl<\/li>\n<\/ol>\n","protected":false},"excerpt":{"rendered":"Naomi Osaka rezygnuje z Australian Open! Pot\u0119\u017cne konsekwencje dla Igi \u015awi\u0105tek&nbsp;&nbsp;Przegl\u0105d Sportowy Onet Cios dla Wiktorowskiego. Nag\u0142a rezygnacja.&hellip;\n","protected":false},"author":2,"featured_media":222515,"comment_status":"","ping_status":"","sticky":false,"template":"","format":"standard","meta":{"footnotes":""},"categories":[24],"tags":[12889,252,67,194,5219,42,38,40,39,41,136,128,47,127,135,126,156,130],"class_list":{"0":"post-222514","1":"post","2":"type-post","3":"status-publish","4":"format-standard","5":"has-post-thumbnail","7":"category-sport","8":"tag-australian_open","9":"tag-iga_swiatek","10":"tag-intextvideo_splayer","11":"tag-maja","12":"tag-naomi_osaka","13":"tag-pl","14":"tag-poland","15":"tag-polish","16":"tag-polska","17":"tag-polski","18":"tag-ps_detal_new","19":"tag-psv2","20":"tag-screening_general","21":"tag-sport","22":"tag-sport_sport","23":"tag-sports","24":"tag-tenis","25":"tag-wiadomosci_sportowe"},"share_on_mastodon":{"url":"https:\/\/pubeurope.com\/@pl\/115949454209290431","error":""},"_links":{"self":[{"href":"https:\/\/www.europesays.com\/pl\/wp-json\/wp\/v2\/posts\/222514","targetHints":{"allow":["GET"]}}],"collection":[{"href":"https:\/\/www.europesays.com\/pl\/wp-json\/wp\/v2\/posts"}],"about":[{"href":"https:\/\/www.europesays.com\/pl\/wp-json\/wp\/v2\/types\/post"}],"author":[{"embeddable":true,"href":"https:\/\/www.europesays.com\/pl\/wp-json\/wp\/v2\/users\/2"}],"replies":[{"embeddable":true,"href":"https:\/\/www.europesays.com\/pl\/wp-json\/wp\/v2\/comments?post=222514"}],"version-history":[{"count":0,"href":"https:\/\/www.europesays.com\/pl\/wp-json\/wp\/v2\/posts\/222514\/revisions"}],"wp:featuredmedia":[{"embeddable":true,"href":"https:\/\/www.europesays.com\/pl\/wp-json\/wp\/v2\/media\/222515"}],"wp:attachment":[{"href":"https:\/\/www.europesays.com\/pl\/wp-json\/wp\/v2\/media?parent=222514"}],"wp:term":[{"taxonomy":"category","embeddable":true,"href":"https:\/\/www.europesays.com\/pl\/wp-json\/wp\/v2\/categories?post=222514"},{"taxonomy":"post_tag","embeddable":true,"href":"https:\/\/www.europesays.com\/pl\/wp-json\/wp\/v2\/tags?post=222514"}],"curies":[{"name":"wp","href":"https:\/\/api.w.org\/{rel}","templated":true}]}}