{"id":223212,"date":"2026-01-24T17:10:08","date_gmt":"2026-01-24T17:10:08","guid":{"rendered":"https:\/\/www.europesays.com\/pl\/223212\/"},"modified":"2026-01-24T17:10:08","modified_gmt":"2026-01-24T17:10:08","slug":"gigantyczna-sensacja-w-niemczech-bayern-na-deskach-i-to-z-kim","status":"publish","type":"post","link":"https:\/\/www.europesays.com\/pl\/223212\/","title":{"rendered":"Gigantyczna sensacja w Niemczech. Bayern na deskach. I to z kim"},"content":{"rendered":"\n<p class=\"contentpart contentpart--default contentpart--text\" data-position=\"0\">Przed tym meczem nikt nie pyta\u0142, czy Bayern Monachium pokona FC Augsburg, tylko jak wysokie zwyci\u0119stwo odniesie. Prawdopodobnie \u017caden z kibic\u00f3w obecnych w sobotnie popo\u0142udnie na Allianz Arenie nawet nie przypuszcza\u0142, \u017ce mo\u017ce si\u0119 to zako\u0144czy\u0107 w taki spos\u00f3b.<\/p>\n<p class=\"contentpart contentpart--default contentpart--text\" data-position=\"1\">Oczywi\u015bcie, Bayern nie zachwyci\u0142, ale nawet graj\u0105c s\u0142abo uda\u0142o mu si\u0119 wyj\u015b\u0107 na prowadzenie po rzucie ro\u017cnym.<\/p>\n<p>  <img decoding=\"async\" src=\"https:\/\/v.wpimg.pl\/X3dwLnN2d1IFFTpdYUl6R0ZNbgcnEHQREVV2TGEGbUtRT2MdOlZ2RBQUKABgQjQcDRotCStBd1IAAWMeIlM7VgwYIAorQAdEFFk_GCkQJQ\" alt=\"\" width=\"45\" height=\"58\" loading=\"lazy\"\/>  <\/p>\n<p class=\"contentpart contentpart--default contentpart--text\" data-position=\"2\">Gospodarze mieli wszystko w swoich r\u0119kach, jednak ewidentnie nie byli sob\u0105 w tym meczu. Rywale to dostrzegli i z minuty na minut\u0119 zacz\u0119li poczyna\u0107 sobie coraz odwa\u017cniej w Monachium.<\/p>\n<p class=\"contentpart contentpart--default contentpart--text\" data-position=\"3\">Postraszyli ju\u017c przed przerw\u0105 (by\u0142a m.in. poprzeczka), natomiast prawdziwa nawa\u0142nica nast\u0105pi\u0142a mi\u0119dzy 75. i 81. minut\u0105. Wtedy go\u015bcie strzelili dwa gole, kt\u00f3re zapewni\u0142y im absolutnie sensacyjne zwyci\u0119stwo.<\/p>\n<p class=\"contentpart contentpart--default contentpart--text\" data-position=\"4\">Najpierw po rzucie ro\u017cnym bramk\u0119 zdoby\u0142 Arthur Chaves, a sze\u015b\u0107 minut p\u00f3\u017aniej zesp\u00f3\u0142 broni\u0105cy si\u0119 przed spadkiem rozklepa\u0142 zdecydowanego lidera Bundesligi i gola na wag\u0119 kompletu punkt\u00f3w strzeli\u0142\u00a0Han-Noah Massengo.<\/p>\n<p class=\"contentpart contentpart--default contentpart--text\" data-position=\"5\">ZOBACZ WIDEO: Wojna o r\u0119cznik! Kuriozalne sceny w finale Pucharu Narod\u00f3w Afryki<\/p>\n<p class=\"contentpart contentpart--default contentpart--text\" data-position=\"7\">Jest to dopiero druga przegrana Bayernu w tym sezonie, natomiast pierwsza w Bundeslidze. Nie uda si\u0119 wi\u0119c zdoby\u0107 mistrzostwa bez pora\u017cki. Naturalnie w kontek\u015bcie sytuacji w tabeli niewiele to zmienia &#8211; Bayern dalej ma spor\u0105 przewag\u0119 nad reszt\u0105 stawki.<\/p>\n<p>  <img decoding=\"async\" src=\"https:\/\/v.wpimg.pl\/X3dwLnN2d1IFFTpdYUl6R0ZNbgcnEHQREVV2TGEGbUtRT2MdOlZ2RBQUKABgQjQcDRotCStBd1IAAWMeIlM7VgwYIAorQAdEFFk_GCkQJQ\" alt=\"\" width=\"45\" height=\"58\" loading=\"lazy\"\/>  <\/p>\n<p class=\"contentpart contentpart--default contentpart--text\" data-position=\"8\">Takie trzy punkty du\u017co daj\u0105 jednak ekipie z Augsburga, kt\u00f3ra &#8211; jak zaznaczyli\u015bmy &#8211; walczy o utrzymanie. Wygrana w Monachium, kt\u00f3rej pewnie nikt nie zak\u0142ada\u0142, daje oddech i du\u017cy komfort.<\/p>\n<p class=\"contentpart contentpart--default contentpart--text\" data-position=\"9\">Podkre\u015blmy, \u017ce FC Augsburg wygra\u0142 zas\u0142u\u017cenie. To nie jest przypadek. Po prostu byli lepsi od faworyzowanego Bayernu, kt\u00f3ry zagra\u0142 na p\u00f3\u0142 gwizdka, zlekcewa\u017cy\u0142 przeciwnika.<\/p>\n<p class=\"contentpart contentpart--default contentpart--text\" data-position=\"10\">Niemniej, to gospodarze jako pierwsi strzelili gola. Po do\u015brodkowaniu Michaela Olise z rzutu ro\u017cnego do siatki trafi\u0142 Hiroki Ito. By\u0142\u0105 jeszcze jedna niez\u0142a szansa Luisa Diaza, gdy instynktownie nogami broni\u0142 Finn Dahmen, ale to w zasadzie tyle, co mia\u0142 do zaoferowania Bayern.<\/p>\n<p class=\"contentpart contentpart--default contentpart--text\" data-position=\"11\">Go\u015bcie przycisn\u0119li w ko\u0144c\u00f3wce pierwszej po\u0142owy, poprzeczk\u0119 obi\u0142 Robin Fellhauer. Po przerwie te\u017c ogl\u0105dali\u015bmy sporo atak\u00f3w Augsburga. By\u0142y strza\u0142y z dystansu, a wyr\u00f3wnanie nadesz\u0142o po&#8230; rzucie ro\u017cnym. Tutaj nie popisa\u0142 si\u0119 stoj\u0105cy w bramce Bayernu Jonas Urbig. Zanotowa\u0142 tzw. pusty przelot i pi\u0142k\u0119 do siatki wpakowa\u0142 Arthur Chaves.<\/p>\n<p>  <img decoding=\"async\" src=\"https:\/\/v.wpimg.pl\/X3dwLnN2d1IFFTpdYUl6R0ZNbgcnEHQREVV2TGEGbUtRT2MdOlZ2RBQUKABgQjQcDRotCStBd1IAAWMeIlM7VgwYIAorQAdEFFk_GCkQJQ\" alt=\"\" width=\"45\" height=\"58\" loading=\"lazy\"\/>  <\/p>\n<p class=\"contentpart contentpart--default contentpart--text\" data-position=\"12\">Remis jednak nie satysfakcjonowa\u0142 przyjezdnych. Oni doskonale wiedzieli, \u017ce Bayern jest do ugryzienia i na 10 minut przed ko\u0144cem strzelili zwyci\u0119skiego gola po fantastycznej akcji, cho\u0107 w ostatniej minucie doliczonego czasu trzy punkty mog\u0142y wymkn\u0105\u0107 im si\u0119 z r\u0105k, jednak po pi\u0119knym strzale Olise futbol\u00f3wka trafi\u0142a jedynie w poprzeczk\u0119.<\/p>\n<p class=\"contentpart contentpart--default contentpart--text\" data-position=\"13\"><a href=\"https:\/\/sportowefakty.wp.pl\/pilka-nozna\/bayern-monachium\" rel=\"nofollow noopener\" target=\"_blank\">Bayern Monachium<\/a>\u00a0&#8211; <a href=\"https:\/\/sportowefakty.wp.pl\/pilka-nozna\/fc-augsburg\" rel=\"nofollow noopener\" target=\"_blank\">FC Augsburg<\/a>\u00a01:2 (1:0)<br \/>1:0 Hiroki Ito 23&#8242;<br \/>1:1 Arthur Chaves 75&#8242;<br \/>1:2\u00a0Han-Noah Massengo 81&#8242;<\/p>\n<p class=\"contentpart contentpart--default contentpart--text\" data-position=\"14\">Sk\u0142ady:<\/p>\n<p class=\"contentpart contentpart--default contentpart--text\" data-position=\"15\">Bayern: Jonas Urbig &#8211; Alphonso Davies (61&#8242; Joshua Kimmich), Jonathan Tah, Kim Min-jae (85&#8242; Felipe Chavez), Hiroki Ito (79&#8242; Tom Bischof) &#8211; Michael Olise, Aleksandar Pavlovi\u0107, Leon Goretzka (79&#8242; Nicolas Jackson), Lennart Karl (61&#8242; Jamal Musiala), Luis Diaz &#8211; Harry Kane.<\/p>\n<p>  <img decoding=\"async\" src=\"https:\/\/v.wpimg.pl\/X3dwLnN2d1IFFTpdYUl6R0ZNbgcnEHQREVV2TGEGbUtRT2MdOlZ2RBQUKABgQjQcDRotCStBd1IAAWMeIlM7VgwYIAorQAdEFFk_GCkQJQ\" alt=\"\" width=\"45\" height=\"58\" loading=\"lazy\"\/>  <\/p>\n<p class=\"contentpart contentpart--default contentpart--text\" data-position=\"16\">Augsburg:\u00a0Finn Dahmen &#8211;\u00a0Robin Fellhauer,\u00a0Arthur Chaves (85&#8242; Marius Wolf),\u00a0Keven Schlotterbeck,\u00a0Cedric Zesiger,\u00a0Dimitris Giannoulis &#8211;\u00a0Fabian Rieder (74&#8242; Mert Komur),\u00a0Elvis Rexhbecaj (74&#8242; Yannik Keitel),\u00a0Han-Noah Massengo,\u00a0Alexis Claude-Maurice &#8211;\u00a0Anton Kade (63&#8242; Samuel Essende).<\/p>\n<p class=\"contentpart contentpart--default contentpart--text\" data-position=\"17\">\u017b\u00f3\u0142ta kartka: Tah (Bayern).<\/p>\n<p class=\"contentpart contentpart--default contentpart--text\" data-position=\"18\">S\u0119dzia:\u00a0Florian Exner.<\/p>\n<p class=\"contentpart contentpart--default contentpart--text\" data-position=\"19\">*<\/p>\n<p class=\"contentpart contentpart--default contentpart--text\" data-position=\"20\"><a href=\"https:\/\/sportowefakty.wp.pl\/pilka-nozna\/fc-sankt-pauli\" rel=\"nofollow noopener\" target=\"_blank\">FC St. Pauli<\/a>\u00a0&#8211; <a href=\"https:\/\/sportowefakty.wp.pl\/pilka-nozna\/hamburger-sv\" rel=\"nofollow noopener\" target=\"_blank\">Hamburger SV<\/a>\u00a00:0<\/p>\n<p class=\"contentpart contentpart--default contentpart--text\" data-position=\"21\"><a href=\"https:\/\/sportowefakty.wp.pl\/pilka-nozna\/eintracht-frankfurt\" rel=\"nofollow noopener\" target=\"_blank\">Eintracht Frankfurt<\/a>\u00a0&#8211; <a href=\"https:\/\/sportowefakty.wp.pl\/pilka-nozna\/tsg-1899-hoffenheim\" rel=\"nofollow noopener\" target=\"_blank\">TSG 1899 Hoffenheim<\/a>\u00a01:3 (1:0)<br \/>1:0\u00a0Arnaud Kalimuendo 18&#8242;<br \/>1:1\u00a0Max Moerstedt 52&#8242;<br \/>1:2\u00a0Ozan Kabak 60&#8242;<br \/>1:3\u00a0Aurele Amenda (s.) 65&#8242;<\/p>\n<p>  <img decoding=\"async\" src=\"https:\/\/v.wpimg.pl\/X3dwLnN2d1IFFTpdYUl6R0ZNbgcnEHQREVV2TGEGbUtRT2MdOlZ2RBQUKABgQjQcDRotCStBd1IAAWMeIlM7VgwYIAorQAdEFFk_GCkQJQ\" alt=\"\" width=\"45\" height=\"58\" loading=\"lazy\"\/>  <\/p>\n<p class=\"contentpart contentpart--default contentpart--text\" data-position=\"22\"><a href=\"https:\/\/sportowefakty.wp.pl\/pilka-nozna\/1-fc-heidenheim\" rel=\"nofollow noopener\" target=\"_blank\">1.FC Heidenheim 1846<\/a>\u00a0&#8211; <a href=\"https:\/\/sportowefakty.wp.pl\/pilka-nozna\/rb-lipsk\" rel=\"nofollow noopener\" target=\"_blank\">RB Lipsk<\/a>\u00a00:3 (0:0)<br \/>0:1 Ridle Baku 62&#8242;<br \/>0:2 Antonio Nusa 68&#8242;<br \/>0:3 David Raum 70&#8242;<\/p>\n<p class=\"contentpart contentpart--default contentpart--text\" data-position=\"23\"><a href=\"https:\/\/sportowefakty.wp.pl\/pilka-nozna\/bayer-04-leverkusen\" rel=\"nofollow noopener\" target=\"_blank\">Bayer 04 Leverkusen<\/a>\u00a0&#8211; <a href=\"https:\/\/sportowefakty.wp.pl\/pilka-nozna\/werder-brema\" rel=\"nofollow noopener\" target=\"_blank\">Werder Brema<\/a>\u00a01:0 (1:0)<br \/>1:0 Lucas Vazquez 37&#8242;<\/p>\n<p class=\"contentpart contentpart--default contentpart--text\" data-position=\"24\"><a href=\"https:\/\/sportowefakty.wp.pl\/pilka-nozna\/1fsv-mainz-05\" rel=\"nofollow noopener\" target=\"_blank\">1.FSV Mainz 05<\/a>\u00a0&#8211; <a href=\"https:\/\/sportowefakty.wp.pl\/pilka-nozna\/vfl-wolfsburg\" rel=\"nofollow noopener\" target=\"_blank\">VfL Wolfsburg<\/a>\u00a03:1 (0:1)<br \/>0:1\u00a0Mohamed Amoura 3&#8242;<br \/>1:1 Phillip Tietz 68&#8242;<br \/>2:1\u00a0Stefan Bell 73&#8242;<br \/>3:1\u00a0Nadiem Amiri (k.) 83&#8242;<\/p>\n","protected":false},"excerpt":{"rendered":"Przed tym meczem nikt nie pyta\u0142, czy Bayern Monachium pokona FC Augsburg, tylko jak wysokie zwyci\u0119stwo odniesie. Prawdopodobnie&hellip;\n","protected":false},"author":2,"featured_media":223213,"comment_status":"","ping_status":"","sticky":false,"template":"","format":"standard","meta":{"footnotes":""},"categories":[24],"tags":[38371,18600,931,15699,935,933,7696,8915,37997,18188,932,295,269,930,278,42,38,40,39,41,27526,127,126,18187,14203,41350],"class_list":{"0":"post-223212","1":"post","2":"type-post","3":"status-publish","4":"format-standard","5":"has-post-thumbnail","7":"category-sport","8":"tag-1-fc-heidenheim-1846","9":"tag-1-fsv-mainz-05","10":"tag-allianz-arena-w-monachium","11":"tag-bayer-04-leverkusen","12":"tag-bayern-monachium","13":"tag-bundesliga","14":"tag-eintracht-frankfurt","15":"tag-fc-augsburg","16":"tag-fc-st-pauli","17":"tag-hamburger-sv","18":"tag-monachium","19":"tag-niemcy","20":"tag-pilka-nozna","21":"tag-pilka-nozna-w-niemczech","22":"tag-pilka-w-europie","23":"tag-pl","24":"tag-poland","25":"tag-polish","26":"tag-polska","27":"tag-polski","28":"tag-rb-lipsk","29":"tag-sport","30":"tag-sports","31":"tag-tsg-1899-hoffenheim","32":"tag-vfl-wolfsburg","33":"tag-werder-brema"},"share_on_mastodon":{"url":"https:\/\/pubeurope.com\/@pl\/115951188492586713","error":""},"_links":{"self":[{"href":"https:\/\/www.europesays.com\/pl\/wp-json\/wp\/v2\/posts\/223212","targetHints":{"allow":["GET"]}}],"collection":[{"href":"https:\/\/www.europesays.com\/pl\/wp-json\/wp\/v2\/posts"}],"about":[{"href":"https:\/\/www.europesays.com\/pl\/wp-json\/wp\/v2\/types\/post"}],"author":[{"embeddable":true,"href":"https:\/\/www.europesays.com\/pl\/wp-json\/wp\/v2\/users\/2"}],"replies":[{"embeddable":true,"href":"https:\/\/www.europesays.com\/pl\/wp-json\/wp\/v2\/comments?post=223212"}],"version-history":[{"count":0,"href":"https:\/\/www.europesays.com\/pl\/wp-json\/wp\/v2\/posts\/223212\/revisions"}],"wp:featuredmedia":[{"embeddable":true,"href":"https:\/\/www.europesays.com\/pl\/wp-json\/wp\/v2\/media\/223213"}],"wp:attachment":[{"href":"https:\/\/www.europesays.com\/pl\/wp-json\/wp\/v2\/media?parent=223212"}],"wp:term":[{"taxonomy":"category","embeddable":true,"href":"https:\/\/www.europesays.com\/pl\/wp-json\/wp\/v2\/categories?post=223212"},{"taxonomy":"post_tag","embeddable":true,"href":"https:\/\/www.europesays.com\/pl\/wp-json\/wp\/v2\/tags?post=223212"}],"curies":[{"name":"wp","href":"https:\/\/api.w.org\/{rel}","templated":true}]}}