{"id":223267,"date":"2026-01-24T17:52:08","date_gmt":"2026-01-24T17:52:08","guid":{"rendered":"https:\/\/www.europesays.com\/pl\/223267\/"},"modified":"2026-01-24T17:52:08","modified_gmt":"2026-01-24T17:52:08","slug":"zloto-i-srebro-polaka-w-24-godziny-alez-forma-tuz-przed-igrzyskami-przeglad-sportowy-onet","status":"publish","type":"post","link":"https:\/\/www.europesays.com\/pl\/223267\/","title":{"rendered":"Z\u0142oto i srebro Polaka w 24 godziny! Ale\u017c forma tu\u017c przed igrzyskami &#8211; Przegl\u0105d Sportowy Onet"},"content":{"rendered":"<ol>\n<li><a href=\"https:\/\/news.google.com\/rss\/articles\/CBMizgFBVV95cUxOVzlfOExkQ2g5WWZUUjZpOEJydXVCcWRuWnFaOFBnVmlQNHVET0IzdlJhcHNRdU1hSUVVMm5jX3k4OWlCbjhjUDdtM0hOYjQxcEljZm0yZC1UYXpkTzRFOFZhejJlU2hCdi1zRnFQTE5vYVVfNUFIWXd3SkRDQWQyOE9TOTRYMjZuV0NrMmlhNTAzaGJudkRpZDVrV2V2SDRzREg0RnFTelRrQ0xoejZOZF8tWkNZbmZpbFpTS0toRXFyRnhicVpsTEgtVWpqUQ?oc=5\" target=\"_blank\" rel=\"nofollow noopener\">Z\u0142oto i srebro Polaka w 24 godziny! Ale\u017c forma tu\u017c przed igrzyskami<\/a>&nbsp;&nbsp;Przegl\u0105d Sportowy Onet<\/li>\n<li><a href=\"https:\/\/news.google.com\/rss\/articles\/CBMixgFBVV95cUxOOFhhaGl3Z2lzNlBKTFhOdkxTbTRabW5La05NR2E3Q0g3MUQ4ZFYxZkk4MWtobVUwWmJNcVBXcURBeVFGMTRsdXIzc0RqdFlSODN4SW8ySzZiQ2FYc0JSY2xHYXFDZTRFMzNwOVZTYUhDdGktb2FMaEpKNFVwX2lZQ0ZIQ1MtUVc4aTJ1OWMxY2puNDFZejBxa092TE1WbGpOY2oxZ2dGeF9RT0d5M0lSZE5fMUNiellQZFdFSk1pdzBaWWhvZkE?oc=5\" target=\"_blank\" rel=\"nofollow noopener\">Z\u0142oto i rekord! Polak pokona\u0142 dominatora! Ale\u017c wie\u015bci przed IO<\/a>&nbsp;&nbsp;Przegl\u0105d Sportowy Onet<\/li>\n<li><a href=\"https:\/\/news.google.com\/rss\/articles\/CBMirgFBVV95cUxQUV91VDlFMXJRVktrZHVoZ2lYby1IWjZ5amxKSFZRWUVjSWlYR2FLcElGSW1KQTBFOXN4dFRKbEdVUFliOGZXNnppbWJ6N2pBd3UxcHhzSkFUcVVseEFXYWlHMk9fWjhfUF9WeFRmWjRZVWRDNHlnRWt3bjQzZnJZanpBZnJFelFMM0p4T3lVN0NUdE1QYWFkWS1wdVR0WjlXdWEtVWRwOU1Tc1hXTlE?oc=5\" target=\"_blank\" rel=\"nofollow noopener\">Jest kolejny medal dla Polski. Najpierw z\u0142oto, p\u00f3\u017aniej srebro. Dominacja \u017burka<\/a>&nbsp;&nbsp;Sport w INTERIA.PL<\/li>\n<li><a href=\"https:\/\/news.google.com\/rss\/articles\/CBMinAFBVV95cUxPWGZmLUt0LW4xQ2poUG9RejdQQk9fNHp4SlQ3N0ZEX1JKMkRjOWQ3ei1rZDRibWk1WVd2Rzl2cFVaY2ZyOVFiM1d4dDRrRWRGQnZzNlRqWC16elYyeXpCSHpoR044S05NRk1rN1d1ekVXTmZzTkhOMmtWNnRZS1l3WkZKeUlxSkVoVWFxMFZscGRjR1MzVUlJTURiRDk?oc=5\" target=\"_blank\" rel=\"nofollow noopener\">Polak szaleje przed igrzyskami. Ma kolejne podium!<\/a>&nbsp;&nbsp;SportoweFakty<\/li>\n<li><a href=\"https:\/\/news.google.com\/rss\/articles\/CBMi9wFBVV95cUxQYXhOdU5rbFMtYkcyZ05WUFVVdDZJekF5QWNCcjJzV2I5c1BocWljOC1OM2RaM3Rtb0tYdllRYkhBS25Gbm1JRGdOWVdZTjF0VUY0NWdIMkZJb3ZDUWRodnVYNjFaRzRDZWlOWGdlR3RYMTlHai1PVWJKUWFCWUZOU3J5aHYxT0NPN3BkTHdBVWJoaDk4bGY5b0tzTGpQd1VSTHpBX3ZhNGNFOHRkbG5STXB1V0lMQ3VNZXZhaXNZdEZDTk9BMVVMREdKNURpekdwR1NCaGE0Z3Z0cHliU1FGeUE0NjJOUFRlR1B1OUE2Y0swYXl0cGlF?oc=5\" target=\"_blank\" rel=\"nofollow noopener\">\u017burek nie schodzi z podium Pucharu \u015awiata<\/a>&nbsp;&nbsp;Eurosport Polska<\/li>\n<\/ol>\n","protected":false},"excerpt":{"rendered":"Z\u0142oto i srebro Polaka w 24 godziny! Ale\u017c forma tu\u017c przed igrzyskami&nbsp;&nbsp;Przegl\u0105d Sportowy Onet Z\u0142oto i rekord! Polak&hellip;\n","protected":false},"author":2,"featured_media":223268,"comment_status":"","ping_status":"","sticky":false,"template":"","format":"standard","meta":{"footnotes":""},"categories":[24],"tags":[67,41399,18203,446,11744,42,38,40,39,41,136,128,47,127,135,126,130],"class_list":{"0":"post-223267","1":"post","2":"type-post","3":"status-publish","4":"format-standard","5":"has-post-thumbnail","7":"category-sport","8":"tag-intextvideo_splayer","9":"tag-jordan_stolz","10":"tag-lyzwiarstwo_szybkie","11":"tag-lyzwiarstwo","12":"tag-ogor","13":"tag-pl","14":"tag-poland","15":"tag-polish","16":"tag-polska","17":"tag-polski","18":"tag-ps_detal_new","19":"tag-psv2","20":"tag-screening_general","21":"tag-sport","22":"tag-sport_sport","23":"tag-sports","24":"tag-wiadomosci_sportowe"},"share_on_mastodon":{"url":"https:\/\/pubeurope.com\/@pl\/115951353348388370","error":""},"_links":{"self":[{"href":"https:\/\/www.europesays.com\/pl\/wp-json\/wp\/v2\/posts\/223267","targetHints":{"allow":["GET"]}}],"collection":[{"href":"https:\/\/www.europesays.com\/pl\/wp-json\/wp\/v2\/posts"}],"about":[{"href":"https:\/\/www.europesays.com\/pl\/wp-json\/wp\/v2\/types\/post"}],"author":[{"embeddable":true,"href":"https:\/\/www.europesays.com\/pl\/wp-json\/wp\/v2\/users\/2"}],"replies":[{"embeddable":true,"href":"https:\/\/www.europesays.com\/pl\/wp-json\/wp\/v2\/comments?post=223267"}],"version-history":[{"count":0,"href":"https:\/\/www.europesays.com\/pl\/wp-json\/wp\/v2\/posts\/223267\/revisions"}],"wp:featuredmedia":[{"embeddable":true,"href":"https:\/\/www.europesays.com\/pl\/wp-json\/wp\/v2\/media\/223268"}],"wp:attachment":[{"href":"https:\/\/www.europesays.com\/pl\/wp-json\/wp\/v2\/media?parent=223267"}],"wp:term":[{"taxonomy":"category","embeddable":true,"href":"https:\/\/www.europesays.com\/pl\/wp-json\/wp\/v2\/categories?post=223267"},{"taxonomy":"post_tag","embeddable":true,"href":"https:\/\/www.europesays.com\/pl\/wp-json\/wp\/v2\/tags?post=223267"}],"curies":[{"name":"wp","href":"https:\/\/api.w.org\/{rel}","templated":true}]}}