{"id":223562,"date":"2026-01-24T21:38:21","date_gmt":"2026-01-24T21:38:21","guid":{"rendered":"https:\/\/www.europesays.com\/pl\/223562\/"},"modified":"2026-01-24T21:38:21","modified_gmt":"2026-01-24T21:38:21","slug":"michal-bajor-zareagowal-na-wizyte-dody-i-rozenek-w-sejmie-tak-je-podsumowal-2","status":"publish","type":"post","link":"https:\/\/www.europesays.com\/pl\/223562\/","title":{"rendered":"Micha\u0142 Bajor zareagowa\u0142 na wizyt\u0119 Dody i Rozenek w Sejmie. Tak je podsumowa\u0142"},"content":{"rendered":"<p class=\"Paragraph_desktopParagraph__U31Gm\">20 stycznia 2026 roku podczas posiedzenia Komisji Nadzwyczajnej ds. Ochrony Zwierz\u0105t w Sejmie dosz\u0142o do niespodziewanego spotkania dw\u00f3ch gwiazd \u2013 <a href=\"https:\/\/plejada.pl\/temat\/malgorzata-rozenek-majdan\/c2dh138\" id=\"df4d6043-c837-4e0b-baae-9addaca132b6\" rel=\"nofollow noopener\" target=\"_blank\">Ma\u0142gorzaty Rozenek\u2011Majdan<\/a> i <a href=\"https:\/\/plejada.pl\/temat\/doda-piosenkarka-dorota-rabczewska\/69zbzpz\" id=\"e70d2b33-7dd6-4ffe-8094-ceaa07929cb8\" rel=\"nofollow noopener\" target=\"_blank\">Dody<\/a>. Cho\u0107 ich dotychczasowa historia w show-biznesie nie by\u0142a przepe\u0142niona uprzejmo\u015bciami, tym razem wsp\u00f3lnie zaanga\u017cowa\u0142y si\u0119 w powa\u017cn\u0105 spraw\u0119: popraw\u0119 losu zwierz\u0105t w Polsce.<\/p>\n<p class=\"Paragraph_desktopParagraph__U31Gm\">Celebrytki zasiad\u0142y przy jednym stole podczas komisji sejmowej, a tematy, kt\u00f3re porusza\u0142y, dotyczy\u0142y m.in. zakazu u\u017cywania fajerwerk\u00f3w ze wzgl\u0119du na stres i zagro\u017cenie dla zwierz\u0105t oraz patologii w prywatnych schroniskach. Doda wyg\u0142osi\u0142a emocjonalne przem\u00f3wienie, podkre\u015blaj\u0105c, jak oboj\u0119tno\u015b\u0107 mo\u017ce kosztowa\u0107 \u017cycie czworonog\u00f3w i krytykuj\u0105c niekt\u00f3re zachowania w sali obrad. Z kolei Rozenek\u2011Majdan apelowa\u0142a o systemowe rozwi\u0105zania, wskazuj\u0105c na sterylizacj\u0119 i kastracj\u0119 jako klucz do walki z bezdomno\u015bci\u0105 zwierz\u0105t.<\/p>\n<ul class=\"OchatFollowUps_wrapper__1ry7X\">\n<li class=\"OchatFollowUps_item__Dhyly OchatFollowUps_itemDesktop__R6aBv\">Co Micha\u0142 Bajor my\u015bli o Ma\u0142gorzacie Rozenek i Dodzie?<\/li>\n<li class=\"OchatFollowUps_item__Dhyly OchatFollowUps_itemDesktop__R6aBv\">Jakie tematy porusza\u0142y Doda i Rozenek w Sejmie?<\/li>\n<li class=\"OchatFollowUps_item__Dhyly OchatFollowUps_itemDesktop__R6aBv\">Na czym skupi\u0142 si\u0119 Micha\u0142 Bajor w swoim wpisie?<\/li>\n<li class=\"OchatFollowUps_item__Dhyly OchatFollowUps_itemDesktop__R6aBv\">Co Doda powiedzia\u0142a w swoim przem\u00f3wieniu?<\/li>\n<\/ul>\n<p>Ma\u0142gorzata Rozenek i Doda razem w Sejmie. Micha\u0142 Bajor zareagowa\u0142 na to spotkanie <\/p>\n<p class=\"Paragraph_desktopParagraph__U31Gm\">Gest obu pa\u0144 nie uszed\u0142 uwadze Micha\u0142a Bajora, kt\u00f3ry opublikowa\u0142 na Instagramie obszerny wpis, w kt\u00f3rym wyrazi\u0142 sw\u00f3j podziw dla zaanga\u017cowanych kobiet. Zacz\u0105\u0142 jednak od polityki. <\/p>\n<blockquote>\n<p class=\"Paragraph_desktopParagraph__U31Gm\">Jest jedna dziedzina naszego \u017cycia, w kt\u00f3rej \u2013 maj\u0105c swoje \u017celazne zasady \u2013 staram si\u0119 nie uczestniczy\u0107 w jej rozgrywkach. To polityka. Czasami udaje mi si\u0119 jedynie rzuci\u0107 butem w telewizor albo odburkn\u0105\u0107 co\u015b do gadaj\u0105cych g\u0142\u00f3w \u2013 tak\u017ce i tych na ca\u0142ym \u015bwiecie\u2026Dlatego oddycham z ulg\u0105, gdy poza podkopami i wrzaskami, nagle, i troch\u0119 niechc\u0105cy, wpuszczona zostaje do tego bazaru &#8222;powagi&#8221;, konstruktywna grupa ludzi spoza bran\u017cy. I spoza zamkni\u0119tych drzwi. <\/p>\n<\/blockquote>\n<p class=\"Paragraph_desktopParagraph__U31Gm\">&#8222;W\u015br\u00f3d obecnych na sali komisji pojawiaj\u0105 si\u0119 g\u0142upie u\u015bmieszki i r\u00f3wnie krzywe s\u0142owa. Ale to nowe zaczyna nas zawstydza\u0107. Bo zaczynamy ich troch\u0119 s\u0142ucha\u0107. Obserwowa\u0107, a mo\u017ce i zgadza\u0107 si\u0119!&#8221; \u2014 pisze Micha\u0142 Bajor, po czym przechodzi do sedna. <\/p>\n<p class=\"Paragraph_desktopParagraph__U31Gm\">&#8222;I oto jeste\u015bmy sk\u0142onni odpu\u015bci\u0107 ci\u0105g\u0142ym emocjom. S\u0142uchamy postaci, kt\u00f3re przecie\u017c r\u00f3wnie\u017c buduj\u0105 nasze podw\u00f3rko, jak i te\u017c ten \u015bwiat wok\u00f3\u0142 nas. Os\u00f3b, kt\u00f3re nie pchaj\u0105c si\u0119 na si\u0142\u0119 do \u015brodka, potrafi\u0105 godnie i merytorycznie przedstawi\u0107 sw\u00f3j g\u0142os w sprawie. Niestety cz\u0119sto tylko na chwil\u0119 \u2013 ale jednak co\u015b \u015bwie\u017cego i oczywistego mo\u017cna zapami\u0119ta\u0107&#8221; \u2014 stwierdzi\u0142 legendarny wokalista.<\/p>\n<p><img decoding=\"async\" class=\"Image_image__0tuHp Image_autoHeight__f2n87 \" height=\"529\" width=\"940\" src=\"https:\/\/www.europesays.com\/pl\/wp-content\/uploads\/2026\/01\/ayxk9kpTURBXy9hZjYzYjNlM2Y5YTdmMWU4MWRjYjJhZjc0ODQ2YjBmMi5wbmeSlQLNA6wAwsOVAgDNAkvCw94AA6EwAaExAaEzw.jpeg\" alt=\"Doda i Ma\u0142gorzata Rozenek-Majdan pojawi\u0142y si\u0119 w Sejmie na posiedzeniu Parlamentarnego Zespo\u0142u ds. Ochrony Praw Zwierz\u0105t\" loading=\"lazy\" \/>screen, iTV Sejm &#8211; transmisje \/ Sejm.gov.pl<\/p>\n<p>Doda i Ma\u0142gorzata Rozenek-Majdan pojawi\u0142y si\u0119 w Sejmie na posiedzeniu Parlamentarnego Zespo\u0142u ds. Ochrony Praw Zwierz\u0105t<\/p>\n<blockquote>\n<p class=\"Paragraph_desktopParagraph__U31Gm\">Tym razem gratulacje nale\u017c\u0105 si\u0119 Ma\u0142gosi Rozenek-Majdan oraz Dodzie, kt\u00f3re znalaz\u0142y si\u0119 w \u015brodku i \u015bwietnie przyku\u0142y uwag\u0119 wielu os\u00f3b znudzonych tematem \u2013 i sob\u0105\u2026 Panie zrobi\u0142y to inno\u015bci\u0105 rozmowy i apelem o wi\u0119ksz\u0105 empati\u0119 wobec ludzi i zwierz\u0105t. Tak trzyma\u0107, drogie Panie<\/p>\n<\/blockquote>\n<p class=\"Paragraph_desktopParagraph__U31Gm\">\u2014 podsumowa\u0142 z uznaniem Micha\u0142 Bajor. <\/p>\n<p><img decoding=\"async\" class=\"Image_image__0tuHp Image_autoHeight__f2n87 \" height=\"587\" width=\"880\" src=\"https:\/\/www.europesays.com\/pl\/wp-content\/uploads\/2026\/01\/5Y7k9kpTURBXy8wOWNiMDhlNGFiYmY5NmQxODc3YzIxNGU5NWZlYTZkNS5qcGeSlQLNA6wAwsOVAgDNAkvCw94AA6EwAaExAaEzw.jpeg\" alt=\"Micha\u0142 Bajor\" loading=\"lazy\" \/>Pi\u0119tka Mieszko \/ AKPA<\/p>\n<p>Micha\u0142 Bajor<\/p>\n<p class=\"Paragraph_desktopParagraph__U31Gm\">Dzi\u0119kujemy, \u017ce przeczyta\u0142a\u015b\/e\u015b nasz artyku\u0142 do ko\u0144ca. W serwisie Plejada.pl ka\u017cdego dnia piszemy o najwa\u017cniejszych wydarzeniach show-biznesowych. B\u0105d\u017a na bie\u017c\u0105co! <a rel=\"nofollow noopener\" href=\"https:\/\/profile.google.com\/cp\/Cg0vZy8xMWJ6X19wdHBx\" id=\"aab60f6c-2d78-449d-a60c-2fb9b5f21323\" target=\"_blank\">Obserwuj<\/a> Plejad\u0119 w Google. Odwied\u017a nas tak\u017ce na <a rel=\"nofollow noopener\" href=\"https:\/\/www.facebook.com\/plejadapl\" id=\"fe37c8db-2fb2-4a59-a463-dc9b7c43a64e\" target=\"_blank\">Facebooku<\/a>, <a rel=\"nofollow noopener\" href=\"https:\/\/www.instagram.com\/plejadapl\/\" id=\"a9adf062-42b8-4691-949c-63f0bdd8c746\" target=\"_blank\">Instagramie<\/a>, <a rel=\"nofollow noopener\" href=\"https:\/\/www.youtube.com\/c\/plejada\" id=\"73c83364-3650-495a-ada1-2be59fd23484\" target=\"_blank\">YouTubie<\/a> oraz <a rel=\"nofollow noopener\" href=\"https:\/\/www.tiktok.com\/@plejada_pl\" id=\"8fe81cef-32b2-4157-abdb-619ed79508e7\" target=\"_blank\">TikToku<\/a>.<\/p>\n<p class=\"Paragraph_desktopParagraph__U31Gm\">Chcesz podzieli\u0107 si\u0119 ciekawym newsem lub zaproponowa\u0107 temat? Skontaktuj si\u0119 z nami, pisz\u0105c maila na adres: <a href=\"https:\/\/www.onet.pl\/styl-zycia\/plejada\/michal-bajor-zareagowal-na-wizyte-dody-i-rozenek-w-sejmie-tak-je-podsumowal\/mailto:plejada@redakcjaonet.pl\" id=\"6188dbe2-570b-4db4-8487-67d06039539d\" rel=\"nofollow noopener\" target=\"_blank\">plejada@redakcjaon<\/a><a rel=\"nofollow noopener\" href=\"http:\/\/et.pl\" id=\"e232834e-3d65-4382-97ea-682fd724d4f8\" target=\"_blank\">et.pl<\/a>.<\/p>\n<p><script async src=\"\/\/www.instagram.com\/embed.js\"><\/script><script async src=\"\/\/www.tiktok.com\/embed.js\"><\/script><\/p>\n","protected":false},"excerpt":{"rendered":"20 stycznia 2026 roku podczas posiedzenia Komisji Nadzwyczajnej ds. Ochrony Zwierz\u0105t w Sejmie dosz\u0142o do niespodziewanego spotkania dw\u00f3ch&hellip;\n","protected":false},"author":2,"featured_media":223563,"comment_status":"","ping_status":"","sticky":false,"template":"","format":"standard","meta":{"footnotes":""},"categories":[22],"tags":[7104,122,67,13374,1899,500,53,52,68,51,55,42,38,40,39,41,123,47,5930,39366,196,65,50,6509],"class_list":{"0":"post-223562","1":"post","2":"type-post","3":"status-publish","4":"format-standard","5":"has-post-thumbnail","7":"category-rozrywka","8":"tag-doda_piosenkarka_dorota_rabczewska","9":"tag-entertainment","10":"tag-intextvideo_splayer","11":"tag-m_glo_sticky_tst0","12":"tag-malgorzata_rozenek_majdan_dziennikarka","13":"tag-michal_bajor_aktor","14":"tag-new_header","15":"tag-onet3","16":"tag-onet3d","17":"tag-onet3d_2i","18":"tag-phx","19":"tag-pl","20":"tag-poland","21":"tag-polish","22":"tag-polska","23":"tag-polski","24":"tag-rozrywka","25":"tag-screening_general","26":"tag-sejm_rp_posel_poslanka_poslowie","27":"tag-sg_cleanup_tst0","28":"tag-styl_zycia","29":"tag-update_me","30":"tag-v2021","31":"tag-zwierzeta_zwierze"},"share_on_mastodon":{"url":"https:\/\/pubeurope.com\/@pl\/115952242225242435","error":""},"_links":{"self":[{"href":"https:\/\/www.europesays.com\/pl\/wp-json\/wp\/v2\/posts\/223562","targetHints":{"allow":["GET"]}}],"collection":[{"href":"https:\/\/www.europesays.com\/pl\/wp-json\/wp\/v2\/posts"}],"about":[{"href":"https:\/\/www.europesays.com\/pl\/wp-json\/wp\/v2\/types\/post"}],"author":[{"embeddable":true,"href":"https:\/\/www.europesays.com\/pl\/wp-json\/wp\/v2\/users\/2"}],"replies":[{"embeddable":true,"href":"https:\/\/www.europesays.com\/pl\/wp-json\/wp\/v2\/comments?post=223562"}],"version-history":[{"count":0,"href":"https:\/\/www.europesays.com\/pl\/wp-json\/wp\/v2\/posts\/223562\/revisions"}],"wp:featuredmedia":[{"embeddable":true,"href":"https:\/\/www.europesays.com\/pl\/wp-json\/wp\/v2\/media\/223563"}],"wp:attachment":[{"href":"https:\/\/www.europesays.com\/pl\/wp-json\/wp\/v2\/media?parent=223562"}],"wp:term":[{"taxonomy":"category","embeddable":true,"href":"https:\/\/www.europesays.com\/pl\/wp-json\/wp\/v2\/categories?post=223562"},{"taxonomy":"post_tag","embeddable":true,"href":"https:\/\/www.europesays.com\/pl\/wp-json\/wp\/v2\/tags?post=223562"}],"curies":[{"name":"wp","href":"https:\/\/api.w.org\/{rel}","templated":true}]}}