{"id":224001,"date":"2026-01-25T09:04:14","date_gmt":"2026-01-25T09:04:14","guid":{"rendered":"https:\/\/www.europesays.com\/pl\/224001\/"},"modified":"2026-01-25T09:04:14","modified_gmt":"2026-01-25T09:04:14","slug":"ashton-kutcher-zaskoczyl-wyznaniem-uwielbiam-polske-bylem-kilka-razy","status":"publish","type":"post","link":"https:\/\/www.europesays.com\/pl\/224001\/","title":{"rendered":"Ashton Kutcher zaskoczy\u0142 wyznaniem. &#8222;Uwielbiam Polsk\u0119! By\u0142em kilka razy&#8221;"},"content":{"rendered":"<p class=\"ods-c-paragraph \"><a href=\"https:\/\/plejada.pl\/temat\/ashton-kutcher-aktor\/5lj1k26\" id=\"98e36ae7-d908-45cf-b930-eee6023a3afc\" rel=\"nofollow noopener\" target=\"_blank\">Ashton Kutcher<\/a> wspomina\u0142 o swoich podr\u00f3\u017cach po Polsce. Aktor wyja\u015bni\u0142, \u017ce mia\u0142 okazj\u0119 odwiedzi\u0107 cztery r\u00f3\u017cne lokalizacje, w tym tereny wiejskie zwi\u0105zane z tradycj\u0105 chasydzk\u0105. Wspomina\u0142 r\u00f3wnie\u017c o pobycie w Warszawie, gdzie spotka\u0142 si\u0119 ze znajomymi. Anthony Ramos i Jeremy Pope, kt\u00f3rzy towarzyszyli mu podczas wywiadu, zareagowali na jego opowie\u015bci rozbawieniem. Aktor promowa\u0142 now\u0105 produkcj\u0119 &#8222;The Beauty&#8221;.<\/p>\n<blockquote class=\"ods-o-quota\">\n<p class=\"ods-o-quota__paragraph\">By\u0142em w Polsce kilka razy, uwielbiam Polsk\u0119!<\/p>\n<\/blockquote>\n<p class=\"ods-c-paragraph \">\u2014 zacz\u0105\u0142.<\/p>\n<p> Dalszy ci\u0105g artyku\u0142u pod materia\u0142em wideo    <\/p>\n<p> Ile razy Ashton Kutcher odwiedzi\u0142 Polsk\u0119? <\/p>\n<p> Jakie miejsca odwiedzi\u0142 Ashton Kutcher w Polsce? <\/p>\n<p> Co m\u00f3wi\u0142 Ashton Kutcher o swojej wizycie w Warszawie? <\/p>\n<p> Jakie wra\u017cenia mia\u0142 Ashton Kutcher z podr\u00f3\u017cy po Polsce? <\/p>\n<p>  Ashton Kutcher o swoich wizytach w Polsce<\/p>\n<p class=\"ods-c-paragraph \">Podczas rozmowy Kutcher zaznaczy\u0142, \u017ce Polska jest dla niego miejscem wyj\u0105tkowym. Aktor t\u0142umaczy\u0142, \u017ce chcia\u0142 poczu\u0107 energi\u0119 miejsc zwi\u0105zanych z wa\u017cnymi postaciami tradycji chasydzkiej.<\/p>\n<blockquote class=\"ods-o-quota\">\n<p class=\"ods-o-quota__paragraph\">Chyba odwiedzi\u0142em cztery r\u00f3\u017cne miejsca. To by\u0142y naprawd\u0119 bardzo wiejskie tereny, kt\u00f3re by\u0142y obszarami chasydzkimi, wywodz\u0105cymi si\u0119 z tradycji luria\u0144skiej. Pochowani s\u0105 tam bardzo wa\u017cni cadykowie i chcia\u0142em po prostu poczu\u0107 energi\u0119 tych miejsc i si\u0119 z ni\u0105 po\u0142\u0105czy\u0107<\/p>\n<\/blockquote>\n<p class=\"ods-c-paragraph \">\u2014 m\u00f3wi\u0142.<\/p>\n<p class=\"ods-c-paragraph \">W dalszej cz\u0119\u015bci rozmowy Kutcher opowiedzia\u0142 tak\u017ce o swojej wizycie w Warszawie, co spowodowa\u0142o \u015bmiech i seri\u0119 pyta\u0144 ze strony jego koleg\u00f3w. &#8222;By\u0142em na kolacji z kilkoma znajomymi. Dajcie mi spok\u00f3j&#8221; \u2014 skwitowa\u0142, gdy dopytywali: &#8222;Co tam robi\u0142?&#8221;.<\/p>\n<p class=\"ods-c-paragraph \">Dzi\u0119kujemy, \u017ce przeczyta\u0142a\u015b\/e\u015b nasz artyku\u0142 do ko\u0144ca. W serwisie Plejada.pl ka\u017cdego dnia piszemy o najwa\u017cniejszych wydarzeniach show-biznesowych. B\u0105d\u017a na bie\u017c\u0105co! <a rel=\"nofollow noopener\" href=\"https:\/\/profile.google.com\/cp\/Cg0vZy8xMWJ6X19wdHBx\" id=\"80c4cf4a-5eb7-453c-abdb-1bbaf84686e9\" target=\"_blank\">Obserwuj<\/a> Plejad\u0119 w Google. Odwied\u017a nas tak\u017ce na <a rel=\"nofollow noopener\" href=\"https:\/\/www.facebook.com\/plejadapl\" id=\"54e08cd2-8b80-405a-ab55-0f4d37af4238\" target=\"_blank\">Facebooku<\/a>, <a rel=\"nofollow noopener\" href=\"https:\/\/www.instagram.com\/plejadapl\/\" id=\"f718e66f-4281-4837-b92c-028e3e07f794\" target=\"_blank\">Instagramie<\/a>, <a rel=\"nofollow noopener\" href=\"https:\/\/www.youtube.com\/c\/plejada\" id=\"f72bdf04-bff3-4f96-b84e-1efd37f000a0\" target=\"_blank\">YouTubie<\/a> oraz <a rel=\"nofollow noopener\" href=\"https:\/\/www.tiktok.com\/@plejada_pl\" id=\"628d5567-e9c3-4fcd-966e-e11b5cef3966\" target=\"_blank\">TikToku<\/a>.<\/p>\n<p class=\"ods-c-paragraph \">Chcesz podzieli\u0107 si\u0119 ciekawym newsem lub zaproponowa\u0107 temat? Skontaktuj si\u0119 z nami, pisz\u0105c maila na adres: <a rel=\"nofollow noopener\" href=\"https:\/\/plejada.pl\/newsy\/ashton-kutcher-zaskoczyl-wyznaniem-uwielbiam-polske-bylem-kilka-razy\/mailto:plejada@redakcjaonet.pl\" id=\"141d7b44-162b-4452-ad3a-a0b0da471235\" target=\"_blank\">plejada@redakcjaon<\/a><a href=\"https:\/\/et.pl\" id=\"30648cff-ae73-4038-b913-9346f1f81f34\" rel=\"nofollow noopener\" target=\"_blank\">et.pl<\/a>.<\/p>\n<p><script async src=\"\/\/www.instagram.com\/embed.js\"><\/script><script async src=\"\/\/www.tiktok.com\/embed.js\"><\/script><\/p>\n","protected":false},"excerpt":{"rendered":"Ashton Kutcher wspomina\u0142 o swoich podr\u00f3\u017cach po Polsce. Aktor wyja\u015bni\u0142, \u017ce mia\u0142 okazj\u0119 odwiedzi\u0107 cztery r\u00f3\u017cne lokalizacje, w&hellip;\n","protected":false},"author":2,"featured_media":224002,"comment_status":"","ping_status":"","sticky":false,"template":"","format":"standard","meta":{"footnotes":""},"categories":[22],"tags":[38780,122,15034,48,125,46,42,38,40,39,41,123,47],"class_list":{"0":"post-224001","1":"post","2":"type-post","3":"status-publish","4":"format-standard","5":"has-post-thumbnail","7":"category-rozrywka","8":"tag-ashton_kutcher","9":"tag-entertainment","10":"tag-halo_tu_polsat","11":"tag-nat_styl","12":"tag-newsy","13":"tag-omp","14":"tag-pl","15":"tag-poland","16":"tag-polish","17":"tag-polska","18":"tag-polski","19":"tag-rozrywka","20":"tag-screening_general"},"share_on_mastodon":{"url":"https:\/\/pubeurope.com\/@pl\/115954939538726586","error":""},"_links":{"self":[{"href":"https:\/\/www.europesays.com\/pl\/wp-json\/wp\/v2\/posts\/224001","targetHints":{"allow":["GET"]}}],"collection":[{"href":"https:\/\/www.europesays.com\/pl\/wp-json\/wp\/v2\/posts"}],"about":[{"href":"https:\/\/www.europesays.com\/pl\/wp-json\/wp\/v2\/types\/post"}],"author":[{"embeddable":true,"href":"https:\/\/www.europesays.com\/pl\/wp-json\/wp\/v2\/users\/2"}],"replies":[{"embeddable":true,"href":"https:\/\/www.europesays.com\/pl\/wp-json\/wp\/v2\/comments?post=224001"}],"version-history":[{"count":0,"href":"https:\/\/www.europesays.com\/pl\/wp-json\/wp\/v2\/posts\/224001\/revisions"}],"wp:featuredmedia":[{"embeddable":true,"href":"https:\/\/www.europesays.com\/pl\/wp-json\/wp\/v2\/media\/224002"}],"wp:attachment":[{"href":"https:\/\/www.europesays.com\/pl\/wp-json\/wp\/v2\/media?parent=224001"}],"wp:term":[{"taxonomy":"category","embeddable":true,"href":"https:\/\/www.europesays.com\/pl\/wp-json\/wp\/v2\/categories?post=224001"},{"taxonomy":"post_tag","embeddable":true,"href":"https:\/\/www.europesays.com\/pl\/wp-json\/wp\/v2\/tags?post=224001"}],"curies":[{"name":"wp","href":"https:\/\/api.w.org\/{rel}","templated":true}]}}