{"id":224316,"date":"2026-01-25T13:01:08","date_gmt":"2026-01-25T13:01:08","guid":{"rendered":"https:\/\/www.europesays.com\/pl\/224316\/"},"modified":"2026-01-25T13:01:08","modified_gmt":"2026-01-25T13:01:08","slug":"nie-bedzie-hitu-z-djokoviciem-mloda-gwiazda-przekazala-zle-wiesci","status":"publish","type":"post","link":"https:\/\/www.europesays.com\/pl\/224316\/","title":{"rendered":"Nie b\u0119dzie hitu z Djokoviciem. M\u0142oda gwiazda przekaza\u0142a z\u0142e wie\u015bci"},"content":{"rendered":"\n<p class=\"contentpart contentpart--default contentpart--text\" data-position=\"0\">To mia\u0142o by\u0107 wydarzenie poniedzia\u0142kowej sesji wieczornej na Rod Laver Arena.\u00a0<a href=\"https:\/\/sportowefakty.wp.pl\/tenis\/jakub-mensik\" rel=\"nofollow noopener\" target=\"_blank\">Jakub Mensik<\/a>\u00a0mia\u0142 si\u0119 zmierzy\u0107 z\u00a0<a href=\"https:\/\/sportowefakty.wp.pl\/tenis\/novak-djokovic\" rel=\"nofollow noopener\" target=\"_blank\">Novakiem Djokoviciem<\/a>\u00a0po raz trzeci w karierze na zawodowych kortach. W przesz\u0142o\u015bci Czech by\u0142 bardzo niewygodnym rywalem dla utytu\u0142owanego Serba. W 2025 roku pokona\u0142 &#8222;Nole&#8221; w finale presti\u017cowej imprezy Miami Open.<\/p>\n<p class=\"contentpart contentpart--default contentpart--text\" data-position=\"1\">Ale do ich pojedynku w Melbourne nie dojdzie. 20-letni reprezentant naszych po\u0142udniowych s\u0105siad\u00f3w zg\u0142osi\u0142 kontuzj\u0119 mi\u0119\u015bni brzucha. W ostatnich dw\u00f3ch tygodniach sporo gra\u0142, poniewa\u017c przed przybyciem do stolicy australijskiego stanu Wiktoria triumfowa\u0142 w nowozelandzkim Auckland.<\/p>\n<p>  <img decoding=\"async\" src=\"https:\/\/v.wpimg.pl\/X3dwLnN2d1IFFTpdYUl6R0ZNbgcnEHQREVV2TGEGbUtRT2MdOlZ2RBQUKABgQjQcDRotCStBd1IAAWMeIlM7VgwYIAorQAdEFFk_GCkQJQ\" alt=\"\" width=\"45\" height=\"58\" loading=\"lazy\"\/>  <\/p>\n<p class=\"contentpart contentpart--default contentpart--text\" data-position=\"2\">ZOBACZ WIDEO: By\u0142y niemiecki pi\u0142karz zn\u00f3w to zrobi\u0142. Tak wybra\u0142 si\u0119 w g\u00f3ry<\/p>\n<p class=\"contentpart contentpart--default contentpart--text\" data-position=\"4\">&#8222;To bardzo trudne s\u0142owa do napisania. Po zrobieniu wszystkiego, co by\u0142o mo\u017cliwe, by gra\u0107 dalej, musz\u0119 wycofa\u0107 si\u0119 z Australian Open z powodu urazu mi\u0119\u015bnia brzucha, kt\u00f3ry nasila\u0142 si\u0119 w ostatnich meczach. Po d\u0142ugich rozmowach z moim zespo\u0142em i lekarzami podj\u0119li\u015bmy decyzj\u0119, \u017ce jutro nie wyjd\u0119 na kort&#8221; &#8211; przekaza\u0142 Mensik na Instagramie.<\/p>\n<p class=\"contentpart contentpart--default contentpart--text\" data-position=\"5\">&#8222;Cho\u0107 jest mi bardzo przykro, to awans do czwartej rundy po raz pierwszy w \u017cyciu jest czym\u015b, co zapami\u0119tam na d\u0142ugo. Czu\u0142em ogromn\u0105 energi\u0119 od kibic\u00f3w, a atmosfera w Melbourne by\u0142a naprawd\u0119 wyj\u0105tkowa&#8221; &#8211; doda\u0142 Czech.<\/p>\n<p class=\"contentpart contentpart--default contentpart--text\" data-position=\"6\">&#8222;Dzi\u0119kuj\u0119 mojemu zespo\u0142owi za to, \u017ce by\u0142 ze mn\u0105 na ka\u017cdym kroku, oraz wszystkim, kt\u00f3rzy wysy\u0142ali wiadomo\u015bci i dopingowali &#8211; to znaczy dla mnie wi\u0119cej, ni\u017c mo\u017cecie sobie wyobrazi\u0107. Teraz czas na odpowiedni\u0105 regeneracj\u0119&#8221; &#8211; zako\u0144czy\u0142 wpis m\u0142ody tenisista.<\/p>\n<p>  <img decoding=\"async\" src=\"https:\/\/v.wpimg.pl\/X3dwLnN2d1IFFTpdYUl6R0ZNbgcnEHQREVV2TGEGbUtRT2MdOlZ2RBQUKABgQjQcDRotCStBd1IAAWMeIlM7VgwYIAorQAdEFFk_GCkQJQ\" alt=\"\" width=\"45\" height=\"58\" loading=\"lazy\"\/>  <\/p>\n<p class=\"contentpart contentpart--default contentpart--text\" data-position=\"7\">Tym samym Djokovi\u0107 bez gry awansowa\u0142 do \u0107wier\u0107fina\u0142u wielkoszlemowego Australian Open 2026. W poniedzia\u0142ek b\u0119dzie oczekiwa\u0107 na przeciwnika, kt\u00f3rym b\u0119dzie Amerykanin\u00a0<a href=\"https:\/\/sportowefakty.wp.pl\/tenis\/taylor-fritz\" rel=\"nofollow noopener\" target=\"_blank\">Taylor Fritz<\/a>\u00a0lub W\u0142och\u00a0<a href=\"https:\/\/sportowefakty.wp.pl\/tenis\/lorenzo-musetti\" rel=\"nofollow noopener\" target=\"_blank\">Lorenzo Musetti<\/a>.<\/p>\n","protected":false},"excerpt":{"rendered":"To mia\u0142o by\u0107 wydarzenie poniedzia\u0142kowej sesji wieczornej na Rod Laver Arena.\u00a0Jakub Mensik\u00a0mia\u0142 si\u0119 zmierzy\u0107 z\u00a0Novakiem Djokoviciem\u00a0po raz trzeci&hellip;\n","protected":false},"author":2,"featured_media":224317,"comment_status":"","ping_status":"","sticky":false,"template":"","format":"standard","meta":{"footnotes":""},"categories":[24],"tags":[2080,995,31706,779,14105,37642,31705,9122,42,38,40,39,41,127,126,156,37628],"class_list":{"0":"post-224316","1":"post","2":"type-post","3":"status-publish","4":"format-standard","5":"has-post-thumbnail","7":"category-sport","8":"tag-atp","9":"tag-australia","10":"tag-australian-open","11":"tag-czechy","12":"tag-itf","13":"tag-jakub-mensik","14":"tag-melbourne","15":"tag-novak-djokovic","16":"tag-pl","17":"tag-poland","18":"tag-polish","19":"tag-polska","20":"tag-polski","21":"tag-sport","22":"tag-sports","23":"tag-tenis","24":"tag-wielki-szlem"},"share_on_mastodon":{"url":"https:\/\/pubeurope.com\/@pl\/115955871683540170","error":""},"_links":{"self":[{"href":"https:\/\/www.europesays.com\/pl\/wp-json\/wp\/v2\/posts\/224316","targetHints":{"allow":["GET"]}}],"collection":[{"href":"https:\/\/www.europesays.com\/pl\/wp-json\/wp\/v2\/posts"}],"about":[{"href":"https:\/\/www.europesays.com\/pl\/wp-json\/wp\/v2\/types\/post"}],"author":[{"embeddable":true,"href":"https:\/\/www.europesays.com\/pl\/wp-json\/wp\/v2\/users\/2"}],"replies":[{"embeddable":true,"href":"https:\/\/www.europesays.com\/pl\/wp-json\/wp\/v2\/comments?post=224316"}],"version-history":[{"count":0,"href":"https:\/\/www.europesays.com\/pl\/wp-json\/wp\/v2\/posts\/224316\/revisions"}],"wp:featuredmedia":[{"embeddable":true,"href":"https:\/\/www.europesays.com\/pl\/wp-json\/wp\/v2\/media\/224317"}],"wp:attachment":[{"href":"https:\/\/www.europesays.com\/pl\/wp-json\/wp\/v2\/media?parent=224316"}],"wp:term":[{"taxonomy":"category","embeddable":true,"href":"https:\/\/www.europesays.com\/pl\/wp-json\/wp\/v2\/categories?post=224316"},{"taxonomy":"post_tag","embeddable":true,"href":"https:\/\/www.europesays.com\/pl\/wp-json\/wp\/v2\/tags?post=224316"}],"curies":[{"name":"wp","href":"https:\/\/api.w.org\/{rel}","templated":true}]}}