{"id":224400,"date":"2026-01-25T14:02:04","date_gmt":"2026-01-25T14:02:04","guid":{"rendered":"https:\/\/www.europesays.com\/pl\/224400\/"},"modified":"2026-01-25T14:02:04","modified_gmt":"2026-01-25T14:02:04","slug":"zderzenie-samochodu-z-pociagiem-pod-warszawa-ewakuowano-kilkaset-osob-onet","status":"publish","type":"post","link":"https:\/\/www.europesays.com\/pl\/224400\/","title":{"rendered":"Zderzenie samochodu z poci\u0105giem pod Warszaw\u0105. Ewakuowano kilkaset os\u00f3b &#8211; Onet"},"content":{"rendered":"<ol>\n<li><a href=\"https:\/\/news.google.com\/rss\/articles\/CBMixAFBVV95cUxOcmVLdWdfQU1ZNmZoX1d6eWdPREZFZm0wQU10b3pJaXR1OGdVNW1OS1ZMQVBDTnhxeC15OS1QUi0xZmpOR25WdGtaN1B2YzRBSl9EcURjMmtSQ0xEUHJXeDB1ZHhUUUtkR3otTXBQTWVtdnpEVlE3RHVyU0RfOVJZNTlrUWhsRGpxTGpUejdXRXRjcGxqaG5oZE1peEFaenlwZVR6QkM3YXlFWmRTWU9IV3VlTG00dlBSMjFnUWZCYmdaSjNu?oc=5\" target=\"_blank\" rel=\"nofollow noopener\">Zderzenie samochodu z poci\u0105giem pod Warszaw\u0105. Ewakuowano kilkaset os\u00f3b<\/a>&nbsp;&nbsp;Onet<\/li>\n<li><a href=\"https:\/\/news.google.com\/rss\/articles\/CBMiswFBVV95cUxNcndlX01Id01YMHRnMzVaRXdfSlJwSVN2bWhJcGtIS1F5bU5oN0htZ3l1MzdJSHFGUkdEc21zZEdiZTRiT1J5SU1Ob0tMMHdQc3BTV0RZTzhwNzctVkwtMHZDMDhUNE14aS1KWXp2bDltTTA5azhkckYwc2NkaUs4LUxCYWZvM3pYRjlkVW8wZ1cwLVZoVmk4YmQ0dFl6RGR1RVNSZV9YQmEwamNGRXkwazk0WQ?oc=5\" target=\"_blank\" rel=\"nofollow noopener\">Poci\u0105g uderzy\u0142 w auto. Wybuch\u0142 po\u017car, ewakuowano 300 pasa\u017cer\u00f3w<\/a>&nbsp;&nbsp;TVN24<\/li>\n<li><a href=\"https:\/\/news.google.com\/rss\/articles\/CBMitgFBVV95cUxOZmRwZkE5aDZHNEpXUmo1N2RnRThGaEM3am5DSXdPSkpZTTFRQnY1NHJvNTNhNk9MZDVPeHEzaHBOMVZOUFdLSkdqWDZHQ1FpUDNDWkdWRUVnN0xSdUVBeXJpMjB6LXRSTk85NWNPNDBDOG5IXy1STjVvenFSS0pmdmJLTkhKUko0bGJ4UGpoWDBoakF3ZzBNa2pvcVctejNZZVo0MkFpNlFBaVVZQ2ZnVlJuTDNCQQ?oc=5\" target=\"_blank\" rel=\"nofollow noopener\">Gro\u017any wypadek pod Warszaw\u0105. Po\u017car po zderzeniu auta z poci\u0105giem<\/a>&nbsp;&nbsp;RMF24<\/li>\n<li><a href=\"https:\/\/news.google.com\/rss\/articles\/CBMixwFBVV95cUxQMlozdjlqc1FxMkpocHhJMjUtMjlubDRwbE13RlNKOVlOY05KcnVLZkkyemZaNFpDVXFKdjRQZFk0enQ0cWRBbnp4SWJJSm9JQ2FzZTNkdEd6YVVDbnBtMTgtRDcwY3ZNeGVVbDc0YU5iMHR1RVJMNGhtZmpOMUlNc0lKOGRDRHFNb1BleE1WMFZJSlJZNGtEYlUtNnctdGN6WExlV0ZWbWRoNUcwODI0UkJiTHc4VEVWMERHSjJJSVZuSjlJcHBR?oc=5\" target=\"_blank\" rel=\"nofollow noopener\">Wypadek kolejowy pod Warszaw\u0105. S\u0142u\u017cby ci\u0105gle na miejscu<\/a>&nbsp;&nbsp;Fakt<\/li>\n<li><a href=\"https:\/\/news.google.com\/rss\/articles\/CBMiuwFBVV95cUxPdF8wVTJmNklac2pjcERETlpKY2U0MF9oUWJzSWd1VWFpU3FmQVVFLWJLVDlkSHNaRE5hbDI3UUdoN2JkQzBvMjYyUzFaWGlQSXpTNmVPc2FMLXNxeDMxS3JmSnJ5M2Y4SkFjRVdxTlltRFBHMTFTcmhxTXJsTk5KaGV2VDJHSjFUNEVEdktVN0o2MXBDemdNSms5SXBiMHVaSmMxYVk5SS1KZEwzRENUcHJLaXdWdG95Y3F3?oc=5\" target=\"_blank\" rel=\"nofollow noopener\">Dwa poci\u0105gi Intercity uderzy\u0142y w ten sam samoch\u00f3d, kt\u00f3ry zatrzyma\u0142 si\u0119 na przeje\u017adzie<\/a>&nbsp;&nbsp;warszawa.wyborcza.pl<\/li>\n<\/ol>\n","protected":false},"excerpt":{"rendered":"Zderzenie samochodu z poci\u0105giem pod Warszaw\u0105. Ewakuowano kilkaset os\u00f3b&nbsp;&nbsp;Onet Poci\u0105g uderzy\u0142 w auto. Wybuch\u0142 po\u017car, ewakuowano 300 pasa\u017cer\u00f3w&nbsp;&nbsp;TVN24&hellip;\n","protected":false},"author":2,"featured_media":224401,"comment_status":"","ping_status":"","sticky":false,"template":"","format":"standard","meta":{"footnotes":""},"categories":[12],"tags":[32,33,36,37,27,67,353,34,35,28,31,53,25,52,68,51,55,42,38,40,39,41,47,29,30,65,50,26,2588],"class_list":{"0":"post-224400","1":"post","2":"type-post","3":"status-publish","4":"format-standard","5":"has-post-thumbnail","7":"category-polska","8":"tag-breaking-news","9":"tag-breakingnews","10":"tag-featured-news","11":"tag-featurednews","12":"tag-headlines","13":"tag-intextvideo_splayer","14":"tag-kolej_koleje_pociag_pociagi_kolejnictwo","15":"tag-latest-news","16":"tag-latestnews","17":"tag-naglowki","18":"tag-najwazniejsze-artykuly","19":"tag-new_header","20":"tag-news","21":"tag-onet3","22":"tag-onet3d","23":"tag-onet3d_2i","24":"tag-phx","25":"tag-pl","26":"tag-poland","27":"tag-polish","28":"tag-polska","29":"tag-polski","30":"tag-screening_general","31":"tag-top-stories","32":"tag-topstories","33":"tag-update_me","34":"tag-v2021","35":"tag-wiadomosci","36":"tag-wypadek"},"share_on_mastodon":{"url":"https:\/\/pubeurope.com\/@pl\/115956111353797587","error":""},"_links":{"self":[{"href":"https:\/\/www.europesays.com\/pl\/wp-json\/wp\/v2\/posts\/224400","targetHints":{"allow":["GET"]}}],"collection":[{"href":"https:\/\/www.europesays.com\/pl\/wp-json\/wp\/v2\/posts"}],"about":[{"href":"https:\/\/www.europesays.com\/pl\/wp-json\/wp\/v2\/types\/post"}],"author":[{"embeddable":true,"href":"https:\/\/www.europesays.com\/pl\/wp-json\/wp\/v2\/users\/2"}],"replies":[{"embeddable":true,"href":"https:\/\/www.europesays.com\/pl\/wp-json\/wp\/v2\/comments?post=224400"}],"version-history":[{"count":0,"href":"https:\/\/www.europesays.com\/pl\/wp-json\/wp\/v2\/posts\/224400\/revisions"}],"wp:featuredmedia":[{"embeddable":true,"href":"https:\/\/www.europesays.com\/pl\/wp-json\/wp\/v2\/media\/224401"}],"wp:attachment":[{"href":"https:\/\/www.europesays.com\/pl\/wp-json\/wp\/v2\/media?parent=224400"}],"wp:term":[{"taxonomy":"category","embeddable":true,"href":"https:\/\/www.europesays.com\/pl\/wp-json\/wp\/v2\/categories?post=224400"},{"taxonomy":"post_tag","embeddable":true,"href":"https:\/\/www.europesays.com\/pl\/wp-json\/wp\/v2\/tags?post=224400"}],"curies":[{"name":"wp","href":"https:\/\/api.w.org\/{rel}","templated":true}]}}